{"id":41372,"date":"2024-05-07T11:30:15","date_gmt":"2024-05-07T09:30:15","guid":{"rendered":"https:\/\/www.mivsrl.com\/camaras-frigorificas-en-supermercados\/"},"modified":"2025-01-19T11:13:34","modified_gmt":"2025-01-19T10:13:34","slug":"camaras-frigorificas-en-supermercados","status":"publish","type":"post","link":"https:\/\/www.mivsrl.com\/es\/camaras-frigorificas-en-supermercados\/","title":{"rendered":"C\u00e1maras frigor\u00edficas en supermercados"},"content":{"rendered":"\t\t<div data-elementor-type=\"wp-post\" data-elementor-id=\"41372\" class=\"elementor elementor-41372 elementor-20065\">\n\t\t\t\t\t\t<section class=\"elementor-section elementor-top-section elementor-element elementor-element-78a7b4b elementor-section-boxed elementor-section-height-default elementor-section-height-default wd-section-disabled\" data-id=\"78a7b4b\" data-element_type=\"section\" data-e-type=\"section\">\n\t\t\t\t\t\t<div class=\"elementor-container elementor-column-gap-default\">\n\t\t\t\t\t<div class=\"elementor-column elementor-col-100 elementor-top-column elementor-element elementor-element-6d74623\" data-id=\"6d74623\" data-element_type=\"column\" data-e-type=\"column\">\n\t\t\t<div class=\"elementor-widget-wrap elementor-element-populated\">\n\t\t\t\t\t\t<div class=\"elementor-element elementor-element-0b4600e elementor-widget elementor-widget-wd_title\" data-id=\"0b4600e\" data-element_type=\"widget\" data-e-type=\"widget\" data-widget_type=\"wd_title.default\">\n\t\t\t\t<div class=\"elementor-widget-container\">\n\t\t\t\t\t\t\t<div class=\"title-wrapper set-mb-s reset-last-child wd-title-color-default wd-title-style-default wd-title-size-default text-center\">\n\n\t\t\t\t\t\t\t<div class=\"title-subtitle subtitle-color-default subtitle-style-default wd-fontsize-xs\">\n\t\t\t\t\tPuertas para c\u00e1maras frigor\u00edficas MIV  \t\t\t\t<\/div>\n\t\t\t\n\t\t\t<div class=\"liner-continer\">\n\t\t\t\t<h4 class=\"woodmart-title-container title wd-fontsize-l\">Puertas para c\u00e1maras frigor\u00edficas de supermercados<\/h4> \n\t\t\t\t\t\t\t<\/div>\n\n\t\t\t\t\t\t\t<div class=\"title-after_title set-cont-mb-s reset-last-child wd-fontsize-xs\">\n\t\t\t\t\t<p>Gesti\u00f3n alimentaria en supermercados<\/p>\t\t\t\t<\/div>\n\t\t\t\t\t<\/div>\n\t\t\t\t\t\t<\/div>\n\t\t\t\t<\/div>\n\t\t\t\t\t<\/div>\n\t\t<\/div>\n\t\t\t\t\t<\/div>\n\t\t<\/section>\n\t\t\t\t<section class=\"elementor-section elementor-top-section elementor-element elementor-element-ad1779c elementor-section-boxed elementor-section-height-default elementor-section-height-default wd-section-disabled\" data-id=\"ad1779c\" data-element_type=\"section\" data-e-type=\"section\">\n\t\t\t\t\t\t<div class=\"elementor-container elementor-column-gap-default\">\n\t\t\t\t\t<div class=\"elementor-column elementor-col-100 elementor-top-column elementor-element elementor-element-c5f8d30\" data-id=\"c5f8d30\" data-element_type=\"column\" data-e-type=\"column\">\n\t\t\t<div class=\"elementor-widget-wrap elementor-element-populated\">\n\t\t\t\t\t\t<div class=\"elementor-element elementor-element-1634424 elementor-widget elementor-widget-wd_text_block\" data-id=\"1634424\" data-element_type=\"widget\" data-e-type=\"widget\" data-widget_type=\"wd_text_block.default\">\n\t\t\t\t<div class=\"elementor-widget-container\">\n\t\t\t\t\t\t\t<div class=\"wd-text-block reset-last-child text-left\">\n\t\t\t\n\t\t\t<p>Los supermercados tienen una gran variedad de mercanc\u00edas para almacenar y vender al por menor que deben almacenarse y mantenerse dentro de c\u00e1maras frigor\u00edficas para su correcta conservaci\u00f3n.<br>Por eso, la calidad de la c\u00e1mara y la puerta frigor\u00edficas es de vital importancia. Por supuesto, hay diferencias seg\u00fan el tipo de supermercado o centro log\u00edstico de fr\u00edo, que dependen del tama\u00f1o del local y de la variedad de productos alimentarios que se ofrezcan, pero el tipo de almacenamiento es el mismo. <\/p><p><span style=\"color: #7a7a7a; font-family: Roboto, sans-serif; font-size: 15.4px; font-style: normal; font-variant-ligatures: normal; font-variant-caps: normal; font-weight: 400; white-space-collapse: collapse; background-color: var(--wd-main-bgcolor);\">La cuesti\u00f3n principal, por tanto, es disponer de distintas c\u00e9lulas que puedan albergar distintos tipos de producto y \u00e9stas, siguiendo tanto la norma como las distintas certificaciones, necesitan entornos que a veces son completamente distintos entre s\u00ed.<\/span><\/p><p style=\"margin-bottom: var(--wd-tags-mb); font-style: normal; font-variant-ligatures: normal; font-variant-caps: normal; font-weight: 400; font-family: Roboto, sans-serif; font-size: 15.4px; color: #7a7a7a; white-space-collapse: collapse;\">Excluyendo la l\u00ednea fr\u00eda de baja temperatura, que afecta a los alimentos congelados y ultracongelados, envasados o a granel, para los que las c\u00e1maras frigor\u00edficas deben estar necesariamente calibradas a una temperatura de entre -18 y -25 \u00b0C para evitar que se inicie el proceso de deterioro del producto, todos los dem\u00e1s alimentos tienen temperaturas de almacenamiento permanentemente inferiores a +10 \u00b0C pero, y \u00e9sta es precisamente la caracter\u00edstica de los supermercados, \u00e9stas difieren seg\u00fan el tipo de mercanc\u00eda en s\u00f3lo dos o tres grados, lo que es esencial para la conservaci\u00f3n constante de los productos.<\/p>\n\t\t\t\t\t<\/div>\n\t\t\t\t\t\t<\/div>\n\t\t\t\t<\/div>\n\t\t\t\t\t<\/div>\n\t\t<\/div>\n\t\t\t\t\t<\/div>\n\t\t<\/section>\n\t\t\t\t<section class=\"elementor-section elementor-top-section elementor-element elementor-element-87d0121 elementor-section-boxed elementor-section-height-default elementor-section-height-default wd-section-disabled\" data-id=\"87d0121\" data-element_type=\"section\" data-e-type=\"section\">\n\t\t\t\t\t\t<div class=\"elementor-container elementor-column-gap-default\">\n\t\t\t\t\t<div class=\"elementor-column elementor-col-100 elementor-top-column elementor-element elementor-element-79fcc50\" data-id=\"79fcc50\" data-element_type=\"column\" data-e-type=\"column\">\n\t\t\t<div class=\"elementor-widget-wrap elementor-element-populated\">\n\t\t\t\t\t\t<div class=\"elementor-element elementor-element-6a477b3 elementor-widget elementor-widget-wd_text_block\" data-id=\"6a477b3\" data-element_type=\"widget\" data-e-type=\"widget\" data-widget_type=\"wd_text_block.default\">\n\t\t\t\t<div class=\"elementor-widget-container\">\n\t\t\t\t\t\t\t<div class=\"wd-text-block reset-last-child text-left\">\n\t\t\t\n\t\t\t<h2><strong>Temperaturas de manipulaci\u00f3n de alimentos en las c\u00e1maras frigor\u00edficas de los supermercados.  <\/strong><\/h2><p><img fetchpriority=\"high\" decoding=\"async\" class=\" wp-image-37820 alignleft\" src=\"https:\/\/www.mivsrl.com\/wp-content\/uploads\/2022\/02\/porte_per_celle_frigorifere_per_supermercati-300x300.webp\" alt=\"puertas_frigorificas_para_supermercados\" width=\"354\" height=\"354\" srcset=\"https:\/\/www.mivsrl.com\/wp-content\/uploads\/2022\/02\/porte_per_celle_frigorifere_per_supermercati-300x300.webp 300w, https:\/\/www.mivsrl.com\/wp-content\/uploads\/2022\/02\/porte_per_celle_frigorifere_per_supermercati-150x150.webp 150w, https:\/\/www.mivsrl.com\/wp-content\/uploads\/2022\/02\/porte_per_celle_frigorifere_per_supermercati-768x768.webp 768w, https:\/\/www.mivsrl.com\/wp-content\/uploads\/2022\/02\/porte_per_celle_frigorifere_per_supermercati-600x600.webp 600w, https:\/\/www.mivsrl.com\/wp-content\/uploads\/2022\/02\/porte_per_celle_frigorifere_per_supermercati.webp 1024w\" sizes=\"(max-width: 354px) 100vw, 354px\" \/>Tomemos como ejemplo la fruta y la verdura: tanto la fruta como la verdura pueden almacenarse a temperaturas m\u00e1s altas, de hasta 8 \u00b0C. Si no est\u00e1n en su estado natural, sino ya envasadas y listas para su uso (como las ensaladas embolsadas) o se van a almacenar para su uso fuera de temporada, hay que tener cuidado, ya que el almacenamiento requiere una temperatura m\u00e1s baja en este tipo de frutas y verduras. Entre 4 y 6 \u00b0C para las ya embolsadas y entre 2 y 4 \u00b0C para los productos fuera de temporada.  <\/p><p><span style=\"background-color: var(--wd-main-bgcolor); color: var(--wd-text-color); font-size: 15.4px;\">En un supermercado, tambi\u00e9n hay huevos y productos, que suelen ser frescos; este tipo de mercanc\u00edas necesitan una temperatura de almacenamiento que debe ser permanentemente inferior a 5 \u00b0C. A la misma temperatura, que puede estar entre 4 y 6 \u00b0C, pueden conservarse en cambio todos los embutidos y la leche con todos sus derivados, incluidos los quesos frescos. <\/span><\/p><p><span style=\"font-family: Roboto, sans-serif; font-size: 15.4px; font-style: normal; font-variant-ligatures: normal; font-variant-caps: normal; font-weight: 400; background-color: var(--wd-main-bgcolor); color: var(--wd-text-color);\">En cuanto a todos los tipos de carne (de ave, de pollo, de ternera, de cerdo), ya sea envasada o de venta libre, debe conservarse a 2 \u00b0C. Hay que hacer una excepci\u00f3n con el pescado fresco, para el que es preferible mantener la temperatura justo por encima de cero, entre 1 y 2 \u00b0C. <\/span><\/p><p><span style=\"font-size: 15.4px; background-color: var(--wd-main-bgcolor); color: var(--wd-text-color);\">Por tanto, se puede ver que el almac\u00e9n frigor\u00edfico tiene un valor fundamental para la conservaci\u00f3n de la cadena de fr\u00edo y el funcionamiento \u00f3ptimo del supermercado o centro log\u00edstico, y donde es indispensable la organizaci\u00f3n con varios almacenes frigor\u00edficos con diferentes temperaturas.<\/span><\/p>\n\t\t\t\t\t<\/div>\n\t\t\t\t\t\t<\/div>\n\t\t\t\t<\/div>\n\t\t\t\t\t<\/div>\n\t\t<\/div>\n\t\t\t\t\t<\/div>\n\t\t<\/section>\n\t\t\t\t<section class=\"elementor-section elementor-top-section elementor-element elementor-element-2991719 elementor-section-boxed elementor-section-height-default elementor-section-height-default wd-section-disabled\" data-id=\"2991719\" data-element_type=\"section\" data-e-type=\"section\">\n\t\t\t\t\t\t<div class=\"elementor-container elementor-column-gap-default\">\n\t\t\t\t\t\t<\/div>\n\t\t<\/section>\n\t\t\t\t<section class=\"elementor-section elementor-top-section elementor-element elementor-element-736c571 elementor-section-boxed elementor-section-height-default elementor-section-height-default wd-section-disabled\" data-id=\"736c571\" data-element_type=\"section\" data-e-type=\"section\">\n\t\t\t\t\t\t<div class=\"elementor-container elementor-column-gap-default\">\n\t\t\t\t\t\t<\/div>\n\t\t<\/section>\n\t\t\t\t<section class=\"elementor-section elementor-top-section elementor-element elementor-element-5c1ec28 elementor-section-boxed elementor-section-height-default elementor-section-height-default wd-section-disabled\" data-id=\"5c1ec28\" data-element_type=\"section\" data-e-type=\"section\">\n\t\t\t\t\t\t<div class=\"elementor-container elementor-column-gap-default\">\n\t\t\t\t\t\t<\/div>\n\t\t<\/section>\n\t\t\t\t<section class=\"elementor-section elementor-top-section elementor-element elementor-element-1bb7bab0 elementor-section-boxed elementor-section-height-default elementor-section-height-default wd-section-disabled\" data-id=\"1bb7bab0\" data-element_type=\"section\" data-e-type=\"section\">\n\t\t\t\t\t\t<div class=\"elementor-container elementor-column-gap-default\">\n\t\t\t\t\t<div class=\"elementor-column elementor-col-100 elementor-top-column elementor-element elementor-element-5da80c11\" data-id=\"5da80c11\" data-element_type=\"column\" data-e-type=\"column\">\n\t\t\t<div class=\"elementor-widget-wrap elementor-element-populated\">\n\t\t\t\t\t\t<div class=\"elementor-element elementor-element-2169a66b color-scheme-inherit text-left elementor-widget elementor-widget-text-editor\" data-id=\"2169a66b\" data-element_type=\"widget\" data-e-type=\"widget\" data-widget_type=\"text-editor.default\">\n\t\t\t\t<div class=\"elementor-widget-container\">\n\t\t\t\t\t\t\t\t\t<h2><strong>La importancia de las prec\u00e9lulas en las c\u00e1maras frigor\u00edficas de los supermercados.<\/strong> <\/h2>\n<p><span style=\"background-color: var(--wd-main-bgcolor); color: var( --e-global-color-text ); font-size: 15.4px;\">Adem\u00e1s, dada la tendencia a un considerable flujo y r\u00e1pida rotaci\u00f3n de mercanc\u00edas perecederas, la mayor\u00eda de las superficies frigor\u00edficas medianas y grandes necesitar\u00e1n disponer de una zona climatizada (precelda) delante de las c\u00e1maras frigor\u00edficas o de congelaci\u00f3n, utilizada como zona de despacho y distribuci\u00f3n, para la rotaci\u00f3n (entrada y salida) de mercanc\u00edas.<\/span><\/p>\n<p>Esta zona, que puede activarse tanto a la entrada, antes del almacenamiento, como a la salida, cuando la mercanc\u00eda se env\u00eda al punto de venta, tambi\u00e9n permite manipular aquellos alimentos que la ley considera perecederos, como los que llevan cobertura, como los pasteles rellenos (concretamente de nata o crema fresca de huevo y leche) y los yogures de todo tipo y formato.<\/p>\n<p>La zona dedicada, a una temperatura fijada en 10\/12 \u00b0C, permitir\u00e1 al personal realizar las operaciones de control y colocaci\u00f3n con mayor facilidad y rapidez. La manipulaci\u00f3n y colocaci\u00f3n regulares en los estantes de venta, que constituyen la base de la correcta gesti\u00f3n de la cadena de fr\u00edo, garantizar\u00e1n la <em>vida \u00fatil<\/em> del producto dentro del plazo m\u00ednimo de conservaci\u00f3n (TMC): la fecha en la que el producto alimentario en el estante conserva sus propiedades espec\u00edficas sin ning\u00fan riesgo para la salud del consumidor. <\/p>\n<p>Siguiendo por la senda de la conservaci\u00f3n, los supermercados y centros log\u00edsticos necesitan c\u00e1maras frigor\u00edficas que permitan almacenar y mantener los productos a temperaturas inferiores a 0 \u00b0C (BT Baja Temperatura). Ejemplos de almacenamiento a temperatura negativa son los helados, que requieren una temperatura de entre -10 y -12 \u00b0C, y los alimentos congelados, que deben mantenerse por debajo de los 18 \u00b0C por regla general <\/p>\n\t\t\t\t\t\t\t\t<\/div>\n\t\t\t\t<\/div>\n\t\t\t\t\t<\/div>\n\t\t<\/div>\n\t\t\t\t\t<\/div>\n\t\t<\/section>\n\t\t\t\t<section class=\"elementor-section elementor-top-section elementor-element elementor-element-7cf85aa elementor-section-boxed elementor-section-height-default elementor-section-height-default wd-section-disabled\" data-id=\"7cf85aa\" data-element_type=\"section\" data-e-type=\"section\">\n\t\t\t\t\t\t<div class=\"elementor-container elementor-column-gap-default\">\n\t\t\t\t\t<div class=\"elementor-column elementor-col-100 elementor-top-column elementor-element elementor-element-effa79f\" data-id=\"effa79f\" data-element_type=\"column\" data-e-type=\"column\">\n\t\t\t<div class=\"elementor-widget-wrap elementor-element-populated\">\n\t\t\t\t\t\t<div class=\"elementor-element elementor-element-d3767cb elementor-widget elementor-widget-wd_text_block\" data-id=\"d3767cb\" data-element_type=\"widget\" data-e-type=\"widget\" data-widget_type=\"wd_text_block.default\">\n\t\t\t\t<div class=\"elementor-widget-container\">\n\t\t\t\t\t\t\t<div class=\"wd-text-block reset-last-child text-left\">\n\t\t\t\n\t\t\t<h2><strong>Puertas de almacenamiento semiaisladas para espacios de procesamiento en c\u00e1maras frigor\u00edficas de supermercados.<\/strong><\/h2><p>Cualquiera que sea la necesidad en el punto de venta, en lo que se refiere a las c\u00e1maras frigor\u00edficas propiamente dichas, las puertas para temperatura positiva (Enfriadora) o negativa (Congeladora) est\u00e1n disponibles en versi\u00f3n amortiguadora, es decir, giratoria sobre bisagras, o corredera. En cambio, en las zonas de almacenamiento, las puertas semiaislantes de MIV Insulating Systems (puertas t\u00e9cnicas como los modelos Type Office y Come &amp; Go) permiten optimizar las temperaturas en las distintas zonas de procesamiento y, por tanto, ahorrar mucha energ\u00eda. En cuanto a las zonas de manipulaci\u00f3n, adem\u00e1s, las puertas r\u00e1pidas enrollables son la soluci\u00f3n ideal para todo tipo de operaciones y necesidades, incluso muy personalizadas.  <\/p>\n\t\t\t\t\t<\/div>\n\t\t\t\t\t\t<\/div>\n\t\t\t\t<\/div>\n\t\t\t\t\t<\/div>\n\t\t<\/div>\n\t\t\t\t\t<\/div>\n\t\t<\/section>\n\t\t\t\t<section class=\"elementor-section elementor-top-section elementor-element elementor-element-c209929 elementor-section-boxed elementor-section-height-default elementor-section-height-default wd-section-disabled\" data-id=\"c209929\" data-element_type=\"section\" data-e-type=\"section\">\n\t\t\t\t\t\t<div class=\"elementor-container elementor-column-gap-default\">\n\t\t\t\t\t<div class=\"elementor-column elementor-col-50 elementor-top-column elementor-element elementor-element-be9ea1e\" data-id=\"be9ea1e\" data-element_type=\"column\" data-e-type=\"column\">\n\t\t\t<div class=\"elementor-widget-wrap elementor-element-populated\">\n\t\t\t\t\t\t<div class=\"elementor-element elementor-element-8da1919 elementor-widget__width-auto color-scheme-inherit text-left elementor-widget elementor-widget-text-editor\" data-id=\"8da1919\" data-element_type=\"widget\" data-e-type=\"widget\" data-widget_type=\"text-editor.default\">\n\t\t\t\t<div class=\"elementor-widget-container\">\n\t\t\t\t\t\t\t\t\t<p>Puerta de la c\u00e1mara frigor\u00edfica Modelo<a href=\"https:\/\/www.mivsrl.com\/es\/prodotto\/puerta-semiaislante-tipo-de-oficina\/\"><strong> Tipo Oficina<\/strong><\/a><\/p>\n\t\t\t\t\t\t\t\t<\/div>\n\t\t\t\t<\/div>\n\t\t\t\t\t<\/div>\n\t\t<\/div>\n\t\t\t\t<div class=\"elementor-column elementor-col-50 elementor-top-column elementor-element elementor-element-f3838e2\" data-id=\"f3838e2\" data-element_type=\"column\" data-e-type=\"column\">\n\t\t\t<div class=\"elementor-widget-wrap elementor-element-populated\">\n\t\t\t\t\t\t<div class=\"elementor-element elementor-element-8252979 elementor-widget__width-auto color-scheme-inherit text-left elementor-widget elementor-widget-text-editor\" data-id=\"8252979\" data-element_type=\"widget\" data-e-type=\"widget\" data-widget_type=\"text-editor.default\">\n\t\t\t\t<div class=\"elementor-widget-container\">\n\t\t\t\t\t\t\t\t\t<p>Puerta precelular para c\u00e1maras frigor\u00edficas Modelo <a href=\"https:\/\/www.mivsrl.com\/es\/prodotto\/la-puerta-semiaislante-va-y-viene\/\"><strong>Ir y venir<\/strong><\/a><\/p>\n\t\t\t\t\t\t\t\t<\/div>\n\t\t\t\t<\/div>\n\t\t\t\t\t<\/div>\n\t\t<\/div>\n\t\t\t\t\t<\/div>\n\t\t<\/section>\n\t\t\t\t<section class=\"elementor-section elementor-top-section elementor-element elementor-element-f71879f elementor-section-boxed elementor-section-height-default elementor-section-height-default wd-section-disabled\" data-id=\"f71879f\" data-element_type=\"section\" data-e-type=\"section\">\n\t\t\t\t\t\t<div class=\"elementor-container elementor-column-gap-default\">\n\t\t\t\t\t<div class=\"elementor-column elementor-col-50 elementor-top-column elementor-element elementor-element-775d2b0\" data-id=\"775d2b0\" data-element_type=\"column\" data-e-type=\"column\">\n\t\t\t<div class=\"elementor-widget-wrap elementor-element-populated\">\n\t\t\t\t\t\t<div class=\"elementor-element elementor-element-eb4002a elementor-widget elementor-widget-wd_image_or_svg\" data-id=\"eb4002a\" data-element_type=\"widget\" data-e-type=\"widget\" data-widget_type=\"wd_image_or_svg.default\">\n\t\t\t\t<div class=\"elementor-widget-container\">\n\t\t\t\t\t\n\t\t<div class=\"wd-image text-left\">\n\t\t\t\t\t\t\t\t<img decoding=\"async\" width=\"1701\" height=\"1701\" src=\"https:\/\/www.mivsrl.com\/wp-content\/themes\/woodmart\/images\/lazy.png\" class=\"attachment-full size-full wp-image-37829 wd-lazy-load wd-lazy-fade\" alt=\"porta_per_celle_frigorifere_per_supermercato_tipo-ufficio\" srcset=\"\" sizes=\"(max-width: 1701px) 100vw, 1701px\" data-wood-src=\"https:\/\/www.mivsrl.com\/wp-content\/uploads\/2022\/02\/porta_per_celle_frigorifere_per_supermercato_tipo-ufficio.webp\" data-srcset=\"https:\/\/www.mivsrl.com\/wp-content\/uploads\/2022\/02\/porta_per_celle_frigorifere_per_supermercato_tipo-ufficio.webp 1701w, https:\/\/www.mivsrl.com\/wp-content\/uploads\/2022\/02\/porta_per_celle_frigorifere_per_supermercato_tipo-ufficio-300x300.webp 300w, https:\/\/www.mivsrl.com\/wp-content\/uploads\/2022\/02\/porta_per_celle_frigorifere_per_supermercato_tipo-ufficio-1024x1024.webp 1024w, https:\/\/www.mivsrl.com\/wp-content\/uploads\/2022\/02\/porta_per_celle_frigorifere_per_supermercato_tipo-ufficio-150x150.webp 150w, https:\/\/www.mivsrl.com\/wp-content\/uploads\/2022\/02\/porta_per_celle_frigorifere_per_supermercato_tipo-ufficio-768x768.webp 768w, https:\/\/www.mivsrl.com\/wp-content\/uploads\/2022\/02\/porta_per_celle_frigorifere_per_supermercato_tipo-ufficio-1536x1536.webp 1536w, https:\/\/www.mivsrl.com\/wp-content\/uploads\/2022\/02\/porta_per_celle_frigorifere_per_supermercato_tipo-ufficio-600x600.webp 600w\" \/>\t\t\t\t\t<\/div>\n\n\t\t\t\t\t\t<\/div>\n\t\t\t\t<\/div>\n\t\t\t\t\t<\/div>\n\t\t<\/div>\n\t\t\t\t<div class=\"elementor-column elementor-col-50 elementor-top-column elementor-element elementor-element-f33a7ce\" data-id=\"f33a7ce\" data-element_type=\"column\" data-e-type=\"column\">\n\t\t\t<div class=\"elementor-widget-wrap elementor-element-populated\">\n\t\t\t\t\t\t<div class=\"elementor-element elementor-element-d658501 elementor-widget elementor-widget-wd_image_or_svg\" data-id=\"d658501\" data-element_type=\"widget\" data-e-type=\"widget\" data-widget_type=\"wd_image_or_svg.default\">\n\t\t\t\t<div class=\"elementor-widget-container\">\n\t\t\t\t\t\n\t\t<div class=\"wd-image text-left\">\n\t\t\t\t\t\t\t\t<img decoding=\"async\" width=\"1984\" height=\"1984\" src=\"https:\/\/www.mivsrl.com\/wp-content\/themes\/woodmart\/images\/lazy.png\" class=\"attachment-full size-full wp-image-37832 wd-lazy-load wd-lazy-fade\" alt=\"porta_per_celle_frigorifere_per_supermercato_va-e-vieni\" srcset=\"\" sizes=\"(max-width: 1984px) 100vw, 1984px\" data-wood-src=\"https:\/\/www.mivsrl.com\/wp-content\/uploads\/2022\/02\/porta_per_celle_frigorifere_per_supermercato_va-e-vieni.webp\" data-srcset=\"https:\/\/www.mivsrl.com\/wp-content\/uploads\/2022\/02\/porta_per_celle_frigorifere_per_supermercato_va-e-vieni.webp 1984w, https:\/\/www.mivsrl.com\/wp-content\/uploads\/2022\/02\/porta_per_celle_frigorifere_per_supermercato_va-e-vieni-300x300.webp 300w, https:\/\/www.mivsrl.com\/wp-content\/uploads\/2022\/02\/porta_per_celle_frigorifere_per_supermercato_va-e-vieni-1024x1024.webp 1024w, https:\/\/www.mivsrl.com\/wp-content\/uploads\/2022\/02\/porta_per_celle_frigorifere_per_supermercato_va-e-vieni-150x150.webp 150w, https:\/\/www.mivsrl.com\/wp-content\/uploads\/2022\/02\/porta_per_celle_frigorifere_per_supermercato_va-e-vieni-768x768.webp 768w, https:\/\/www.mivsrl.com\/wp-content\/uploads\/2022\/02\/porta_per_celle_frigorifere_per_supermercato_va-e-vieni-1536x1536.webp 1536w, https:\/\/www.mivsrl.com\/wp-content\/uploads\/2022\/02\/porta_per_celle_frigorifere_per_supermercato_va-e-vieni-600x600.webp 600w\" \/>\t\t\t\t\t<\/div>\n\n\t\t\t\t\t\t<\/div>\n\t\t\t\t<\/div>\n\t\t\t\t\t<\/div>\n\t\t<\/div>\n\t\t\t\t\t<\/div>\n\t\t<\/section>\n\t\t\t\t<section class=\"elementor-section elementor-top-section elementor-element elementor-element-8746e42 elementor-section-boxed elementor-section-height-default elementor-section-height-default wd-section-disabled\" data-id=\"8746e42\" data-element_type=\"section\" data-e-type=\"section\">\n\t\t\t\t\t\t<div class=\"elementor-container elementor-column-gap-default\">\n\t\t\t\t\t<div class=\"elementor-column elementor-col-100 elementor-top-column elementor-element elementor-element-e715f69\" data-id=\"e715f69\" data-element_type=\"column\" data-e-type=\"column\">\n\t\t\t<div class=\"elementor-widget-wrap elementor-element-populated\">\n\t\t\t\t\t\t<div class=\"elementor-element elementor-element-8573f82 elementor-widget elementor-widget-wd_text_block\" data-id=\"8573f82\" data-element_type=\"widget\" data-e-type=\"widget\" data-widget_type=\"wd_text_block.default\">\n\t\t\t\t<div class=\"elementor-widget-container\">\n\t\t\t\t\t\t\t<div class=\"wd-text-block reset-last-child text-left\">\n\t\t\t\n\t\t\t<h3>Informaci\u00f3n de contacto de las puertas frigor\u00edficas de los supermercados.<\/h3><p><br><br><br>Para m\u00e1s informaci\u00f3n escr\u00edbenos en nuestro <a href=\"https:\/\/www.mivsrl.com\/es\/contactos-de-la-puerta-de-la-camara-frigorifica\/\">formulario de contacto<\/a>. Contacto whatsapp:<a href=\"https:\/\/api.whatsapp.com\/message\/BWKLO7GYVGFDK1\">https:\/\/api.whatsapp.com\/message\/BWKLO7GYVGFDK1<\/a> Enlace Facebook:<a href=\"https:\/\/www.facebook.com\/mivrefrigeration\">https:\/\/www.facebook.com\/mivrefrigeration<\/a> Enlace Linkedin:<a href=\"https:\/\/www.linkedin.com\/company\/mivinsulatingsystems\/mycompany\/?viewAsMember=true\">linkedin.com\/company\/mivinsulatingsystems<\/a><\/p>\n\t\t\t\t\t<\/div>\n\t\t\t\t\t\t<\/div>\n\t\t\t\t<\/div>\n\t\t\t\t\t<\/div>\n\t\t<\/div>\n\t\t\t\t\t<\/div>\n\t\t<\/section>\n\t\t\t\t<section class=\"elementor-section elementor-top-section elementor-element elementor-element-359b272 elementor-section-boxed elementor-section-height-default elementor-section-height-default wd-section-disabled\" data-id=\"359b272\" data-element_type=\"section\" data-e-type=\"section\">\n\t\t\t\t\t\t<div class=\"elementor-container elementor-column-gap-default\">\n\t\t\t\t\t\t<\/div>\n\t\t<\/section>\n\t\t\t\t<section class=\"elementor-section elementor-top-section elementor-element elementor-element-bd6c14e elementor-section-boxed elementor-section-height-default elementor-section-height-default wd-section-disabled\" data-id=\"bd6c14e\" data-element_type=\"section\" data-e-type=\"section\">\n\t\t\t\t\t\t<div class=\"elementor-container elementor-column-gap-default\">\n\t\t\t\t\t\t<\/div>\n\t\t<\/section>\n\t\t\t\t<\/div>\n\t\t","protected":false},"excerpt":{"rendered":"<p>La importancia de las puertas frigor\u00edficas industriales, utilizadas en el almacenamiento de alimentos en los supermercados.  <\/p>\n","protected":false},"author":1,"featured_media":41376,"comment_status":"closed","ping_status":"closed","sticky":false,"template":"","format":"standard","meta":{"footnotes":""},"categories":[581],"tags":[653,664,692,693,694,695],"class_list":["post-41372","post","type-post","status-publish","format-standard","has-post-thumbnail","hentry","category-noticias","tag-puertas","tag-puertas-para-camaras-frigorificas","tag-puertas-para-camaras-frigorificas-de-supermercados","tag-supermercados","tag-puertas-de-enfriadoras","tag-puertas-frezeer"],"yoast_head":"<!-- This site is optimized with the Yoast SEO plugin v27.4 - https:\/\/yoast.com\/product\/yoast-seo-wordpress\/ -->\n<title>C\u00e1maras frigor\u00edficas en supermercados - Miv Insulating Systems<\/title>\n<meta name=\"description\" content=\"La importancia de las puertas frigor\u00edficas industriales, utilizadas en el almacenamiento de alimentos en los supermercados.\" \/>\n<meta name=\"robots\" content=\"index, follow, max-snippet:-1, max-image-preview:large, max-video-preview:-1\" \/>\n<link rel=\"canonical\" href=\"https:\/\/www.mivsrl.com\/es\/camaras-frigorificas-en-supermercados\/\" \/>\n<meta property=\"og:locale\" content=\"es_ES\" \/>\n<meta property=\"og:type\" content=\"article\" \/>\n<meta property=\"og:title\" content=\"C\u00e1maras frigor\u00edficas en supermercados - Miv Insulating Systems\" \/>\n<meta property=\"og:description\" content=\"La importancia de las puertas frigor\u00edficas industriales, utilizadas en el almacenamiento de alimentos en los supermercados.\" \/>\n<meta property=\"og:url\" content=\"https:\/\/www.mivsrl.com\/es\/camaras-frigorificas-en-supermercados\/\" \/>\n<meta property=\"og:site_name\" content=\"Miv Insulating Systems\" \/>\n<meta property=\"article:publisher\" content=\"https:\/\/www.facebook.com\/mivrefrigeration\" \/>\n<meta property=\"article:published_time\" content=\"2024-05-07T09:30:15+00:00\" \/>\n<meta property=\"article:modified_time\" content=\"2025-01-19T10:13:34+00:00\" \/>\n<meta property=\"og:image\" content=\"https:\/\/www.mivsrl.com\/wp-content\/uploads\/2022\/02\/porta_per_celle_frigorifere_per_supermercato_1.jpg\" \/>\n\t<meta property=\"og:image:width\" content=\"1600\" \/>\n\t<meta property=\"og:image:height\" content=\"1200\" \/>\n\t<meta property=\"og:image:type\" content=\"image\/jpeg\" \/>\n<meta name=\"author\" content=\"Miv srl\" \/>\n<meta name=\"twitter:card\" content=\"summary_large_image\" \/>\n<meta name=\"twitter:label1\" content=\"Escrito por\" \/>\n\t<meta name=\"twitter:data1\" content=\"Miv srl\" \/>\n\t<meta name=\"twitter:label2\" content=\"Tiempo de lectura\" \/>\n\t<meta name=\"twitter:data2\" content=\"5 minutos\" \/>\n<script type=\"application\/ld+json\" class=\"yoast-schema-graph\">{\"@context\":\"https:\\\/\\\/schema.org\",\"@graph\":[{\"@type\":\"Article\",\"@id\":\"https:\\\/\\\/www.mivsrl.com\\\/es\\\/camaras-frigorificas-en-supermercados\\\/#article\",\"isPartOf\":{\"@id\":\"https:\\\/\\\/www.mivsrl.com\\\/es\\\/camaras-frigorificas-en-supermercados\\\/\"},\"author\":{\"name\":\"Miv srl\",\"@id\":\"https:\\\/\\\/www.mivsrl.com\\\/es\\\/#\\\/schema\\\/person\\\/8154812948a91d51492f3e4a37c9ef70\"},\"headline\":\"C\u00e1maras frigor\u00edficas en supermercados\",\"datePublished\":\"2024-05-07T09:30:15+00:00\",\"dateModified\":\"2025-01-19T10:13:34+00:00\",\"mainEntityOfPage\":{\"@id\":\"https:\\\/\\\/www.mivsrl.com\\\/es\\\/camaras-frigorificas-en-supermercados\\\/\"},\"wordCount\":1038,\"image\":{\"@id\":\"https:\\\/\\\/www.mivsrl.com\\\/es\\\/camaras-frigorificas-en-supermercados\\\/#primaryimage\"},\"thumbnailUrl\":\"https:\\\/\\\/www.mivsrl.com\\\/wp-content\\\/uploads\\\/2022\\\/02\\\/porta_per_celle_frigorifere_per_supermercato_1.jpg\",\"keywords\":[\"puertas\",\"puertas para c\u00e1maras frigor\u00edficas\",\"Puertas para c\u00e1maras frigor\u00edficas de supermercados\",\"supermercados\",\"Puertas de enfriadoras\",\"Puertas Frezeer\"],\"articleSection\":[\"Noticias\"],\"inLanguage\":\"es\"},{\"@type\":\"WebPage\",\"@id\":\"https:\\\/\\\/www.mivsrl.com\\\/es\\\/camaras-frigorificas-en-supermercados\\\/\",\"url\":\"https:\\\/\\\/www.mivsrl.com\\\/es\\\/camaras-frigorificas-en-supermercados\\\/\",\"name\":\"C\u00e1maras frigor\u00edficas en supermercados - Miv Insulating Systems\",\"isPartOf\":{\"@id\":\"https:\\\/\\\/www.mivsrl.com\\\/es\\\/#website\"},\"primaryImageOfPage\":{\"@id\":\"https:\\\/\\\/www.mivsrl.com\\\/es\\\/camaras-frigorificas-en-supermercados\\\/#primaryimage\"},\"image\":{\"@id\":\"https:\\\/\\\/www.mivsrl.com\\\/es\\\/camaras-frigorificas-en-supermercados\\\/#primaryimage\"},\"thumbnailUrl\":\"https:\\\/\\\/www.mivsrl.com\\\/wp-content\\\/uploads\\\/2022\\\/02\\\/porta_per_celle_frigorifere_per_supermercato_1.jpg\",\"datePublished\":\"2024-05-07T09:30:15+00:00\",\"dateModified\":\"2025-01-19T10:13:34+00:00\",\"author\":{\"@id\":\"https:\\\/\\\/www.mivsrl.com\\\/es\\\/#\\\/schema\\\/person\\\/8154812948a91d51492f3e4a37c9ef70\"},\"description\":\"La importancia de las puertas frigor\u00edficas industriales, utilizadas en el almacenamiento de alimentos en los supermercados.\",\"breadcrumb\":{\"@id\":\"https:\\\/\\\/www.mivsrl.com\\\/es\\\/camaras-frigorificas-en-supermercados\\\/#breadcrumb\"},\"inLanguage\":\"es\",\"potentialAction\":[{\"@type\":\"ReadAction\",\"target\":[\"https:\\\/\\\/www.mivsrl.com\\\/es\\\/camaras-frigorificas-en-supermercados\\\/\"]}]},{\"@type\":\"ImageObject\",\"inLanguage\":\"es\",\"@id\":\"https:\\\/\\\/www.mivsrl.com\\\/es\\\/camaras-frigorificas-en-supermercados\\\/#primaryimage\",\"url\":\"https:\\\/\\\/www.mivsrl.com\\\/wp-content\\\/uploads\\\/2022\\\/02\\\/porta_per_celle_frigorifere_per_supermercato_1.jpg\",\"contentUrl\":\"https:\\\/\\\/www.mivsrl.com\\\/wp-content\\\/uploads\\\/2022\\\/02\\\/porta_per_celle_frigorifere_per_supermercato_1.jpg\",\"width\":1600,\"height\":1200,\"caption\":\"porta_per_celle_frigorifere_per_supermercato_1\"},{\"@type\":\"BreadcrumbList\",\"@id\":\"https:\\\/\\\/www.mivsrl.com\\\/es\\\/camaras-frigorificas-en-supermercados\\\/#breadcrumb\",\"itemListElement\":[{\"@type\":\"ListItem\",\"position\":1,\"name\":\"Home\",\"item\":\"https:\\\/\\\/www.mivsrl.com\\\/es\\\/\"},{\"@type\":\"ListItem\",\"position\":2,\"name\":\"C\u00e1maras frigor\u00edficas en supermercados\"}]},{\"@type\":\"WebSite\",\"@id\":\"https:\\\/\\\/www.mivsrl.com\\\/es\\\/#website\",\"url\":\"https:\\\/\\\/www.mivsrl.com\\\/es\\\/\",\"name\":\"Miv Insulating Systems\",\"description\":\"Produzione di porte e accessori per celle frigorifere\",\"potentialAction\":[{\"@type\":\"SearchAction\",\"target\":{\"@type\":\"EntryPoint\",\"urlTemplate\":\"https:\\\/\\\/www.mivsrl.com\\\/es\\\/?s={search_term_string}\"},\"query-input\":{\"@type\":\"PropertyValueSpecification\",\"valueRequired\":true,\"valueName\":\"search_term_string\"}}],\"inLanguage\":\"es\"},{\"@type\":\"Person\",\"@id\":\"https:\\\/\\\/www.mivsrl.com\\\/es\\\/#\\\/schema\\\/person\\\/8154812948a91d51492f3e4a37c9ef70\",\"name\":\"Miv srl\",\"image\":{\"@type\":\"ImageObject\",\"inLanguage\":\"es\",\"@id\":\"https:\\\/\\\/secure.gravatar.com\\\/avatar\\\/f8f9b8d309b2fe0638a69c52e43af3a71aee5bd3880b767b71bcac00c2aaa532?s=96&d=mm&r=g\",\"url\":\"https:\\\/\\\/secure.gravatar.com\\\/avatar\\\/f8f9b8d309b2fe0638a69c52e43af3a71aee5bd3880b767b71bcac00c2aaa532?s=96&d=mm&r=g\",\"contentUrl\":\"https:\\\/\\\/secure.gravatar.com\\\/avatar\\\/f8f9b8d309b2fe0638a69c52e43af3a71aee5bd3880b767b71bcac00c2aaa532?s=96&d=mm&r=g\",\"caption\":\"Miv srl\"},\"sameAs\":[\"https:\\\/\\\/www.mivsrl.com\"],\"url\":\"https:\\\/\\\/www.mivsrl.com\\\/es\\\/author\\\/produzione-di-porte-e-accessori-per-celle-frigorif\\\/\"}]}<\/script>\n<!-- \/ Yoast SEO plugin. -->","yoast_head_json":{"title":"C\u00e1maras frigor\u00edficas en supermercados - Miv Insulating Systems","description":"La importancia de las puertas frigor\u00edficas industriales, utilizadas en el almacenamiento de alimentos en los supermercados.","robots":{"index":"index","follow":"follow","max-snippet":"max-snippet:-1","max-image-preview":"max-image-preview:large","max-video-preview":"max-video-preview:-1"},"canonical":"https:\/\/www.mivsrl.com\/es\/camaras-frigorificas-en-supermercados\/","og_locale":"es_ES","og_type":"article","og_title":"C\u00e1maras frigor\u00edficas en supermercados - Miv Insulating Systems","og_description":"La importancia de las puertas frigor\u00edficas industriales, utilizadas en el almacenamiento de alimentos en los supermercados.","og_url":"https:\/\/www.mivsrl.com\/es\/camaras-frigorificas-en-supermercados\/","og_site_name":"Miv Insulating Systems","article_publisher":"https:\/\/www.facebook.com\/mivrefrigeration","article_published_time":"2024-05-07T09:30:15+00:00","article_modified_time":"2025-01-19T10:13:34+00:00","og_image":[{"width":1600,"height":1200,"url":"https:\/\/www.mivsrl.com\/wp-content\/uploads\/2022\/02\/porta_per_celle_frigorifere_per_supermercato_1.jpg","type":"image\/jpeg"}],"author":"Miv srl","twitter_card":"summary_large_image","twitter_misc":{"Escrito por":"Miv srl","Tiempo de lectura":"5 minutos"},"schema":{"@context":"https:\/\/schema.org","@graph":[{"@type":"Article","@id":"https:\/\/www.mivsrl.com\/es\/camaras-frigorificas-en-supermercados\/#article","isPartOf":{"@id":"https:\/\/www.mivsrl.com\/es\/camaras-frigorificas-en-supermercados\/"},"author":{"name":"Miv srl","@id":"https:\/\/www.mivsrl.com\/es\/#\/schema\/person\/8154812948a91d51492f3e4a37c9ef70"},"headline":"C\u00e1maras frigor\u00edficas en supermercados","datePublished":"2024-05-07T09:30:15+00:00","dateModified":"2025-01-19T10:13:34+00:00","mainEntityOfPage":{"@id":"https:\/\/www.mivsrl.com\/es\/camaras-frigorificas-en-supermercados\/"},"wordCount":1038,"image":{"@id":"https:\/\/www.mivsrl.com\/es\/camaras-frigorificas-en-supermercados\/#primaryimage"},"thumbnailUrl":"https:\/\/www.mivsrl.com\/wp-content\/uploads\/2022\/02\/porta_per_celle_frigorifere_per_supermercato_1.jpg","keywords":["puertas","puertas para c\u00e1maras frigor\u00edficas","Puertas para c\u00e1maras frigor\u00edficas de supermercados","supermercados","Puertas de enfriadoras","Puertas Frezeer"],"articleSection":["Noticias"],"inLanguage":"es"},{"@type":"WebPage","@id":"https:\/\/www.mivsrl.com\/es\/camaras-frigorificas-en-supermercados\/","url":"https:\/\/www.mivsrl.com\/es\/camaras-frigorificas-en-supermercados\/","name":"C\u00e1maras frigor\u00edficas en supermercados - Miv Insulating Systems","isPartOf":{"@id":"https:\/\/www.mivsrl.com\/es\/#website"},"primaryImageOfPage":{"@id":"https:\/\/www.mivsrl.com\/es\/camaras-frigorificas-en-supermercados\/#primaryimage"},"image":{"@id":"https:\/\/www.mivsrl.com\/es\/camaras-frigorificas-en-supermercados\/#primaryimage"},"thumbnailUrl":"https:\/\/www.mivsrl.com\/wp-content\/uploads\/2022\/02\/porta_per_celle_frigorifere_per_supermercato_1.jpg","datePublished":"2024-05-07T09:30:15+00:00","dateModified":"2025-01-19T10:13:34+00:00","author":{"@id":"https:\/\/www.mivsrl.com\/es\/#\/schema\/person\/8154812948a91d51492f3e4a37c9ef70"},"description":"La importancia de las puertas frigor\u00edficas industriales, utilizadas en el almacenamiento de alimentos en los supermercados.","breadcrumb":{"@id":"https:\/\/www.mivsrl.com\/es\/camaras-frigorificas-en-supermercados\/#breadcrumb"},"inLanguage":"es","potentialAction":[{"@type":"ReadAction","target":["https:\/\/www.mivsrl.com\/es\/camaras-frigorificas-en-supermercados\/"]}]},{"@type":"ImageObject","inLanguage":"es","@id":"https:\/\/www.mivsrl.com\/es\/camaras-frigorificas-en-supermercados\/#primaryimage","url":"https:\/\/www.mivsrl.com\/wp-content\/uploads\/2022\/02\/porta_per_celle_frigorifere_per_supermercato_1.jpg","contentUrl":"https:\/\/www.mivsrl.com\/wp-content\/uploads\/2022\/02\/porta_per_celle_frigorifere_per_supermercato_1.jpg","width":1600,"height":1200,"caption":"porta_per_celle_frigorifere_per_supermercato_1"},{"@type":"BreadcrumbList","@id":"https:\/\/www.mivsrl.com\/es\/camaras-frigorificas-en-supermercados\/#breadcrumb","itemListElement":[{"@type":"ListItem","position":1,"name":"Home","item":"https:\/\/www.mivsrl.com\/es\/"},{"@type":"ListItem","position":2,"name":"C\u00e1maras frigor\u00edficas en supermercados"}]},{"@type":"WebSite","@id":"https:\/\/www.mivsrl.com\/es\/#website","url":"https:\/\/www.mivsrl.com\/es\/","name":"Miv Insulating Systems","description":"Produzione di porte e accessori per celle frigorifere","potentialAction":[{"@type":"SearchAction","target":{"@type":"EntryPoint","urlTemplate":"https:\/\/www.mivsrl.com\/es\/?s={search_term_string}"},"query-input":{"@type":"PropertyValueSpecification","valueRequired":true,"valueName":"search_term_string"}}],"inLanguage":"es"},{"@type":"Person","@id":"https:\/\/www.mivsrl.com\/es\/#\/schema\/person\/8154812948a91d51492f3e4a37c9ef70","name":"Miv srl","image":{"@type":"ImageObject","inLanguage":"es","@id":"https:\/\/secure.gravatar.com\/avatar\/f8f9b8d309b2fe0638a69c52e43af3a71aee5bd3880b767b71bcac00c2aaa532?s=96&d=mm&r=g","url":"https:\/\/secure.gravatar.com\/avatar\/f8f9b8d309b2fe0638a69c52e43af3a71aee5bd3880b767b71bcac00c2aaa532?s=96&d=mm&r=g","contentUrl":"https:\/\/secure.gravatar.com\/avatar\/f8f9b8d309b2fe0638a69c52e43af3a71aee5bd3880b767b71bcac00c2aaa532?s=96&d=mm&r=g","caption":"Miv srl"},"sameAs":["https:\/\/www.mivsrl.com"],"url":"https:\/\/www.mivsrl.com\/es\/author\/produzione-di-porte-e-accessori-per-celle-frigorif\/"}]}},"_links":{"self":[{"href":"https:\/\/www.mivsrl.com\/es\/wp-json\/wp\/v2\/posts\/41372","targetHints":{"allow":["GET"]}}],"collection":[{"href":"https:\/\/www.mivsrl.com\/es\/wp-json\/wp\/v2\/posts"}],"about":[{"href":"https:\/\/www.mivsrl.com\/es\/wp-json\/wp\/v2\/types\/post"}],"author":[{"embeddable":true,"href":"https:\/\/www.mivsrl.com\/es\/wp-json\/wp\/v2\/users\/1"}],"replies":[{"embeddable":true,"href":"https:\/\/www.mivsrl.com\/es\/wp-json\/wp\/v2\/comments?post=41372"}],"version-history":[{"count":0,"href":"https:\/\/www.mivsrl.com\/es\/wp-json\/wp\/v2\/posts\/41372\/revisions"}],"wp:featuredmedia":[{"embeddable":true,"href":"https:\/\/www.mivsrl.com\/es\/wp-json\/wp\/v2\/media\/41376"}],"wp:attachment":[{"href":"https:\/\/www.mivsrl.com\/es\/wp-json\/wp\/v2\/media?parent=41372"}],"wp:term":[{"taxonomy":"category","embeddable":true,"href":"https:\/\/www.mivsrl.com\/es\/wp-json\/wp\/v2\/categories?post=41372"},{"taxonomy":"post_tag","embeddable":true,"href":"https:\/\/www.mivsrl.com\/es\/wp-json\/wp\/v2\/tags?post=41372"}],"curies":[{"name":"wp","href":"https:\/\/api.w.org\/{rel}","templated":true}]}}