{"id":41385,"date":"2023-12-11T10:51:06","date_gmt":"2023-12-11T09:51:06","guid":{"rendered":"https:\/\/www.mivsrl.com\/el-uso-de-camaras-frigorificas-en-los-mataderos\/"},"modified":"2025-01-19T11:15:03","modified_gmt":"2025-01-19T10:15:03","slug":"el-uso-de-camaras-frigorificas-en-los-mataderos","status":"publish","type":"post","link":"https:\/\/www.mivsrl.com\/es\/el-uso-de-camaras-frigorificas-en-los-mataderos\/","title":{"rendered":"El uso de c\u00e1maras frigor\u00edficas en los mataderos"},"content":{"rendered":"\t\t<div data-elementor-type=\"wp-post\" data-elementor-id=\"41385\" class=\"elementor elementor-41385 elementor-20072\">\n\t\t\t\t\t\t<section class=\"wd-negative-gap elementor-section elementor-top-section elementor-element elementor-element-1bb7bab0 elementor-section-boxed elementor-section-height-default elementor-section-height-default wd-section-disabled\" data-id=\"1bb7bab0\" data-element_type=\"section\" data-e-type=\"section\">\n\t\t\t\t\t\t<div class=\"elementor-container elementor-column-gap-default\">\n\t\t\t\t\t<div class=\"elementor-column elementor-col-100 elementor-top-column elementor-element elementor-element-5da80c11\" data-id=\"5da80c11\" data-element_type=\"column\" data-e-type=\"column\">\n\t\t\t<div class=\"elementor-widget-wrap elementor-element-populated\">\n\t\t\t\t\t\t<div class=\"elementor-element elementor-element-2169a66b color-scheme-inherit text-left elementor-widget elementor-widget-text-editor\" data-id=\"2169a66b\" data-element_type=\"widget\" data-e-type=\"widget\" data-widget_type=\"text-editor.default\">\n\t\t\t\t<div class=\"elementor-widget-container\">\n\t\t\t\t\t\t\t\t\t<p>Las c\u00e1maras frigor\u00edficas son un elemento indispensable dentro del proceso de sacrificio de la carne en todas sus fases hasta el env\u00edo en camiones frigor\u00edficos a los destinos finales.<\/p>\n<p>El primer paso es el enfriamiento r\u00e1pido de la carne sacrificada en una c\u00e1mara frigor\u00edfica especial programada para que las canales alcancen temperaturas de entre 4 y 5 \u00b0C en un m\u00e1ximo de 24 horas, y luego se mantengan a una temperatura de entre 0 y -2 \u00b0C con un valor de humedad de alrededor del 90%.<\/p>\n<p>Es crucial la recirculaci\u00f3n del aire dentro de las celdas, que debe tener un caudal de aire no superior a 25 Vo\/h (volumen\/hora) y no debe estar en contacto directo con los propios cad\u00e1veres.<\/p>\n<p>El segundo paso es el almacenamiento de la carne fresca; en este caso, manteniendo los valores anteriores de temperatura y recirculaci\u00f3n de aire, el par\u00e1metro que cambia es el de la humedad, que no debe ser inferior al 85% para evitar que la carne pierda peso, pero tampoco debe ser demasiado alta, ya que se correr\u00eda el riesgo de que la superficie de la carne se volviera viscosa.<\/p>\n<p>En consecuencia, las c\u00e1maras frigor\u00edficas que se instalan en el interior de los mataderos deben tener una capacidad volum\u00e9trica adecuada al potencial m\u00e1ximo de producci\u00f3n de la planta; de este modo, pueden garantizar tanto la r\u00e1pida consecuci\u00f3n (y el consiguiente mantenimiento) de las temperaturas establecidas para la carne despu\u00e9s de su sacrificio, como una perfecta eliminaci\u00f3n del producto incluso en caso de sobreprocesado, a fin de asegurar en todo momento su genuinidad.<\/p>\n<p>De hecho, los dispositivos de refrigeraci\u00f3n deben ser, por regla general, tanto en n\u00famero como en capacidad adecuados a la cantidad real de sacrificios en su per\u00edodo m\u00e1ximo de trabajo y, adem\u00e1s, tambi\u00e9n debe tenerse en cuenta el tipo real de procesamiento, ya que siempre debe garantizarse que se alcance y, sobre todo, se mantenga la temperatura de la carne exigida por la normativa vigente.<\/p>\n<p>Las c\u00e1maras frigor\u00edficas tambi\u00e9n deben estar equipadas con sistemas de ventilaci\u00f3n refrigerada que garanticen una ventilaci\u00f3n adecuada dentro de la c\u00e1mara para evitar la formaci\u00f3n de condensaci\u00f3n peligrosa; \u00e9sta debe eliminarse mediante un sistema de drenaje adecuado para que no pueda ser un riesgo potencial de contaminaci\u00f3n para la carne considerada comestible.<\/p>\n<p>La importancia de la calidad de una c\u00e1mara frigor\u00edfica dentro de los mataderos no es s\u00f3lo para la carne destinada al consumo, sino porque la norma exige que haya c\u00e1maras frigor\u00edficas espec\u00edficas o instalaciones frigor\u00edficas cerradas para toda la carne declarada no apta para el consumo humano.<\/p>\n<p>Dentro de las c\u00e1maras frigor\u00edficas, tambi\u00e9n debe estar absolutamente garantizada la separaci\u00f3n entre la carne expuesta y la carne ya envasada o protegida; s\u00f3lo se podr\u00e1 renunciar a esta garant\u00eda si los productos de las distintas fases de transformaci\u00f3n se almacenan en momentos diferentes o de tal manera que el material de envasado y la forma de almacenamiento no puedan provocar en modo alguno la contaminaci\u00f3n directa o indirecta de la carne.<\/p>\n<p>Las c\u00e1maras frigor\u00edficas de los mataderos tambi\u00e9n se utilizan para los subproductos, ya que deben colocarse dentro de contenedores de material adecuado y dotados de cierre herm\u00e9tico, si no se retiran el mismo d\u00eda. Tambi\u00e9n deben colocarse dentro de una instalaci\u00f3n adecuada (de refrigeraci\u00f3n o congelaci\u00f3n), que es obligatoria para su almacenamiento. <\/p>\n<p><a href=\"https:\/\/www.mivsrl.com\/es\/\"><strong>MIV Sistemas Aislantes<\/strong><\/a> fabrica puertas a medida para las celdas de los mataderos y para cada necesidad: puertas correderas o dobles para el acceso a las zonas prerrefrigeradas, puertas frigor\u00edficas est\u00e1ndar o correderas para las celdas propiamente dichas, garantizando siempre un ajuste perfecto gracias al uso de materiales de alta calidad y bisagras especiales que no s\u00f3lo permiten un uso continuo, sino que tambi\u00e9n tienen una durabilidad muy elevada.<\/p>\n\t\t\t\t\t\t\t\t<\/div>\n\t\t\t\t<\/div>\n\t\t\t\t<div class=\"elementor-element elementor-element-7ce8752 color-scheme-inherit text-left elementor-widget elementor-widget-text-editor\" data-id=\"7ce8752\" data-element_type=\"widget\" data-e-type=\"widget\" data-widget_type=\"text-editor.default\">\n\t\t\t\t<div class=\"elementor-widget-container\">\n\t\t\t\t\t\t\t\t\t<p>Incluso en caso de acceso frecuente y\/o continuo, las puertas de los Sistemas Aislantes MIV garantizan siempre un nivel de calidad muy elevado en el interior de las celdas, tanto en lo que se refiere a la temperatura como en el caso de par\u00e1metros especiales de humedad o de presencia de una atm\u00f3sfera protegida, combinando la practicidad con la seguridad.<br \/>El modelo de puerta <a href=\"https:\/\/www.mivsrl.com\/es\/prodotto\/puerta-frigorifica-industrial-sobre-bisagra-para-temperatura-positiva-con-paso-de-guia-200pg\/\"><strong>200PG<\/strong><\/a> (con puerta batiente pivotante) o el modelo <a href=\"https:\/\/www.mivsrl.com\/es\/prodotto\/puerta-frigorifica-industrial-corredera-de-temperatura-positiva-con-guia-de-paso-900pg\/\"><strong>MODELO 900PG<\/strong><\/a> (con puerta batiente corredera), adecuados para c\u00e1maras con una temperatura de 0 a 4 \u00b0C, por ejemplo, est\u00e1n dise\u00f1ados espec\u00edficamente para mataderos, ya que tambi\u00e9n pueden utilizarse para separar las distintas salas de procesamiento de la carne y permitir as\u00ed el paso de medias canales ya sacrificadas a trav\u00e9s de una gu\u00eda especial.<\/p>\n\t\t\t\t\t\t\t\t<\/div>\n\t\t\t\t<\/div>\n\t\t\t\t<div class=\"elementor-element elementor-element-eb34b80 elementor-widget__width-auto color-scheme-inherit text-left elementor-widget elementor-widget-text-editor\" data-id=\"eb34b80\" data-element_type=\"widget\" data-e-type=\"widget\" data-widget_type=\"text-editor.default\">\n\t\t\t\t<div class=\"elementor-widget-container\">\n\t\t\t\t\t\t\t\t\t<p>Puerta y Secci\u00f3n para C\u00e1maras Frigor\u00edficas Modelo <a href=\"https:\/\/www.mivsrl.com\/es\/prodotto\/puerta-frigorifica-industrial-sobre-bisagra-para-temperatura-positiva-con-paso-de-guia-200pg\/\"><strong>200PG <\/strong><\/a> <\/p>\n\t\t\t\t\t\t\t\t<\/div>\n\t\t\t\t<\/div>\n\t\t\t\t<div class=\"elementor-element elementor-element-f8cf6c0 elementor-widget elementor-widget-wd_images_gallery\" data-id=\"f8cf6c0\" data-element_type=\"widget\" data-e-type=\"widget\" data-widget_type=\"wd_images_gallery.default\">\n\t\t\t\t<div class=\"elementor-widget-container\">\n\t\t\t\t\t\t\t<div class=\"wd-images-gallery wd-justify-center wd-items-middle view-grid photoswipe-images\" >\n\t\t\t<div class=\"gallery-images row wd-spacing-30\">\n\t\t\t\t\t\t\t\t\t\t\t\t\t\t<div class=\"wd-gallery-item  col-lg-6 col-md-6 col-12\">\n\t\t\t\t\t\t\t\t\t\t\t\t\t<a  href=\"https:\/\/www.mivsrl.com\/wp-content\/uploads\/2023\/04\/porta-frigorifera-industriale-200-PG-MODEL.webp\"data-width=\"1200\" data-height=\"1200\" data-index=\"1\" data-elementor-open-lightbox=\"no\">\n\t\t\t\t\t\t\n\t\t\t\t\t\t<img decoding=\"async\" class=\"wd-lazy-load wd-lazy-fade\" src=\"https:\/\/www.mivsrl.com\/wp-content\/themes\/woodmart\/images\/lazy.png\" data-wood-src=\"https:\/\/www.mivsrl.com\/wp-content\/uploads\/2023\/04\/porta-frigorifera-industriale-200-PG-MODEL-1024x1024.webp\"alt=\"porta-frigorifera-industriale\">\n\t\t\t\t\t\t\t\t\t\t\t\t\t<\/a>\n\t\t\t\t\t\t\t\t\t\t\t<\/div>\n\t\t\t\t\t\t\t\t\t\t\t\t\t\t\t<div class=\"wd-gallery-item  col-lg-6 col-md-6 col-12\">\n\t\t\t\t\t\t\t\t\t\t\t\t\t<a  href=\"https:\/\/www.mivsrl.com\/wp-content\/uploads\/2023\/04\/porta-frigorifera-industriale-SECTION-VIEW-200-PG-.webp\"data-width=\"1200\" data-height=\"675\" data-index=\"2\" data-elementor-open-lightbox=\"no\">\n\t\t\t\t\t\t\n\t\t\t\t\t\t<img decoding=\"async\" class=\"wd-lazy-load wd-lazy-fade\" src=\"https:\/\/www.mivsrl.com\/wp-content\/themes\/woodmart\/images\/lazy.png\" data-wood-src=\"https:\/\/www.mivsrl.com\/wp-content\/uploads\/2023\/04\/porta-frigorifera-industriale-SECTION-VIEW-200-PG--1024x576.webp\"alt=\"porta-frigorifera-industriale\">\n\t\t\t\t\t\t\t\t\t\t\t\t\t<\/a>\n\t\t\t\t\t\t\t\t\t\t\t<\/div>\n\t\t\t\t\t\t\t\t<\/div>\n\t\t<\/div>\n\t\t\t\t\t\t<\/div>\n\t\t\t\t<\/div>\n\t\t\t\t<div class=\"elementor-element elementor-element-60ed9dd elementor-widget__width-auto color-scheme-inherit text-left elementor-widget elementor-widget-text-editor\" data-id=\"60ed9dd\" data-element_type=\"widget\" data-e-type=\"widget\" data-widget_type=\"text-editor.default\">\n\t\t\t\t<div class=\"elementor-widget-container\">\n\t\t\t\t\t\t\t\t\t<p>Puerta y Secci\u00f3n para C\u00e1maras Frigor\u00edficas Modelo <a href=\"https:\/\/www.mivsrl.com\/es\/prodotto\/puerta-frigorifica-industrial-corredera-de-temperatura-positiva-con-guia-de-paso-900pg\/\"><b><i>900PG<\/i><\/b><\/a><\/p>\n\t\t\t\t\t\t\t\t<\/div>\n\t\t\t\t<\/div>\n\t\t\t\t<div class=\"elementor-element elementor-element-020218f elementor-widget elementor-widget-wd_images_gallery\" data-id=\"020218f\" data-element_type=\"widget\" data-e-type=\"widget\" data-widget_type=\"wd_images_gallery.default\">\n\t\t\t\t<div class=\"elementor-widget-container\">\n\t\t\t\t\t\t\t<div class=\"wd-images-gallery wd-justify-center wd-items-middle view-grid photoswipe-images\" >\n\t\t\t<div class=\"gallery-images row wd-spacing-30\">\n\t\t\t\t\t\t\t\t\t\t\t\t\t\t<div class=\"wd-gallery-item  col-lg-6 col-md-6 col-12\">\n\t\t\t\t\t\t\t\t\t\t\t\t\t<a  href=\"https:\/\/www.mivsrl.com\/wp-content\/uploads\/2023\/04\/porta-cella-frigorifera-industriale-900-pg.webp\"data-width=\"1200\" data-height=\"1200\" data-index=\"1\" data-elementor-open-lightbox=\"no\">\n\t\t\t\t\t\t\n\t\t\t\t\t\t<img decoding=\"async\" class=\"wd-lazy-load wd-lazy-fade\" src=\"https:\/\/www.mivsrl.com\/wp-content\/themes\/woodmart\/images\/lazy.png\" data-wood-src=\"https:\/\/www.mivsrl.com\/wp-content\/uploads\/2023\/04\/porta-cella-frigorifera-industriale-900-pg-1024x1024.webp\"alt=\"porta-cella-frigorifera-industriale\">\n\t\t\t\t\t\t\t\t\t\t\t\t\t<\/a>\n\t\t\t\t\t\t\t\t\t\t\t<\/div>\n\t\t\t\t\t\t\t\t\t\t\t\t\t\t\t<div class=\"wd-gallery-item  col-lg-6 col-md-6 col-12\">\n\t\t\t\t\t\t\t\t\t\t\t\t\t<a  href=\"https:\/\/www.mivsrl.com\/wp-content\/uploads\/2023\/04\/porta-cella-frigorifera-industriale-SECTION-VIEW-900-PG-.webp\"data-width=\"1200\" data-height=\"675\" data-index=\"2\" data-elementor-open-lightbox=\"no\">\n\t\t\t\t\t\t\n\t\t\t\t\t\t<img decoding=\"async\" class=\"wd-lazy-load wd-lazy-fade\" src=\"https:\/\/www.mivsrl.com\/wp-content\/themes\/woodmart\/images\/lazy.png\" data-wood-src=\"https:\/\/www.mivsrl.com\/wp-content\/uploads\/2023\/04\/porta-cella-frigorifera-industriale-SECTION-VIEW-900-PG--1024x576.webp\"alt=\"porta-cella-frigorifera-industriale\">\n\t\t\t\t\t\t\t\t\t\t\t\t\t<\/a>\n\t\t\t\t\t\t\t\t\t\t\t<\/div>\n\t\t\t\t\t\t\t\t<\/div>\n\t\t<\/div>\n\t\t\t\t\t\t<\/div>\n\t\t\t\t<\/div>\n\t\t\t\t<div class=\"elementor-element elementor-element-1716c00 color-scheme-inherit text-left elementor-widget elementor-widget-text-editor\" data-id=\"1716c00\" data-element_type=\"widget\" data-e-type=\"widget\" data-widget_type=\"text-editor.default\">\n\t\t\t\t<div class=\"elementor-widget-container\">\n\t\t\t\t\t\t\t\t\t<p>Est\u00e1n disponibles sin umbral, con umbral enrasado, con umbral escalonado o con umbral grueso, y pueden equiparse con determinados accesorios, como una barra antip\u00e1nico y un cierrapuertas.<\/p>\n<h3>Informaci\u00f3n de contacto<\/h3>\n<p>Para m\u00e1s informaci\u00f3n escr\u00edbenos en nuestro <a href=\"https:\/\/www.mivsrl.com\/es\/contactos-de-la-puerta-de-la-camara-frigorifica\/\">formulario de contacto<\/a>. Contacto whatsapp:<a href=\"https:\/\/api.whatsapp.com\/message\/BWKLO7GYVGFDK1\">https:\/\/api.whatsapp.com\/message\/BWKLO7GYVGFDK1<\/a> Enlace Facebook:<a href=\"https:\/\/www.facebook.com\/mivrefrigeration\">https:\/\/www.facebook.com\/mivrefrigeration<\/a> Enlace Linkedin:<a href=\"https:\/\/www.linkedin.com\/company\/mivinsulatingsystems\/mycompany\/?viewAsMember=true\">linkedin.com\/company\/mivinsulatingsystems<\/a><\/p>\n\t\t\t\t\t\t\t\t<\/div>\n\t\t\t\t<\/div>\n\t\t\t\t\t<\/div>\n\t\t<\/div>\n\t\t\t\t\t<\/div>\n\t\t<\/section>\n\t\t\t\t<\/div>\n\t\t","protected":false},"excerpt":{"rendered":"<p>Las c\u00e1maras frigor\u00edficas son un elemento indispensable dentro del proceso de sacrificio de la carne en todas sus fases hasta<\/p>\n","protected":false},"author":1,"featured_media":41386,"comment_status":"closed","ping_status":"closed","sticky":false,"template":"","format":"standard","meta":{"footnotes":""},"categories":[581],"tags":[],"class_list":["post-41385","post","type-post","status-publish","format-standard","has-post-thumbnail","hentry","category-noticias"],"yoast_head":"<!-- This site is optimized with the Yoast SEO plugin v27.4 - https:\/\/yoast.com\/product\/yoast-seo-wordpress\/ -->\n<title>El uso de c\u00e1maras frigor\u00edficas en los mataderos - Miv Insulating Systems<\/title>\n<meta name=\"robots\" content=\"index, follow, max-snippet:-1, max-image-preview:large, max-video-preview:-1\" \/>\n<link rel=\"canonical\" href=\"https:\/\/www.mivsrl.com\/es\/el-uso-de-camaras-frigorificas-en-los-mataderos\/\" \/>\n<meta property=\"og:locale\" content=\"es_ES\" \/>\n<meta property=\"og:type\" content=\"article\" \/>\n<meta property=\"og:title\" content=\"El uso de c\u00e1maras frigor\u00edficas en los mataderos - Miv Insulating Systems\" \/>\n<meta property=\"og:description\" content=\"Las c\u00e1maras frigor\u00edficas son un elemento indispensable dentro del proceso de sacrificio de la carne en todas sus fases hasta\" \/>\n<meta property=\"og:url\" content=\"https:\/\/www.mivsrl.com\/es\/el-uso-de-camaras-frigorificas-en-los-mataderos\/\" \/>\n<meta property=\"og:site_name\" content=\"Miv Insulating Systems\" \/>\n<meta property=\"article:publisher\" content=\"https:\/\/www.facebook.com\/mivrefrigeration\" \/>\n<meta property=\"article:published_time\" content=\"2023-12-11T09:51:06+00:00\" \/>\n<meta property=\"article:modified_time\" content=\"2025-01-19T10:15:03+00:00\" \/>\n<meta property=\"og:image\" content=\"https:\/\/www.mivsrl.com\/wp-content\/uploads\/2021\/04\/900-pg.jpg\" \/>\n\t<meta property=\"og:image:width\" content=\"1200\" \/>\n\t<meta property=\"og:image:height\" content=\"1200\" \/>\n\t<meta property=\"og:image:type\" content=\"image\/jpeg\" \/>\n<meta name=\"author\" content=\"Miv srl\" \/>\n<meta name=\"twitter:card\" content=\"summary_large_image\" \/>\n<meta name=\"twitter:label1\" content=\"Escrito por\" \/>\n\t<meta name=\"twitter:data1\" content=\"Miv srl\" \/>\n\t<meta name=\"twitter:label2\" content=\"Tiempo de lectura\" \/>\n\t<meta name=\"twitter:data2\" content=\"5 minutos\" \/>\n<script type=\"application\/ld+json\" class=\"yoast-schema-graph\">{\"@context\":\"https:\\\/\\\/schema.org\",\"@graph\":[{\"@type\":\"Article\",\"@id\":\"https:\\\/\\\/www.mivsrl.com\\\/es\\\/el-uso-de-camaras-frigorificas-en-los-mataderos\\\/#article\",\"isPartOf\":{\"@id\":\"https:\\\/\\\/www.mivsrl.com\\\/es\\\/el-uso-de-camaras-frigorificas-en-los-mataderos\\\/\"},\"author\":{\"name\":\"Miv srl\",\"@id\":\"https:\\\/\\\/www.mivsrl.com\\\/es\\\/#\\\/schema\\\/person\\\/8154812948a91d51492f3e4a37c9ef70\"},\"headline\":\"El uso de c\u00e1maras frigor\u00edficas en los mataderos\",\"datePublished\":\"2023-12-11T09:51:06+00:00\",\"dateModified\":\"2025-01-19T10:15:03+00:00\",\"mainEntityOfPage\":{\"@id\":\"https:\\\/\\\/www.mivsrl.com\\\/es\\\/el-uso-de-camaras-frigorificas-en-los-mataderos\\\/\"},\"wordCount\":911,\"image\":{\"@id\":\"https:\\\/\\\/www.mivsrl.com\\\/es\\\/el-uso-de-camaras-frigorificas-en-los-mataderos\\\/#primaryimage\"},\"thumbnailUrl\":\"https:\\\/\\\/www.mivsrl.com\\\/wp-content\\\/uploads\\\/2021\\\/04\\\/900-pg.jpg\",\"articleSection\":[\"Noticias\"],\"inLanguage\":\"es\"},{\"@type\":\"WebPage\",\"@id\":\"https:\\\/\\\/www.mivsrl.com\\\/es\\\/el-uso-de-camaras-frigorificas-en-los-mataderos\\\/\",\"url\":\"https:\\\/\\\/www.mivsrl.com\\\/es\\\/el-uso-de-camaras-frigorificas-en-los-mataderos\\\/\",\"name\":\"El uso de c\u00e1maras frigor\u00edficas en los mataderos - Miv Insulating Systems\",\"isPartOf\":{\"@id\":\"https:\\\/\\\/www.mivsrl.com\\\/es\\\/#website\"},\"primaryImageOfPage\":{\"@id\":\"https:\\\/\\\/www.mivsrl.com\\\/es\\\/el-uso-de-camaras-frigorificas-en-los-mataderos\\\/#primaryimage\"},\"image\":{\"@id\":\"https:\\\/\\\/www.mivsrl.com\\\/es\\\/el-uso-de-camaras-frigorificas-en-los-mataderos\\\/#primaryimage\"},\"thumbnailUrl\":\"https:\\\/\\\/www.mivsrl.com\\\/wp-content\\\/uploads\\\/2021\\\/04\\\/900-pg.jpg\",\"datePublished\":\"2023-12-11T09:51:06+00:00\",\"dateModified\":\"2025-01-19T10:15:03+00:00\",\"author\":{\"@id\":\"https:\\\/\\\/www.mivsrl.com\\\/es\\\/#\\\/schema\\\/person\\\/8154812948a91d51492f3e4a37c9ef70\"},\"breadcrumb\":{\"@id\":\"https:\\\/\\\/www.mivsrl.com\\\/es\\\/el-uso-de-camaras-frigorificas-en-los-mataderos\\\/#breadcrumb\"},\"inLanguage\":\"es\",\"potentialAction\":[{\"@type\":\"ReadAction\",\"target\":[\"https:\\\/\\\/www.mivsrl.com\\\/es\\\/el-uso-de-camaras-frigorificas-en-los-mataderos\\\/\"]}]},{\"@type\":\"ImageObject\",\"inLanguage\":\"es\",\"@id\":\"https:\\\/\\\/www.mivsrl.com\\\/es\\\/el-uso-de-camaras-frigorificas-en-los-mataderos\\\/#primaryimage\",\"url\":\"https:\\\/\\\/www.mivsrl.com\\\/wp-content\\\/uploads\\\/2021\\\/04\\\/900-pg.jpg\",\"contentUrl\":\"https:\\\/\\\/www.mivsrl.com\\\/wp-content\\\/uploads\\\/2021\\\/04\\\/900-pg.jpg\",\"width\":1200,\"height\":1200},{\"@type\":\"BreadcrumbList\",\"@id\":\"https:\\\/\\\/www.mivsrl.com\\\/es\\\/el-uso-de-camaras-frigorificas-en-los-mataderos\\\/#breadcrumb\",\"itemListElement\":[{\"@type\":\"ListItem\",\"position\":1,\"name\":\"Home\",\"item\":\"https:\\\/\\\/www.mivsrl.com\\\/es\\\/\"},{\"@type\":\"ListItem\",\"position\":2,\"name\":\"El uso de c\u00e1maras frigor\u00edficas en los mataderos\"}]},{\"@type\":\"WebSite\",\"@id\":\"https:\\\/\\\/www.mivsrl.com\\\/es\\\/#website\",\"url\":\"https:\\\/\\\/www.mivsrl.com\\\/es\\\/\",\"name\":\"Miv Insulating Systems\",\"description\":\"Produzione di porte e accessori per celle frigorifere\",\"potentialAction\":[{\"@type\":\"SearchAction\",\"target\":{\"@type\":\"EntryPoint\",\"urlTemplate\":\"https:\\\/\\\/www.mivsrl.com\\\/es\\\/?s={search_term_string}\"},\"query-input\":{\"@type\":\"PropertyValueSpecification\",\"valueRequired\":true,\"valueName\":\"search_term_string\"}}],\"inLanguage\":\"es\"},{\"@type\":\"Person\",\"@id\":\"https:\\\/\\\/www.mivsrl.com\\\/es\\\/#\\\/schema\\\/person\\\/8154812948a91d51492f3e4a37c9ef70\",\"name\":\"Miv srl\",\"image\":{\"@type\":\"ImageObject\",\"inLanguage\":\"es\",\"@id\":\"https:\\\/\\\/secure.gravatar.com\\\/avatar\\\/f8f9b8d309b2fe0638a69c52e43af3a71aee5bd3880b767b71bcac00c2aaa532?s=96&d=mm&r=g\",\"url\":\"https:\\\/\\\/secure.gravatar.com\\\/avatar\\\/f8f9b8d309b2fe0638a69c52e43af3a71aee5bd3880b767b71bcac00c2aaa532?s=96&d=mm&r=g\",\"contentUrl\":\"https:\\\/\\\/secure.gravatar.com\\\/avatar\\\/f8f9b8d309b2fe0638a69c52e43af3a71aee5bd3880b767b71bcac00c2aaa532?s=96&d=mm&r=g\",\"caption\":\"Miv srl\"},\"sameAs\":[\"https:\\\/\\\/www.mivsrl.com\"],\"url\":\"https:\\\/\\\/www.mivsrl.com\\\/es\\\/author\\\/produzione-di-porte-e-accessori-per-celle-frigorif\\\/\"}]}<\/script>\n<!-- \/ Yoast SEO plugin. -->","yoast_head_json":{"title":"El uso de c\u00e1maras frigor\u00edficas en los mataderos - Miv Insulating Systems","robots":{"index":"index","follow":"follow","max-snippet":"max-snippet:-1","max-image-preview":"max-image-preview:large","max-video-preview":"max-video-preview:-1"},"canonical":"https:\/\/www.mivsrl.com\/es\/el-uso-de-camaras-frigorificas-en-los-mataderos\/","og_locale":"es_ES","og_type":"article","og_title":"El uso de c\u00e1maras frigor\u00edficas en los mataderos - Miv Insulating Systems","og_description":"Las c\u00e1maras frigor\u00edficas son un elemento indispensable dentro del proceso de sacrificio de la carne en todas sus fases hasta","og_url":"https:\/\/www.mivsrl.com\/es\/el-uso-de-camaras-frigorificas-en-los-mataderos\/","og_site_name":"Miv Insulating Systems","article_publisher":"https:\/\/www.facebook.com\/mivrefrigeration","article_published_time":"2023-12-11T09:51:06+00:00","article_modified_time":"2025-01-19T10:15:03+00:00","og_image":[{"width":1200,"height":1200,"url":"https:\/\/www.mivsrl.com\/wp-content\/uploads\/2021\/04\/900-pg.jpg","type":"image\/jpeg"}],"author":"Miv srl","twitter_card":"summary_large_image","twitter_misc":{"Escrito por":"Miv srl","Tiempo de lectura":"5 minutos"},"schema":{"@context":"https:\/\/schema.org","@graph":[{"@type":"Article","@id":"https:\/\/www.mivsrl.com\/es\/el-uso-de-camaras-frigorificas-en-los-mataderos\/#article","isPartOf":{"@id":"https:\/\/www.mivsrl.com\/es\/el-uso-de-camaras-frigorificas-en-los-mataderos\/"},"author":{"name":"Miv srl","@id":"https:\/\/www.mivsrl.com\/es\/#\/schema\/person\/8154812948a91d51492f3e4a37c9ef70"},"headline":"El uso de c\u00e1maras frigor\u00edficas en los mataderos","datePublished":"2023-12-11T09:51:06+00:00","dateModified":"2025-01-19T10:15:03+00:00","mainEntityOfPage":{"@id":"https:\/\/www.mivsrl.com\/es\/el-uso-de-camaras-frigorificas-en-los-mataderos\/"},"wordCount":911,"image":{"@id":"https:\/\/www.mivsrl.com\/es\/el-uso-de-camaras-frigorificas-en-los-mataderos\/#primaryimage"},"thumbnailUrl":"https:\/\/www.mivsrl.com\/wp-content\/uploads\/2021\/04\/900-pg.jpg","articleSection":["Noticias"],"inLanguage":"es"},{"@type":"WebPage","@id":"https:\/\/www.mivsrl.com\/es\/el-uso-de-camaras-frigorificas-en-los-mataderos\/","url":"https:\/\/www.mivsrl.com\/es\/el-uso-de-camaras-frigorificas-en-los-mataderos\/","name":"El uso de c\u00e1maras frigor\u00edficas en los mataderos - Miv Insulating Systems","isPartOf":{"@id":"https:\/\/www.mivsrl.com\/es\/#website"},"primaryImageOfPage":{"@id":"https:\/\/www.mivsrl.com\/es\/el-uso-de-camaras-frigorificas-en-los-mataderos\/#primaryimage"},"image":{"@id":"https:\/\/www.mivsrl.com\/es\/el-uso-de-camaras-frigorificas-en-los-mataderos\/#primaryimage"},"thumbnailUrl":"https:\/\/www.mivsrl.com\/wp-content\/uploads\/2021\/04\/900-pg.jpg","datePublished":"2023-12-11T09:51:06+00:00","dateModified":"2025-01-19T10:15:03+00:00","author":{"@id":"https:\/\/www.mivsrl.com\/es\/#\/schema\/person\/8154812948a91d51492f3e4a37c9ef70"},"breadcrumb":{"@id":"https:\/\/www.mivsrl.com\/es\/el-uso-de-camaras-frigorificas-en-los-mataderos\/#breadcrumb"},"inLanguage":"es","potentialAction":[{"@type":"ReadAction","target":["https:\/\/www.mivsrl.com\/es\/el-uso-de-camaras-frigorificas-en-los-mataderos\/"]}]},{"@type":"ImageObject","inLanguage":"es","@id":"https:\/\/www.mivsrl.com\/es\/el-uso-de-camaras-frigorificas-en-los-mataderos\/#primaryimage","url":"https:\/\/www.mivsrl.com\/wp-content\/uploads\/2021\/04\/900-pg.jpg","contentUrl":"https:\/\/www.mivsrl.com\/wp-content\/uploads\/2021\/04\/900-pg.jpg","width":1200,"height":1200},{"@type":"BreadcrumbList","@id":"https:\/\/www.mivsrl.com\/es\/el-uso-de-camaras-frigorificas-en-los-mataderos\/#breadcrumb","itemListElement":[{"@type":"ListItem","position":1,"name":"Home","item":"https:\/\/www.mivsrl.com\/es\/"},{"@type":"ListItem","position":2,"name":"El uso de c\u00e1maras frigor\u00edficas en los mataderos"}]},{"@type":"WebSite","@id":"https:\/\/www.mivsrl.com\/es\/#website","url":"https:\/\/www.mivsrl.com\/es\/","name":"Miv Insulating Systems","description":"Produzione di porte e accessori per celle frigorifere","potentialAction":[{"@type":"SearchAction","target":{"@type":"EntryPoint","urlTemplate":"https:\/\/www.mivsrl.com\/es\/?s={search_term_string}"},"query-input":{"@type":"PropertyValueSpecification","valueRequired":true,"valueName":"search_term_string"}}],"inLanguage":"es"},{"@type":"Person","@id":"https:\/\/www.mivsrl.com\/es\/#\/schema\/person\/8154812948a91d51492f3e4a37c9ef70","name":"Miv srl","image":{"@type":"ImageObject","inLanguage":"es","@id":"https:\/\/secure.gravatar.com\/avatar\/f8f9b8d309b2fe0638a69c52e43af3a71aee5bd3880b767b71bcac00c2aaa532?s=96&d=mm&r=g","url":"https:\/\/secure.gravatar.com\/avatar\/f8f9b8d309b2fe0638a69c52e43af3a71aee5bd3880b767b71bcac00c2aaa532?s=96&d=mm&r=g","contentUrl":"https:\/\/secure.gravatar.com\/avatar\/f8f9b8d309b2fe0638a69c52e43af3a71aee5bd3880b767b71bcac00c2aaa532?s=96&d=mm&r=g","caption":"Miv srl"},"sameAs":["https:\/\/www.mivsrl.com"],"url":"https:\/\/www.mivsrl.com\/es\/author\/produzione-di-porte-e-accessori-per-celle-frigorif\/"}]}},"_links":{"self":[{"href":"https:\/\/www.mivsrl.com\/es\/wp-json\/wp\/v2\/posts\/41385","targetHints":{"allow":["GET"]}}],"collection":[{"href":"https:\/\/www.mivsrl.com\/es\/wp-json\/wp\/v2\/posts"}],"about":[{"href":"https:\/\/www.mivsrl.com\/es\/wp-json\/wp\/v2\/types\/post"}],"author":[{"embeddable":true,"href":"https:\/\/www.mivsrl.com\/es\/wp-json\/wp\/v2\/users\/1"}],"replies":[{"embeddable":true,"href":"https:\/\/www.mivsrl.com\/es\/wp-json\/wp\/v2\/comments?post=41385"}],"version-history":[{"count":0,"href":"https:\/\/www.mivsrl.com\/es\/wp-json\/wp\/v2\/posts\/41385\/revisions"}],"wp:featuredmedia":[{"embeddable":true,"href":"https:\/\/www.mivsrl.com\/es\/wp-json\/wp\/v2\/media\/41386"}],"wp:attachment":[{"href":"https:\/\/www.mivsrl.com\/es\/wp-json\/wp\/v2\/media?parent=41385"}],"wp:term":[{"taxonomy":"category","embeddable":true,"href":"https:\/\/www.mivsrl.com\/es\/wp-json\/wp\/v2\/categories?post=41385"},{"taxonomy":"post_tag","embeddable":true,"href":"https:\/\/www.mivsrl.com\/es\/wp-json\/wp\/v2\/tags?post=41385"}],"curies":[{"name":"wp","href":"https:\/\/api.w.org\/{rel}","templated":true}]}}