{"id":43663,"date":"2026-01-15T08:00:07","date_gmt":"2026-01-15T07:00:07","guid":{"rendered":"https:\/\/www.mivsrl.com\/?p=43663"},"modified":"2026-01-15T11:50:48","modified_gmt":"2026-01-15T10:50:48","slug":"puertas-frigorificas-de-calidad-clave-para-conservar-citricos-en-invierno","status":"publish","type":"post","link":"https:\/\/www.mivsrl.com\/es\/puertas-frigorificas-de-calidad-clave-para-conservar-citricos-en-invierno\/","title":{"rendered":"Puertas Frigor\u00edficas de Calidad: Clave para Conservar C\u00edtricos en Invierno"},"content":{"rendered":"\t\t<div data-elementor-type=\"wp-post\" data-elementor-id=\"43663\" class=\"elementor elementor-43663 elementor-43655\">\n\t\t\t\t\t\t<section class=\"elementor-section elementor-top-section elementor-element elementor-element-fe57d33 elementor-section-boxed elementor-section-height-default elementor-section-height-default wd-section-disabled\" data-id=\"fe57d33\" data-element_type=\"section\" data-e-type=\"section\">\n\t\t\t\t\t\t<div class=\"elementor-container elementor-column-gap-default\">\n\t\t\t\t\t<div class=\"elementor-column elementor-col-100 elementor-top-column elementor-element elementor-element-967f15d\" data-id=\"967f15d\" data-element_type=\"column\" data-e-type=\"column\">\n\t\t\t<div class=\"elementor-widget-wrap elementor-element-populated\">\n\t\t\t\t\t\t<div class=\"elementor-element elementor-element-67eac22 elementor-widget elementor-widget-wd_text_block\" data-id=\"67eac22\" data-element_type=\"widget\" data-e-type=\"widget\" data-widget_type=\"wd_text_block.default\">\n\t\t\t\t<div class=\"elementor-widget-container\">\n\t\t\t\t\t\t\t<div class=\"wd-text-block reset-last-child text-left\">\n\t\t\t\n\t\t\t<h2>Conservaci\u00f3n \u00d3ptima de C\u00edtricos en Invierno: Por Qu\u00e9 Importan las Puertas de Celdas Frigor\u00edficas de Alta Calidad<\/h2>\n<strong>Los frutos c\u00edtricos<\/strong>, como las naranjas, limones, mandarinas y pomelos, son productos esenciales en invierno, apreciados por su frescura, valor nutricional y larga vida \u00fatil. Sin embargo, mantener su calidad durante los meses invernales requiere un estricto control de temperatura y humedad. Es aqu\u00ed donde las <strong>puertas de c\u00e1maras frigor\u00edficas<\/strong> se convierten en un elemento vital en cualquier entorno de almacenamiento de c\u00edtricos, asegurando que la cadena de fr\u00edo se mantenga sin interrupciones.\n\nLa naturaleza sensible de los c\u00edtricos implica que condiciones de almacenamiento inadecuadas pueden provocar un deterioro r\u00e1pido, p\u00e9rdida de humedad y aparici\u00f3n de moho. Las <strong>puertas de c\u00e1maras frigor\u00edficas<\/strong> de alto rendimiento garantizan un aislamiento perfecto, minimizando las fluctuaciones de temperatura causadas por la apertura frecuente de las puertas durante las operaciones diarias. MIV dise\u00f1a soluciones personalizadas que se adaptan al tama\u00f1o de cualquier instalaci\u00f3n, ya sea un peque\u00f1o distribuidor de c\u00edtricos o una gran cooperativa agr\u00edcola que prepara env\u00edos para mercados europeos.\n\nDurante el invierno, mantener una temperatura interna constante es esencial para evitar el da\u00f1o por fr\u00edo, un problema com\u00fan cuando los c\u00edtricos se exponen a temperaturas demasiado bajas. Gracias a las confiables <strong>puertas de c\u00e1maras frigor\u00edficas<\/strong> de MIV, las instalaciones de almacenamiento pueden mantener el clima ideal, permitiendo que los c\u00edtricos maduren lenta y naturalmente mientras conservan su aroma, jugosidad y color vibrante. Esto garantiza que los consumidores reciban frutas tan frescas y fragantes como cuando fueron cosechadas.\n\t\t\t\t\t<\/div>\n\t\t\t\t\t\t<\/div>\n\t\t\t\t<\/div>\n\t\t\t\t\t<\/div>\n\t\t<\/div>\n\t\t\t\t\t<\/div>\n\t\t<\/section>\n\t\t\t\t<section class=\"elementor-section elementor-top-section elementor-element elementor-element-930c4eb elementor-section-boxed elementor-section-height-default elementor-section-height-default wd-section-disabled\" data-id=\"930c4eb\" data-element_type=\"section\" data-e-type=\"section\">\n\t\t\t\t\t\t<div class=\"elementor-container elementor-column-gap-default\">\n\t\t\t\t\t<div class=\"elementor-column elementor-col-100 elementor-top-column elementor-element elementor-element-ac39896\" data-id=\"ac39896\" data-element_type=\"column\" data-e-type=\"column\">\n\t\t\t<div class=\"elementor-widget-wrap elementor-element-populated\">\n\t\t\t\t\t\t<div class=\"elementor-element elementor-element-f9011e4 elementor-widget elementor-widget-wd_text_block\" data-id=\"f9011e4\" data-element_type=\"widget\" data-e-type=\"widget\" data-widget_type=\"wd_text_block.default\">\n\t\t\t\t<div class=\"elementor-widget-container\">\n\t\t\t\t\t\t\t<div class=\"wd-text-block reset-last-child text-left\">\n\t\t\t\n\t\t\t\n<h2>Control de Humedad y Longevidad de los C\u00edtricos: El Papel Esencial de las Puertas de C\u00e1maras Frigor\u00edficas<\/h2>\nLos <strong>frutos c\u00edtricos<\/strong> requieren niveles de humedad muy espec\u00edficos para evitar la deshidrataci\u00f3n o el desarrollo de moho. Las claves para un almacenamiento adecuado son el control del flujo de aire, temperaturas estables y <strong>puertas de c\u00e1maras frigor\u00edficas<\/strong> robustas que creen una barrera eficaz contra las variaciones del ambiente externo. Con puertas que sellan perfectamente, las instalaciones de almacenamiento de c\u00edtricos pueden mantener la humedad adecuada\u2014generalmente entre el 85% y el 95%\u2014garantizando que la fruta permanezca firme y llena de jugo.\n\nLas soluciones de MIV est\u00e1n dise\u00f1adas no solo para un aislamiento eficiente, sino tambi\u00e9n para ofrecer durabilidad. Durante los meses de invierno, los c\u00edtricos se manipulan con frecuencia antes de la distribuci\u00f3n, lo que puede provocar muchas aperturas y cierres de puerta. Las puertas de baja calidad pueden causar p\u00e9rdidas de energ\u00eda considerables, obligando a los sistemas de refrigeraci\u00f3n a trabajar m\u00e1s y aumentando los costos operativos. En cambio, las <strong>puertas de c\u00e1maras frigor\u00edficas<\/strong> de MIV minimizan la dispersi\u00f3n t\u00e9rmica, ayudando a mantener niveles \u00f3ptimos de humedad mientras reducen el consumo energ\u00e9tico.\n\nEl control de la humedad influye directamente sobre la vida \u00fatil. Cuando est\u00e1n protegidos por puertas confiables, los c\u00edtricos pueden almacenarse durante per\u00edodos prolongados sin perder su firmeza natural ni sus aceites esenciales. Esto garantiza que los minoristas y distribuidores puedan ofrecer a los consumidores c\u00edtricos de invierno frescos, arom\u00e1ticos y visualmente atractivos. Al invertir en <strong>puertas de c\u00e1maras frigor\u00edficas<\/strong> de alto rendimiento, las empresas mejoran la longevidad del producto y reducen el desperdicio, una ventaja crucial durante los picos de demanda estacionales.\n\t\t\t\t\t<\/div>\n\t\t\t\t\t\t<\/div>\n\t\t\t\t<\/div>\n\t\t\t\t\t<\/div>\n\t\t<\/div>\n\t\t\t\t\t<\/div>\n\t\t<\/section>\n\t\t\t\t<section class=\"elementor-section elementor-top-section elementor-element elementor-element-2817265 elementor-section-boxed elementor-section-height-default elementor-section-height-default wd-section-disabled\" data-id=\"2817265\" data-element_type=\"section\" data-e-type=\"section\">\n\t\t\t\t\t\t<div class=\"elementor-container elementor-column-gap-default\">\n\t\t\t\t\t<div class=\"elementor-column elementor-col-100 elementor-top-column elementor-element elementor-element-aff525e\" data-id=\"aff525e\" data-element_type=\"column\" data-e-type=\"column\">\n\t\t\t<div class=\"elementor-widget-wrap elementor-element-populated\">\n\t\t\t\t\t\t<div class=\"elementor-element elementor-element-209d20a elementor-widget elementor-widget-wd_text_block\" data-id=\"209d20a\" data-element_type=\"widget\" data-e-type=\"widget\" data-widget_type=\"wd_text_block.default\">\n\t\t\t\t<div class=\"elementor-widget-container\">\n\t\t\t\t\t\t\t<div class=\"wd-text-block reset-last-child text-left\">\n\t\t\t\n\t\t\t<h2>Eficiencia Energ\u00e9tica y Calidad del Producto: C\u00f3mo las Puertas de C\u00e1maras Frigor\u00edficas Mejoran las Operaciones de Almacenamiento de C\u00edtricos<\/h2>\nLa gesti\u00f3n de c\u00edtricos en invierno depende en gran medida de instalaciones energ\u00e9ticamente eficientes dise\u00f1adas para mantener condiciones estables. Los <strong>frutos c\u00edtricos<\/strong> son muy sensibles a los cambios repentinos de temperatura, y cada fluctuaci\u00f3n puede comprometer su integridad. Las <strong>puertas de c\u00e1maras frigor\u00edficas<\/strong> de MIV est\u00e1n dise\u00f1adas para mejorar la eficiencia operativa al reducir las variaciones t\u00e9rmicas, permitiendo que los sistemas de refrigeraci\u00f3n mantengan el entorno adecuado con un gasto m\u00ednimo de energ\u00eda.\n\nEn los centros de distribuci\u00f3n a gran escala, las puertas suelen ser el punto m\u00e1s d\u00e9bil de la cadena de fr\u00edo. Un sellado inadecuado, mecanismos lentos o un mal aislamiento pueden derivar en condensaci\u00f3n, aumento del consumo energ\u00e9tico y deterioro del producto. MIV aborda estos problemas ofreciendo <strong>puertas de c\u00e1maras frigor\u00edficas<\/strong> personalizadas, con materiales de aislamiento avanzados y sistemas de cierre de precisi\u00f3n que aseguran un sellado seguro y herm\u00e9tico.\n\nInvertir en infraestructura frigor\u00edfica de calidad tambi\u00e9n se traduce en una mejor uniformidad del producto. Ya sea para almacenar naranjas, mandarinas o limones, las instalaciones equipadas con eficientes <strong>puertas de c\u00e1maras frigor\u00edficas<\/strong> pueden lograr una distribuci\u00f3n de temperatura uniforme, evitando que algunos lotes se deterioren m\u00e1s r\u00e1pidamente que otros. Esto garantiza que los c\u00edtricos mantengan su sabor, valor nutricional y apariencia externa durante toda la temporada invernal, protegiendo tanto la calidad del producto como la reputaci\u00f3n de la marca.\n\t\t\t\t\t<\/div>\n\t\t\t\t\t\t<\/div>\n\t\t\t\t<\/div>\n\t\t\t\t\t<\/div>\n\t\t<\/div>\n\t\t\t\t\t<\/div>\n\t\t<\/section>\n\t\t\t\t<section class=\"elementor-section elementor-top-section elementor-element elementor-element-9a12306 elementor-section-boxed elementor-section-height-default elementor-section-height-default wd-section-disabled\" data-id=\"9a12306\" data-element_type=\"section\" data-e-type=\"section\">\n\t\t\t\t\t\t<div class=\"elementor-container elementor-column-gap-default\">\n\t\t\t\t\t<div class=\"elementor-column elementor-col-100 elementor-top-column elementor-element elementor-element-95582a9\" data-id=\"95582a9\" data-element_type=\"column\" data-e-type=\"column\">\n\t\t\t<div class=\"elementor-widget-wrap elementor-element-populated\">\n\t\t\t\t\t\t<div class=\"elementor-element elementor-element-ba81221 elementor-widget elementor-widget-wd_products\" data-id=\"ba81221\" data-element_type=\"widget\" data-e-type=\"widget\" data-widget_type=\"wd_products.default\">\n\t\t\t\t<div class=\"elementor-widget-container\">\n\t\t\t\t\t\t\t\t\t\t<div class=\"wd-products-element\">\n\n\t\t\t\n\t\t\t\n\t\t\t<div class=\"products elements-grid row wd-products-holder pagination- wd-spacing-20 grid-columns-2 grid-masonry align-items-start\" data-paged=\"1\" data-atts=\"{&quot;element_title&quot;:&quot;&quot;,&quot;title_alignment&quot;:&quot;left&quot;,&quot;query_post_type&quot;:&quot;product&quot;,&quot;post_type&quot;:&quot;ids&quot;,&quot;include&quot;:[&quot;40819&quot;,&quot;40772&quot;],&quot;taxonomies&quot;:null,&quot;offset&quot;:null,&quot;orderby&quot;:&quot;&quot;,&quot;query_type&quot;:&quot;OR&quot;,&quot;order&quot;:null,&quot;meta_key&quot;:null,&quot;exclude&quot;:null,&quot;shop_tools&quot;:null,&quot;hide_out_of_stock&quot;:&quot;no&quot;,&quot;ajax_recently_viewed&quot;:null,&quot;speed&quot;:null,&quot;slides_per_view&quot;:null,&quot;slides_per_view_tablet&quot;:{&quot;size&quot;:&quot;&quot;},&quot;slides_per_view_mobile&quot;:{&quot;size&quot;:&quot;&quot;},&quot;wrap&quot;:null,&quot;autoplay&quot;:null,&quot;center_mode&quot;:null,&quot;hide_pagination_control&quot;:null,&quot;hide_prev_next_buttons&quot;:null,&quot;scroll_per_page&quot;:null,&quot;layout&quot;:&quot;grid&quot;,&quot;pagination&quot;:&quot;&quot;,&quot;items_per_page&quot;:12,&quot;spacing&quot;:&quot;20&quot;,&quot;columns&quot;:{&quot;unit&quot;:&quot;px&quot;,&quot;size&quot;:2,&quot;sizes&quot;:[]},&quot;columns_tablet&quot;:{&quot;size&quot;:&quot;&quot;},&quot;columns_mobile&quot;:{&quot;size&quot;:&quot;&quot;},&quot;products_masonry&quot;:&quot;&quot;,&quot;products_different_sizes&quot;:&quot;&quot;,&quot;product_quantity&quot;:&quot;&quot;,&quot;product_hover&quot;:&quot;inherit&quot;,&quot;sale_countdown&quot;:&quot;0&quot;,&quot;stretch_product&quot;:null,&quot;stretch_product_tablet&quot;:0,&quot;stretch_product_mobile&quot;:0,&quot;stock_progress_bar&quot;:&quot;0&quot;,&quot;highlighted_products&quot;:&quot;0&quot;,&quot;products_bordered_grid&quot;:&quot;0&quot;,&quot;products_bordered_grid_style&quot;:null,&quot;img_size&quot;:&quot;large&quot;,&quot;img_size_custom&quot;:null,&quot;ajax_page&quot;:&quot;&quot;,&quot;force_not_ajax&quot;:&quot;no&quot;,&quot;lazy_loading&quot;:&quot;no&quot;,&quot;scroll_carousel_init&quot;:null,&quot;custom_sizes&quot;:false,&quot;elementor&quot;:true}\" data-source=\"shortcode\" data-columns=\"2\">\n\t\t\n\t\t\n\t\t\t\t\t\t\t\t<div class=\"product-grid-item product wd-hover-alt  col-lg-6 col-md-6 col-6 first  type-product post-40819 status-publish instock product_cat-puertas product_cat-puertos-de-temperatura-positiva-0-a-4c-refrigerador product_cat-tipo-de-aplicacion-del-panel product_cat-puertas-frigorificas-correderas product_tag-puertas-frigorificas-correderas has-post-thumbnail shipping-taxable product-type-simple\" data-loop=\"1\" data-id=\"40819\">\n\t\n\t\n<div class=\"product-wrapper\">\n\t<div class=\"product-element-top wd-quick-shop\">\n\t\t<a href=\"https:\/\/www.mivsrl.com\/es\/producto\/puerta-frigorifica-industrial-corredera-de-temperatura-positiva-900p\/\" class=\"product-image-link\">\n\t\t\t<img fetchpriority=\"high\" decoding=\"async\" width=\"1024\" height=\"1024\" src=\"https:\/\/www.mivsrl.com\/wp-content\/themes\/woodmart\/images\/lazy.png\" class=\"attachment-large size-large wp-image-40820 wd-lazy-load wd-lazy-fade\" alt=\"\" srcset=\"\" sizes=\"(max-width: 1024px) 100vw, 1024px\" data-wood-src=\"https:\/\/www.mivsrl.com\/wp-content\/uploads\/2023\/04\/porta-cella-frigorifera-industriale-900-P-M-1024x1024.webp\" data-srcset=\"https:\/\/www.mivsrl.com\/wp-content\/uploads\/2023\/04\/porta-cella-frigorifera-industriale-900-P-M-1024x1024.webp 1024w, https:\/\/www.mivsrl.com\/wp-content\/uploads\/2023\/04\/porta-cella-frigorifera-industriale-900-P-M-300x300.webp 300w, https:\/\/www.mivsrl.com\/wp-content\/uploads\/2023\/04\/porta-cella-frigorifera-industriale-900-P-M-150x150.webp 150w, https:\/\/www.mivsrl.com\/wp-content\/uploads\/2023\/04\/porta-cella-frigorifera-industriale-900-P-M-600x600.webp 600w, https:\/\/www.mivsrl.com\/wp-content\/uploads\/2023\/04\/porta-cella-frigorifera-industriale-900-P-M-768x768.webp 768w, https:\/\/www.mivsrl.com\/wp-content\/uploads\/2023\/04\/porta-cella-frigorifera-industriale-900-P-M.webp 1200w\" \/>\t\t<\/a>\n\t\t\t\t<div class=\"wd-buttons wd-pos-r-t\">\n\t\t\t\t\t\t\t\t<div class=\"quick-view wd-action-btn wd-style-icon wd-quick-view-icon\">\n\t\t\t<a\n\t\t\t\thref=\"https:\/\/www.mivsrl.com\/es\/producto\/puerta-frigorifica-industrial-corredera-de-temperatura-positiva-900p\/\"\n\t\t\t\tclass=\"open-quick-view quick-view-button\"\n\t\t\t\trel=\"nofollow\"\n\t\t\t\tdata-id=\"40819\"\n\t\t\t\t>Quick view<\/a>\n\t\t<\/div>\n\t\t\t\t\t\t\t<\/div>\n\t<\/div>\n\n\t\t\t<h3 class=\"wd-entities-title\"><a href=\"https:\/\/www.mivsrl.com\/es\/producto\/puerta-frigorifica-industrial-corredera-de-temperatura-positiva-900p\/\">PUERTA FRIGOR\u00cdFICA INDUSTRIAL CORREDERA DE TEMPERATURA POSITIVA 900P<\/a><\/h3>\t\t\t\t<div class=\"wd-product-cats\">\n\t\t\t<a href=\"https:\/\/www.mivsrl.com\/es\/categoria-producto\/puertas\/puertas-frigorificas-correderas\/\" rel=\"tag\">Puertas frigor\u00edficas correderas<\/a>, <a href=\"https:\/\/www.mivsrl.com\/es\/categoria-producto\/puertas\/puertas-frigorificas-correderas\/puertos-de-temperatura-positiva-0-a-4c-refrigerador\/\" rel=\"tag\">Puertos de temperatura positiva 0 a +4\u00b0C Refrigerador<\/a>, <a href=\"https:\/\/www.mivsrl.com\/es\/categoria-producto\/puertas\/puertas-frigorificas-correderas\/puertos-de-temperatura-positiva-0-a-4c-refrigerador\/tipo-de-aplicacion-del-panel\/\" rel=\"tag\">Tipo de aplicaci\u00f3n del panel<\/a>, <a href=\"https:\/\/www.mivsrl.com\/es\/categoria-producto\/puertas\/\" rel=\"tag\">Puertas<\/a>\t\t<\/div>\n\t\t\t\t<div class=\"wrap-price\">\n\t\t\t<div class=\"swap-wrapp\">\n\t\t\t\t<div class=\"swap-elements\">\n\t\t\t\t\t\t\t\t\t\t\n\t\t\t\t\t<div class=\"wd-add-btn\">\n\t\t\t\t\t\t\t\t\t\t\t<\/div>\n\t\t\t\t<\/div>\n\t\t\t<\/div>\n\t\t\t\t\t<\/div>\n\n\t\t\n\t\t\n\t\t\t<\/div><\/div>\n\t\t\t\t\t\t\t\t<div class=\"product-grid-item product wd-hover-alt  col-lg-6 col-md-6 col-6 last  type-product post-40772 status-publish instock product_cat-puertas product_cat-puertos-de-temperatura-positiva-0-a-4c-refrigerador-es product_cat-tipo-de-aplicacion-del-panel-es-2 product_cat-puertas-para-camaras-frigorificas-bisagra product_tag-puertas-frigorificas-batientes has-post-thumbnail shipping-taxable product-type-simple\" data-loop=\"2\" data-id=\"40772\">\n\t\n\t\n<div class=\"product-wrapper\">\n\t<div class=\"product-element-top wd-quick-shop\">\n\t\t<a href=\"https:\/\/www.mivsrl.com\/es\/producto\/puerta-frigorifica-industrial-sobre-bisagra-para-temperatura-positiva-200n\/\" class=\"product-image-link\">\n\t\t\t<img decoding=\"async\" width=\"1024\" height=\"1024\" src=\"https:\/\/www.mivsrl.com\/wp-content\/themes\/woodmart\/images\/lazy.png\" class=\"attachment-large size-large wp-image-40764 wd-lazy-load wd-lazy-fade\" alt=\"\" srcset=\"\" sizes=\"(max-width: 1024px) 100vw, 1024px\" data-wood-src=\"https:\/\/www.mivsrl.com\/wp-content\/uploads\/2023\/04\/porta-frigorifera-industriale-180-N-1024x1024.webp\" data-srcset=\"https:\/\/www.mivsrl.com\/wp-content\/uploads\/2023\/04\/porta-frigorifera-industriale-180-N-1024x1024.webp 1024w, https:\/\/www.mivsrl.com\/wp-content\/uploads\/2023\/04\/porta-frigorifera-industriale-180-N-300x300.webp 300w, https:\/\/www.mivsrl.com\/wp-content\/uploads\/2023\/04\/porta-frigorifera-industriale-180-N-150x150.webp 150w, https:\/\/www.mivsrl.com\/wp-content\/uploads\/2023\/04\/porta-frigorifera-industriale-180-N-600x600.webp 600w, https:\/\/www.mivsrl.com\/wp-content\/uploads\/2023\/04\/porta-frigorifera-industriale-180-N-768x768.webp 768w, https:\/\/www.mivsrl.com\/wp-content\/uploads\/2023\/04\/porta-frigorifera-industriale-180-N.webp 1200w\" \/>\t\t<\/a>\n\t\t\t\t<div class=\"wd-buttons wd-pos-r-t\">\n\t\t\t\t\t\t\t\t<div class=\"quick-view wd-action-btn wd-style-icon wd-quick-view-icon\">\n\t\t\t<a\n\t\t\t\thref=\"https:\/\/www.mivsrl.com\/es\/producto\/puerta-frigorifica-industrial-sobre-bisagra-para-temperatura-positiva-200n\/\"\n\t\t\t\tclass=\"open-quick-view quick-view-button\"\n\t\t\t\trel=\"nofollow\"\n\t\t\t\tdata-id=\"40772\"\n\t\t\t\t>Quick view<\/a>\n\t\t<\/div>\n\t\t\t\t\t\t\t<\/div>\n\t<\/div>\n\n\t\t\t<h3 class=\"wd-entities-title\"><a href=\"https:\/\/www.mivsrl.com\/es\/producto\/puerta-frigorifica-industrial-sobre-bisagra-para-temperatura-positiva-200n\/\">PUERTA FRIGOR\u00cdFICA INDUSTRIAL SOBRE BISAGRA PARA TEMPERATURA POSITIVA 200N<\/a><\/h3>\t\t\t\t<div class=\"wd-product-cats\">\n\t\t\t<a href=\"https:\/\/www.mivsrl.com\/es\/categoria-producto\/puertas\/puertas-para-camaras-frigorificas-bisagra\/\" rel=\"tag\">Puertas para c\u00e1maras frigor\u00edficas Bisagra<\/a>, <a href=\"https:\/\/www.mivsrl.com\/es\/categoria-producto\/puertas\/puertas-para-camaras-frigorificas-bisagra\/puertos-de-temperatura-positiva-0-a-4c-refrigerador-es\/\" rel=\"tag\">Puertos de temperatura positiva 0 a +4\u00b0C Refrigerador<\/a>, <a href=\"https:\/\/www.mivsrl.com\/es\/categoria-producto\/puertas\/puertas-para-camaras-frigorificas-bisagra\/puertos-de-temperatura-positiva-0-a-4c-refrigerador-es\/tipo-de-aplicacion-del-panel-es-2\/\" rel=\"tag\">Tipo de aplicaci\u00f3n del panel<\/a>, <a href=\"https:\/\/www.mivsrl.com\/es\/categoria-producto\/puertas\/\" rel=\"tag\">Puertas<\/a>\t\t<\/div>\n\t\t\t\t<div class=\"wrap-price\">\n\t\t\t<div class=\"swap-wrapp\">\n\t\t\t\t<div class=\"swap-elements\">\n\t\t\t\t\t\t\t\t\t\t\n\t\t\t\t\t<div class=\"wd-add-btn\">\n\t\t\t\t\t\t\t\t\t\t\t<\/div>\n\t\t\t\t<\/div>\n\t\t\t<\/div>\n\t\t\t\t\t<\/div>\n\n\t\t\n\t\t\n\t\t\t<\/div><\/div>\n\t\t\n\t\t\t\t<\/div>\n\t\n\t\t\n\t\t\n\t\t\t\t\t<\/div>\n\t\t\n\t\t\t\t\t\t<\/div>\n\t\t\t\t<\/div>\n\t\t\t\t\t<\/div>\n\t\t<\/div>\n\t\t\t\t\t<\/div>\n\t\t<\/section>\n\t\t\t\t<section class=\"elementor-section elementor-top-section elementor-element elementor-element-34f9891d elementor-section-boxed elementor-section-height-default elementor-section-height-default wd-section-disabled\" data-id=\"34f9891d\" data-element_type=\"section\" data-e-type=\"section\">\n\t\t\t\t\t\t<div class=\"elementor-container elementor-column-gap-default\">\n\t\t\t\t\t<div class=\"elementor-column elementor-col-100 elementor-top-column elementor-element elementor-element-68a19fd7\" data-id=\"68a19fd7\" data-element_type=\"column\" data-e-type=\"column\">\n\t\t\t<div class=\"elementor-widget-wrap elementor-element-populated\">\n\t\t\t\t\t\t<div class=\"elementor-element elementor-element-14051d40 color-scheme-inherit text-left elementor-widget elementor-widget-text-editor\" data-id=\"14051d40\" data-element_type=\"widget\" data-e-type=\"widget\" data-widget_type=\"text-editor.default\">\n\t\t\t\t<div class=\"elementor-widget-container\">\n\t\t\t\t\t\t\t\t\t<h3>Informaci\u00f3n de contacto para puertas de c\u00e1maras frigor\u00edficas.<\/h3><p>Para m\u00e1s informaci\u00f3n, escr\u00edbenos a trav\u00e9s de nuestro <a href=\"https:\/\/www.mivsrl.com\/cold-room-door-contacts\/\">formulario de contacto<\/a>.<br \/>Contacto por WhatsApp: <a href=\"https:\/\/api.whatsapp.com\/message\/BWKLO7GYVGFDK1\">https:\/\/api.whatsapp.com\/message\/BWKLO7GYVGFDK1<\/a><br \/>P\u00e1gina de Facebook: <a href=\"https:\/\/www.facebook.com\/mivrefrigeration\">https:\/\/www.facebook.com\/mivrefrigeration<\/a><br \/>P\u00e1gina de LinkedIn: <a href=\"https:\/\/www.linkedin.com\/company\/mivinsulatingsystems\/mycompany\/?viewAsMember=true\">linkedin.com\/company\/mivinsulatingsystems<\/a><\/p>\t\t\t\t\t\t\t\t<\/div>\n\t\t\t\t<\/div>\n\t\t\t\t\t<\/div>\n\t\t<\/div>\n\t\t\t\t\t<\/div>\n\t\t<\/section>\n\t\t\t\t<\/div>\n\t\t","protected":false},"excerpt":{"rendered":"<p>Conservaci\u00f3n \u00d3ptima de C\u00edtricos en Invierno: Por Qu\u00e9 Importan las Puertas de Celdas Frigor\u00edficas de Alta Calidad Los frutos c\u00edtricos,<\/p>\n","protected":false},"author":32,"featured_media":43994,"comment_status":"closed","ping_status":"closed","sticky":false,"template":"","format":"standard","meta":{"footnotes":""},"categories":[581],"tags":[760,761],"class_list":["post-43663","post","type-post","status-publish","format-standard","has-post-thumbnail","hentry","category-noticias","tag-puertas-frigorificas-de-calidad","tag-puertas-frigorificas"],"yoast_head":"<!-- This site is optimized with the Yoast SEO plugin v27.4 - https:\/\/yoast.com\/product\/yoast-seo-wordpress\/ -->\n<title>Puertas de c\u00e1maras frigor\u00edficas: La clave para conservar los c\u00edtricos en su mejor estado durante el invierno<\/title>\n<meta name=\"description\" content=\"Puertas de c\u00e1maras frigor\u00edficas: La clave para conservar los c\u00edtricos en su mejor estado durante el invierno\" \/>\n<meta name=\"robots\" content=\"index, follow, max-snippet:-1, max-image-preview:large, max-video-preview:-1\" \/>\n<link rel=\"canonical\" href=\"https:\/\/www.mivsrl.com\/es\/puertas-frigorificas-de-calidad-clave-para-conservar-citricos-en-invierno\/\" \/>\n<meta property=\"og:locale\" content=\"es_ES\" \/>\n<meta property=\"og:type\" content=\"article\" \/>\n<meta property=\"og:title\" content=\"Puertas de c\u00e1maras frigor\u00edficas: La clave para conservar los c\u00edtricos en su mejor estado durante el invierno\" \/>\n<meta property=\"og:description\" content=\"Puertas de c\u00e1maras frigor\u00edficas: La clave para conservar los c\u00edtricos en su mejor estado durante el invierno\" \/>\n<meta property=\"og:url\" content=\"https:\/\/www.mivsrl.com\/es\/puertas-frigorificas-de-calidad-clave-para-conservar-citricos-en-invierno\/\" \/>\n<meta property=\"og:site_name\" content=\"Miv Insulating Systems\" \/>\n<meta property=\"article:publisher\" content=\"https:\/\/www.facebook.com\/mivrefrigeration\" \/>\n<meta property=\"article:published_time\" content=\"2026-01-15T07:00:07+00:00\" \/>\n<meta property=\"article:modified_time\" content=\"2026-01-15T10:50:48+00:00\" \/>\n<meta property=\"og:image\" content=\"https:\/\/www.mivsrl.com\/wp-content\/uploads\/2026\/01\/porta-para-la-refrigeracio\u0301n-industrial-conservacio\u0301n-de-ci\u0301tricos-ESP.webp\" \/>\n\t<meta property=\"og:image:width\" content=\"1152\" \/>\n\t<meta property=\"og:image:height\" content=\"864\" \/>\n\t<meta property=\"og:image:type\" content=\"image\/webp\" \/>\n<meta name=\"author\" content=\"MIV MIV\" \/>\n<meta name=\"twitter:card\" content=\"summary_large_image\" \/>\n<meta name=\"twitter:label1\" content=\"Escrito por\" \/>\n\t<meta name=\"twitter:data1\" content=\"MIV MIV\" \/>\n\t<meta name=\"twitter:label2\" content=\"Tiempo de lectura\" \/>\n\t<meta name=\"twitter:data2\" content=\"5 minutos\" \/>\n<script type=\"application\/ld+json\" class=\"yoast-schema-graph\">{\"@context\":\"https:\\\/\\\/schema.org\",\"@graph\":[{\"@type\":\"Article\",\"@id\":\"https:\\\/\\\/www.mivsrl.com\\\/es\\\/puertas-frigorificas-de-calidad-clave-para-conservar-citricos-en-invierno\\\/#article\",\"isPartOf\":{\"@id\":\"https:\\\/\\\/www.mivsrl.com\\\/es\\\/puertas-frigorificas-de-calidad-clave-para-conservar-citricos-en-invierno\\\/\"},\"author\":{\"name\":\"MIV MIV\",\"@id\":\"https:\\\/\\\/www.mivsrl.com\\\/es\\\/#\\\/schema\\\/person\\\/4e8a1c32154b2708fd8b484357dbe086\"},\"headline\":\"Puertas Frigor\u00edficas de Calidad: Clave para Conservar C\u00edtricos en Invierno\",\"datePublished\":\"2026-01-15T07:00:07+00:00\",\"dateModified\":\"2026-01-15T10:50:48+00:00\",\"mainEntityOfPage\":{\"@id\":\"https:\\\/\\\/www.mivsrl.com\\\/es\\\/puertas-frigorificas-de-calidad-clave-para-conservar-citricos-en-invierno\\\/\"},\"wordCount\":988,\"image\":{\"@id\":\"https:\\\/\\\/www.mivsrl.com\\\/es\\\/puertas-frigorificas-de-calidad-clave-para-conservar-citricos-en-invierno\\\/#primaryimage\"},\"thumbnailUrl\":\"https:\\\/\\\/www.mivsrl.com\\\/wp-content\\\/uploads\\\/2026\\\/01\\\/porta-para-la-refrigeracio\u0301n-industrial-conservacio\u0301n-de-ci\u0301tricos-ESP.webp\",\"keywords\":[\"Puertas Frigor\u00edficas de Calidad\",\"Puertas Frigor\u00edficas\"],\"articleSection\":[\"Noticias\"],\"inLanguage\":\"es\"},{\"@type\":\"WebPage\",\"@id\":\"https:\\\/\\\/www.mivsrl.com\\\/es\\\/puertas-frigorificas-de-calidad-clave-para-conservar-citricos-en-invierno\\\/\",\"url\":\"https:\\\/\\\/www.mivsrl.com\\\/es\\\/puertas-frigorificas-de-calidad-clave-para-conservar-citricos-en-invierno\\\/\",\"name\":\"Puertas de c\u00e1maras frigor\u00edficas: La clave para conservar los c\u00edtricos en su mejor estado durante el invierno\",\"isPartOf\":{\"@id\":\"https:\\\/\\\/www.mivsrl.com\\\/es\\\/#website\"},\"primaryImageOfPage\":{\"@id\":\"https:\\\/\\\/www.mivsrl.com\\\/es\\\/puertas-frigorificas-de-calidad-clave-para-conservar-citricos-en-invierno\\\/#primaryimage\"},\"image\":{\"@id\":\"https:\\\/\\\/www.mivsrl.com\\\/es\\\/puertas-frigorificas-de-calidad-clave-para-conservar-citricos-en-invierno\\\/#primaryimage\"},\"thumbnailUrl\":\"https:\\\/\\\/www.mivsrl.com\\\/wp-content\\\/uploads\\\/2026\\\/01\\\/porta-para-la-refrigeracio\u0301n-industrial-conservacio\u0301n-de-ci\u0301tricos-ESP.webp\",\"datePublished\":\"2026-01-15T07:00:07+00:00\",\"dateModified\":\"2026-01-15T10:50:48+00:00\",\"author\":{\"@id\":\"https:\\\/\\\/www.mivsrl.com\\\/es\\\/#\\\/schema\\\/person\\\/4e8a1c32154b2708fd8b484357dbe086\"},\"description\":\"Puertas de c\u00e1maras frigor\u00edficas: La clave para conservar los c\u00edtricos en su mejor estado durante el invierno\",\"breadcrumb\":{\"@id\":\"https:\\\/\\\/www.mivsrl.com\\\/es\\\/puertas-frigorificas-de-calidad-clave-para-conservar-citricos-en-invierno\\\/#breadcrumb\"},\"inLanguage\":\"es\",\"potentialAction\":[{\"@type\":\"ReadAction\",\"target\":[\"https:\\\/\\\/www.mivsrl.com\\\/es\\\/puertas-frigorificas-de-calidad-clave-para-conservar-citricos-en-invierno\\\/\"]}]},{\"@type\":\"ImageObject\",\"inLanguage\":\"es\",\"@id\":\"https:\\\/\\\/www.mivsrl.com\\\/es\\\/puertas-frigorificas-de-calidad-clave-para-conservar-citricos-en-invierno\\\/#primaryimage\",\"url\":\"https:\\\/\\\/www.mivsrl.com\\\/wp-content\\\/uploads\\\/2026\\\/01\\\/porta-para-la-refrigeracio\u0301n-industrial-conservacio\u0301n-de-ci\u0301tricos-ESP.webp\",\"contentUrl\":\"https:\\\/\\\/www.mivsrl.com\\\/wp-content\\\/uploads\\\/2026\\\/01\\\/porta-para-la-refrigeracio\u0301n-industrial-conservacio\u0301n-de-ci\u0301tricos-ESP.webp\",\"width\":1152,\"height\":864,\"caption\":\"porta-para-la-refrigeracio\u0301n-industrial-conservacio\u0301n-de-ci\u0301tricos-ESP\"},{\"@type\":\"BreadcrumbList\",\"@id\":\"https:\\\/\\\/www.mivsrl.com\\\/es\\\/puertas-frigorificas-de-calidad-clave-para-conservar-citricos-en-invierno\\\/#breadcrumb\",\"itemListElement\":[{\"@type\":\"ListItem\",\"position\":1,\"name\":\"Home\",\"item\":\"https:\\\/\\\/www.mivsrl.com\\\/es\\\/\"},{\"@type\":\"ListItem\",\"position\":2,\"name\":\"Puertas Frigor\u00edficas de Calidad: Clave para Conservar C\u00edtricos en Invierno\"}]},{\"@type\":\"WebSite\",\"@id\":\"https:\\\/\\\/www.mivsrl.com\\\/es\\\/#website\",\"url\":\"https:\\\/\\\/www.mivsrl.com\\\/es\\\/\",\"name\":\"Miv Insulating Systems\",\"description\":\"Produzione di porte e accessori per celle frigorifere\",\"potentialAction\":[{\"@type\":\"SearchAction\",\"target\":{\"@type\":\"EntryPoint\",\"urlTemplate\":\"https:\\\/\\\/www.mivsrl.com\\\/es\\\/?s={search_term_string}\"},\"query-input\":{\"@type\":\"PropertyValueSpecification\",\"valueRequired\":true,\"valueName\":\"search_term_string\"}}],\"inLanguage\":\"es\"},{\"@type\":\"Person\",\"@id\":\"https:\\\/\\\/www.mivsrl.com\\\/es\\\/#\\\/schema\\\/person\\\/4e8a1c32154b2708fd8b484357dbe086\",\"name\":\"MIV MIV\",\"image\":{\"@type\":\"ImageObject\",\"inLanguage\":\"es\",\"@id\":\"https:\\\/\\\/secure.gravatar.com\\\/avatar\\\/d5a92c82723df6a9a56e6a4a06540e520f40713d201b7a31651098f34eb43f7d?s=96&d=mm&r=g\",\"url\":\"https:\\\/\\\/secure.gravatar.com\\\/avatar\\\/d5a92c82723df6a9a56e6a4a06540e520f40713d201b7a31651098f34eb43f7d?s=96&d=mm&r=g\",\"contentUrl\":\"https:\\\/\\\/secure.gravatar.com\\\/avatar\\\/d5a92c82723df6a9a56e6a4a06540e520f40713d201b7a31651098f34eb43f7d?s=96&d=mm&r=g\",\"caption\":\"MIV MIV\"},\"url\":\"https:\\\/\\\/www.mivsrl.com\\\/es\\\/author\\\/miv\\\/\"}]}<\/script>\n<!-- \/ Yoast SEO plugin. -->","yoast_head_json":{"title":"Puertas de c\u00e1maras frigor\u00edficas: La clave para conservar los c\u00edtricos en su mejor estado durante el invierno","description":"Puertas de c\u00e1maras frigor\u00edficas: La clave para conservar los c\u00edtricos en su mejor estado durante el invierno","robots":{"index":"index","follow":"follow","max-snippet":"max-snippet:-1","max-image-preview":"max-image-preview:large","max-video-preview":"max-video-preview:-1"},"canonical":"https:\/\/www.mivsrl.com\/es\/puertas-frigorificas-de-calidad-clave-para-conservar-citricos-en-invierno\/","og_locale":"es_ES","og_type":"article","og_title":"Puertas de c\u00e1maras frigor\u00edficas: La clave para conservar los c\u00edtricos en su mejor estado durante el invierno","og_description":"Puertas de c\u00e1maras frigor\u00edficas: La clave para conservar los c\u00edtricos en su mejor estado durante el invierno","og_url":"https:\/\/www.mivsrl.com\/es\/puertas-frigorificas-de-calidad-clave-para-conservar-citricos-en-invierno\/","og_site_name":"Miv Insulating Systems","article_publisher":"https:\/\/www.facebook.com\/mivrefrigeration","article_published_time":"2026-01-15T07:00:07+00:00","article_modified_time":"2026-01-15T10:50:48+00:00","og_image":[{"width":1152,"height":864,"url":"https:\/\/www.mivsrl.com\/wp-content\/uploads\/2026\/01\/porta-para-la-refrigeracio\u0301n-industrial-conservacio\u0301n-de-ci\u0301tricos-ESP.webp","type":"image\/webp"}],"author":"MIV MIV","twitter_card":"summary_large_image","twitter_misc":{"Escrito por":"MIV MIV","Tiempo de lectura":"5 minutos"},"schema":{"@context":"https:\/\/schema.org","@graph":[{"@type":"Article","@id":"https:\/\/www.mivsrl.com\/es\/puertas-frigorificas-de-calidad-clave-para-conservar-citricos-en-invierno\/#article","isPartOf":{"@id":"https:\/\/www.mivsrl.com\/es\/puertas-frigorificas-de-calidad-clave-para-conservar-citricos-en-invierno\/"},"author":{"name":"MIV MIV","@id":"https:\/\/www.mivsrl.com\/es\/#\/schema\/person\/4e8a1c32154b2708fd8b484357dbe086"},"headline":"Puertas Frigor\u00edficas de Calidad: Clave para Conservar C\u00edtricos en Invierno","datePublished":"2026-01-15T07:00:07+00:00","dateModified":"2026-01-15T10:50:48+00:00","mainEntityOfPage":{"@id":"https:\/\/www.mivsrl.com\/es\/puertas-frigorificas-de-calidad-clave-para-conservar-citricos-en-invierno\/"},"wordCount":988,"image":{"@id":"https:\/\/www.mivsrl.com\/es\/puertas-frigorificas-de-calidad-clave-para-conservar-citricos-en-invierno\/#primaryimage"},"thumbnailUrl":"https:\/\/www.mivsrl.com\/wp-content\/uploads\/2026\/01\/porta-para-la-refrigeracio\u0301n-industrial-conservacio\u0301n-de-ci\u0301tricos-ESP.webp","keywords":["Puertas Frigor\u00edficas de Calidad","Puertas Frigor\u00edficas"],"articleSection":["Noticias"],"inLanguage":"es"},{"@type":"WebPage","@id":"https:\/\/www.mivsrl.com\/es\/puertas-frigorificas-de-calidad-clave-para-conservar-citricos-en-invierno\/","url":"https:\/\/www.mivsrl.com\/es\/puertas-frigorificas-de-calidad-clave-para-conservar-citricos-en-invierno\/","name":"Puertas de c\u00e1maras frigor\u00edficas: La clave para conservar los c\u00edtricos en su mejor estado durante el invierno","isPartOf":{"@id":"https:\/\/www.mivsrl.com\/es\/#website"},"primaryImageOfPage":{"@id":"https:\/\/www.mivsrl.com\/es\/puertas-frigorificas-de-calidad-clave-para-conservar-citricos-en-invierno\/#primaryimage"},"image":{"@id":"https:\/\/www.mivsrl.com\/es\/puertas-frigorificas-de-calidad-clave-para-conservar-citricos-en-invierno\/#primaryimage"},"thumbnailUrl":"https:\/\/www.mivsrl.com\/wp-content\/uploads\/2026\/01\/porta-para-la-refrigeracio\u0301n-industrial-conservacio\u0301n-de-ci\u0301tricos-ESP.webp","datePublished":"2026-01-15T07:00:07+00:00","dateModified":"2026-01-15T10:50:48+00:00","author":{"@id":"https:\/\/www.mivsrl.com\/es\/#\/schema\/person\/4e8a1c32154b2708fd8b484357dbe086"},"description":"Puertas de c\u00e1maras frigor\u00edficas: La clave para conservar los c\u00edtricos en su mejor estado durante el invierno","breadcrumb":{"@id":"https:\/\/www.mivsrl.com\/es\/puertas-frigorificas-de-calidad-clave-para-conservar-citricos-en-invierno\/#breadcrumb"},"inLanguage":"es","potentialAction":[{"@type":"ReadAction","target":["https:\/\/www.mivsrl.com\/es\/puertas-frigorificas-de-calidad-clave-para-conservar-citricos-en-invierno\/"]}]},{"@type":"ImageObject","inLanguage":"es","@id":"https:\/\/www.mivsrl.com\/es\/puertas-frigorificas-de-calidad-clave-para-conservar-citricos-en-invierno\/#primaryimage","url":"https:\/\/www.mivsrl.com\/wp-content\/uploads\/2026\/01\/porta-para-la-refrigeracio\u0301n-industrial-conservacio\u0301n-de-ci\u0301tricos-ESP.webp","contentUrl":"https:\/\/www.mivsrl.com\/wp-content\/uploads\/2026\/01\/porta-para-la-refrigeracio\u0301n-industrial-conservacio\u0301n-de-ci\u0301tricos-ESP.webp","width":1152,"height":864,"caption":"porta-para-la-refrigeracio\u0301n-industrial-conservacio\u0301n-de-ci\u0301tricos-ESP"},{"@type":"BreadcrumbList","@id":"https:\/\/www.mivsrl.com\/es\/puertas-frigorificas-de-calidad-clave-para-conservar-citricos-en-invierno\/#breadcrumb","itemListElement":[{"@type":"ListItem","position":1,"name":"Home","item":"https:\/\/www.mivsrl.com\/es\/"},{"@type":"ListItem","position":2,"name":"Puertas Frigor\u00edficas de Calidad: Clave para Conservar C\u00edtricos en Invierno"}]},{"@type":"WebSite","@id":"https:\/\/www.mivsrl.com\/es\/#website","url":"https:\/\/www.mivsrl.com\/es\/","name":"Miv Insulating Systems","description":"Produzione di porte e accessori per celle frigorifere","potentialAction":[{"@type":"SearchAction","target":{"@type":"EntryPoint","urlTemplate":"https:\/\/www.mivsrl.com\/es\/?s={search_term_string}"},"query-input":{"@type":"PropertyValueSpecification","valueRequired":true,"valueName":"search_term_string"}}],"inLanguage":"es"},{"@type":"Person","@id":"https:\/\/www.mivsrl.com\/es\/#\/schema\/person\/4e8a1c32154b2708fd8b484357dbe086","name":"MIV MIV","image":{"@type":"ImageObject","inLanguage":"es","@id":"https:\/\/secure.gravatar.com\/avatar\/d5a92c82723df6a9a56e6a4a06540e520f40713d201b7a31651098f34eb43f7d?s=96&d=mm&r=g","url":"https:\/\/secure.gravatar.com\/avatar\/d5a92c82723df6a9a56e6a4a06540e520f40713d201b7a31651098f34eb43f7d?s=96&d=mm&r=g","contentUrl":"https:\/\/secure.gravatar.com\/avatar\/d5a92c82723df6a9a56e6a4a06540e520f40713d201b7a31651098f34eb43f7d?s=96&d=mm&r=g","caption":"MIV MIV"},"url":"https:\/\/www.mivsrl.com\/es\/author\/miv\/"}]}},"_links":{"self":[{"href":"https:\/\/www.mivsrl.com\/es\/wp-json\/wp\/v2\/posts\/43663","targetHints":{"allow":["GET"]}}],"collection":[{"href":"https:\/\/www.mivsrl.com\/es\/wp-json\/wp\/v2\/posts"}],"about":[{"href":"https:\/\/www.mivsrl.com\/es\/wp-json\/wp\/v2\/types\/post"}],"author":[{"embeddable":true,"href":"https:\/\/www.mivsrl.com\/es\/wp-json\/wp\/v2\/users\/32"}],"replies":[{"embeddable":true,"href":"https:\/\/www.mivsrl.com\/es\/wp-json\/wp\/v2\/comments?post=43663"}],"version-history":[{"count":0,"href":"https:\/\/www.mivsrl.com\/es\/wp-json\/wp\/v2\/posts\/43663\/revisions"}],"wp:featuredmedia":[{"embeddable":true,"href":"https:\/\/www.mivsrl.com\/es\/wp-json\/wp\/v2\/media\/43994"}],"wp:attachment":[{"href":"https:\/\/www.mivsrl.com\/es\/wp-json\/wp\/v2\/media?parent=43663"}],"wp:term":[{"taxonomy":"category","embeddable":true,"href":"https:\/\/www.mivsrl.com\/es\/wp-json\/wp\/v2\/categories?post=43663"},{"taxonomy":"post_tag","embeddable":true,"href":"https:\/\/www.mivsrl.com\/es\/wp-json\/wp\/v2\/tags?post=43663"}],"curies":[{"name":"wp","href":"https:\/\/api.w.org\/{rel}","templated":true}]}}