{"id":31514,"date":"2024-05-07T11:30:15","date_gmt":"2024-05-07T09:30:15","guid":{"rendered":"https:\/\/www.mivsrl.com\/chambres-froides-dans-les-supermarches\/"},"modified":"2024-05-07T11:32:16","modified_gmt":"2024-05-07T09:32:16","slug":"chambres-froides-dans-les-supermarches","status":"publish","type":"post","link":"https:\/\/www.mivsrl.com\/fr\/chambres-froides-dans-les-supermarches\/","title":{"rendered":"Chambres froides dans les supermarch\u00e9s"},"content":{"rendered":"\t\t<div data-elementor-type=\"wp-post\" data-elementor-id=\"31514\" class=\"elementor elementor-31514 elementor-20065\">\n\t\t\t\t\t\t<section class=\"elementor-section elementor-top-section elementor-element elementor-element-78a7b4b elementor-section-boxed elementor-section-height-default elementor-section-height-default wd-section-disabled\" data-id=\"78a7b4b\" data-element_type=\"section\" data-e-type=\"section\">\n\t\t\t\t\t\t<div class=\"elementor-container elementor-column-gap-default\">\n\t\t\t\t\t<div class=\"elementor-column elementor-col-100 elementor-top-column elementor-element elementor-element-6d74623\" data-id=\"6d74623\" data-element_type=\"column\" data-e-type=\"column\">\n\t\t\t<div class=\"elementor-widget-wrap elementor-element-populated\">\n\t\t\t\t\t\t<div class=\"elementor-element elementor-element-0b4600e elementor-widget elementor-widget-wd_title\" data-id=\"0b4600e\" data-element_type=\"widget\" data-e-type=\"widget\" data-widget_type=\"wd_title.default\">\n\t\t\t\t<div class=\"elementor-widget-container\">\n\t\t\t\t\t\t\t<div class=\"title-wrapper set-mb-s reset-last-child wd-title-color-default wd-title-style-default wd-title-size-default text-center\">\n\n\t\t\t\t\t\t\t<div class=\"title-subtitle subtitle-color-default subtitle-style-default wd-fontsize-xs\">\n\t\t\t\t\tPortes pour chambres froides MIV \t\t\t\t<\/div>\n\t\t\t\n\t\t\t<div class=\"liner-continer\">\n\t\t\t\t<h4 class=\"woodmart-title-container title wd-fontsize-l\">Portes pour entrep\u00f4ts frigorifiques de supermarch\u00e9s<\/h4> \n\t\t\t\t\t\t\t<\/div>\n\n\t\t\t\t\t\t\t<div class=\"title-after_title set-cont-mb-s reset-last-child wd-fontsize-xs\">\n\t\t\t\t\t<p>Gestion des denr\u00e9es alimentaires dans les supermarch\u00e9s<\/p>\t\t\t\t<\/div>\n\t\t\t\t\t<\/div>\n\t\t\t\t\t\t<\/div>\n\t\t\t\t<\/div>\n\t\t\t\t\t<\/div>\n\t\t<\/div>\n\t\t\t\t\t<\/div>\n\t\t<\/section>\n\t\t\t\t<section class=\"elementor-section elementor-top-section elementor-element elementor-element-ad1779c elementor-section-boxed elementor-section-height-default elementor-section-height-default wd-section-disabled\" data-id=\"ad1779c\" data-element_type=\"section\" data-e-type=\"section\">\n\t\t\t\t\t\t<div class=\"elementor-container elementor-column-gap-default\">\n\t\t\t\t\t<div class=\"elementor-column elementor-col-100 elementor-top-column elementor-element elementor-element-c5f8d30\" data-id=\"c5f8d30\" data-element_type=\"column\" data-e-type=\"column\">\n\t\t\t<div class=\"elementor-widget-wrap elementor-element-populated\">\n\t\t\t\t\t\t<div class=\"elementor-element elementor-element-1634424 elementor-widget elementor-widget-wd_text_block\" data-id=\"1634424\" data-element_type=\"widget\" data-e-type=\"widget\" data-widget_type=\"wd_text_block.default\">\n\t\t\t\t<div class=\"elementor-widget-container\">\n\t\t\t\t\t\t\t<div class=\"wd-text-block reset-last-child text-left\">\n\t\t\t\n\t\t\t<p>Les supermarch\u00e9s ont une grande vari\u00e9t\u00e9 de marchandises \u00e0 stocker et \u00e0 vendre au d\u00e9tail, qui doivent \u00eatre entrepos\u00e9es et conserv\u00e9es dans des chambres froides pour un stockage ad\u00e9quat. C'est pourquoi la qualit\u00e9 de la cellule et de la porte d'isolation thermique est d'une importance capitale.<br>Il existe bien s\u00fbr des diff\u00e9rences selon le type de supermarch\u00e9 ou de centre logistique froid, selon la taille des locaux et la vari\u00e9t\u00e9 des produits alimentaires propos\u00e9s, mais le type de stockage est le m\u00eame.<\/p><p><span style=\"color: #7a7a7a; font-family: Roboto, sans-serif; font-size: 15.4px; font-style: normal; font-variant-ligatures: normal; font-variant-caps: normal; font-weight: 400; white-space-collapse: collapse; background-color: var(--wd-main-bgcolor);\">L'enjeu principal est donc de disposer de diff\u00e9rentes cellules pouvant accueillir diff\u00e9rents types de produits et celles-ci, suivant la norme et les diff\u00e9rentes certifications, ont besoin d'environnements parfois compl\u00e8tement diff\u00e9rents les uns des autres.<\/span><\/p><p style=\"margin-bottom: var(--wd-tags-mb); font-style: normal; font-variant-ligatures: normal; font-variant-caps: normal; font-weight: 400; font-family: Roboto, sans-serif; font-size: 15.4px; color: #7a7a7a; white-space-collapse: collapse;\">\u00c0 l'exception de la ligne de froid basse temp\u00e9rature, qui concerne les denr\u00e9es alimentaires congel\u00e9es et surgel\u00e9es, emball\u00e9es ou en vrac, pour lesquelles les chambres froides doivent n\u00e9cessairement \u00eatre calibr\u00e9es \u00e0 une temp\u00e9rature comprise entre -18 et -25 \u00b0C pour \u00e9viter que le processus de d\u00e9t\u00e9rioration du produit ne commence, toutes les autres denr\u00e9es alimentaires ont des temp\u00e9ratures de stockage en permanence inf\u00e9rieures \u00e0 +10 \u00b0C mais, et c'est pr\u00e9cis\u00e9ment la caract\u00e9ristique des supermarch\u00e9s, celles-ci ne diff\u00e8rent selon le type de marchandise que de deux \u00e0 trois degr\u00e9s, ce qui est essentiel pour la conservation constante des produits.<\/p>\n\t\t\t\t\t<\/div>\n\t\t\t\t\t\t<\/div>\n\t\t\t\t<\/div>\n\t\t\t\t\t<\/div>\n\t\t<\/div>\n\t\t\t\t\t<\/div>\n\t\t<\/section>\n\t\t\t\t<section class=\"elementor-section elementor-top-section elementor-element elementor-element-87d0121 elementor-section-boxed elementor-section-height-default elementor-section-height-default wd-section-disabled\" data-id=\"87d0121\" data-element_type=\"section\" data-e-type=\"section\">\n\t\t\t\t\t\t<div class=\"elementor-container elementor-column-gap-default\">\n\t\t\t\t\t<div class=\"elementor-column elementor-col-100 elementor-top-column elementor-element elementor-element-79fcc50\" data-id=\"79fcc50\" data-element_type=\"column\" data-e-type=\"column\">\n\t\t\t<div class=\"elementor-widget-wrap elementor-element-populated\">\n\t\t\t\t\t\t<div class=\"elementor-element elementor-element-6a477b3 elementor-widget elementor-widget-wd_text_block\" data-id=\"6a477b3\" data-element_type=\"widget\" data-e-type=\"widget\" data-widget_type=\"wd_text_block.default\">\n\t\t\t\t<div class=\"elementor-widget-container\">\n\t\t\t\t\t\t\t<div class=\"wd-text-block reset-last-child text-left\">\n\t\t\t\n\t\t\t<h2><strong>Temp\u00e9ratures de manipulation des aliments dans les chambres froides des supermarch\u00e9s. <\/strong><\/h2><p><img fetchpriority=\"high\" decoding=\"async\" class=\" wp-image-37820 alignleft\" src=\"https:\/\/www.mivsrl.com\/wp-content\/uploads\/2022\/02\/porte_per_celle_frigorifere_per_supermercati-300x300.webp\" alt=\"portes_de_froid_pour_supermarch\u00e9s\" width=\"354\" height=\"354\" srcset=\"https:\/\/www.mivsrl.com\/wp-content\/uploads\/2022\/02\/porte_per_celle_frigorifere_per_supermercati-300x300.webp 300w, https:\/\/www.mivsrl.com\/wp-content\/uploads\/2022\/02\/porte_per_celle_frigorifere_per_supermercati-150x150.webp 150w, https:\/\/www.mivsrl.com\/wp-content\/uploads\/2022\/02\/porte_per_celle_frigorifere_per_supermercati-768x768.webp 768w, https:\/\/www.mivsrl.com\/wp-content\/uploads\/2022\/02\/porte_per_celle_frigorifere_per_supermercati-600x600.webp 600w, https:\/\/www.mivsrl.com\/wp-content\/uploads\/2022\/02\/porte_per_celle_frigorifere_per_supermercati.webp 1024w\" sizes=\"(max-width: 354px) 100vw, 354px\" \/>Prenons l'exemple des fruits et l\u00e9gumes : ils peuvent \u00eatre conserv\u00e9s \u00e0 des temp\u00e9ratures plus \u00e9lev\u00e9es, jusqu'\u00e0 8 \u00b0C. S'ils ne sont pas \u00e0 l'\u00e9tat naturel mais d\u00e9j\u00e0 emball\u00e9s et pr\u00eats \u00e0 l'emploi (comme les salades en sachet) ou s'ils doivent \u00eatre stock\u00e9s en vue d'une utilisation hors saison, il convient de faire preuve de prudence, car la temp\u00e9rature de stockage doit \u00eatre plus basse pour ces types de fruits et de l\u00e9gumes. Entre 4 et 6 \u00b0C pour les produits d\u00e9j\u00e0 ensach\u00e9s et entre 2 et 4 \u00b0C pour les produits hors saison.<\/p><p><span style=\"background-color: var(--wd-main-bgcolor); color: var(--wd-text-color); font-size: 15.4px;\">Dans un supermarch\u00e9, on trouve \u00e9galement des \u0153ufs et des produits g\u00e9n\u00e9ralement frais ; ce type de marchandises n\u00e9cessite une temp\u00e9rature de stockage qui doit \u00eatre en permanence inf\u00e9rieure \u00e0 5 \u00b0C. A la m\u00eame temp\u00e9rature, qui peut \u00eatre comprise entre 4 et 6\u00b0C, on peut conserver toutes les charcuteries et le lait avec tous ses d\u00e9riv\u00e9s, y compris les fromages frais.<\/span><\/p><p><span style=\"font-family: Roboto, sans-serif; font-size: 15.4px; font-style: normal; font-variant-ligatures: normal; font-variant-caps: normal; font-weight: 400; background-color: var(--wd-main-bgcolor); color: var(--wd-text-color);\">Tous les types de viande (volaille, b\u0153uf, porc), qu'ils soient emball\u00e9s ou mis en vente libre, doivent \u00eatre conserv\u00e9s \u00e0 2 \u00b0C. Une exception doit \u00eatre faite pour le poisson frais, pour lequel il est pr\u00e9f\u00e9rable de maintenir la temp\u00e9rature juste au-dessus de z\u00e9ro, entre 1 et 2 \u00b0C.<\/span><\/p><p><span style=\"font-size: 15.4px; background-color: var(--wd-main-bgcolor); color: var(--wd-text-color);\">On voit donc que l'entrep\u00f4t frigorifique a une valeur fondamentale pour la pr\u00e9servation de la cha\u00eene du froid et le fonctionnement optimal du supermarch\u00e9 ou du centre logistique, et que l'organisation de plusieurs entrep\u00f4ts frigorifiques \u00e0 des temp\u00e9ratures diff\u00e9rentes est indispensable.<\/span><\/p>\n\t\t\t\t\t<\/div>\n\t\t\t\t\t\t<\/div>\n\t\t\t\t<\/div>\n\t\t\t\t\t<\/div>\n\t\t<\/div>\n\t\t\t\t\t<\/div>\n\t\t<\/section>\n\t\t\t\t<section class=\"elementor-section elementor-top-section elementor-element elementor-element-2991719 elementor-section-boxed elementor-section-height-default elementor-section-height-default wd-section-disabled\" data-id=\"2991719\" data-element_type=\"section\" data-e-type=\"section\">\n\t\t\t\t\t\t<div class=\"elementor-container elementor-column-gap-default\">\n\t\t\t\t\t\t<\/div>\n\t\t<\/section>\n\t\t\t\t<section class=\"elementor-section elementor-top-section elementor-element elementor-element-736c571 elementor-section-boxed elementor-section-height-default elementor-section-height-default wd-section-disabled\" data-id=\"736c571\" data-element_type=\"section\" data-e-type=\"section\">\n\t\t\t\t\t\t<div class=\"elementor-container elementor-column-gap-default\">\n\t\t\t\t\t\t<\/div>\n\t\t<\/section>\n\t\t\t\t<section class=\"elementor-section elementor-top-section elementor-element elementor-element-5c1ec28 elementor-section-boxed elementor-section-height-default elementor-section-height-default wd-section-disabled\" data-id=\"5c1ec28\" data-element_type=\"section\" data-e-type=\"section\">\n\t\t\t\t\t\t<div class=\"elementor-container elementor-column-gap-default\">\n\t\t\t\t\t\t<\/div>\n\t\t<\/section>\n\t\t\t\t<section class=\"elementor-section elementor-top-section elementor-element elementor-element-1bb7bab0 elementor-section-boxed elementor-section-height-default elementor-section-height-default wd-section-disabled\" data-id=\"1bb7bab0\" data-element_type=\"section\" data-e-type=\"section\">\n\t\t\t\t\t\t<div class=\"elementor-container elementor-column-gap-default\">\n\t\t\t\t\t<div class=\"elementor-column elementor-col-100 elementor-top-column elementor-element elementor-element-5da80c11\" data-id=\"5da80c11\" data-element_type=\"column\" data-e-type=\"column\">\n\t\t\t<div class=\"elementor-widget-wrap elementor-element-populated\">\n\t\t\t\t\t\t<div class=\"elementor-element elementor-element-2169a66b color-scheme-inherit text-left elementor-widget elementor-widget-text-editor\" data-id=\"2169a66b\" data-element_type=\"widget\" data-e-type=\"widget\" data-widget_type=\"text-editor.default\">\n\t\t\t\t<div class=\"elementor-widget-container\">\n\t\t\t\t\t\t\t\t\t<h2><strong>L&rsquo;importance des pr\u00e9cellules dans les entrep\u00f4ts frigorifiques des supermarch\u00e9s.<\/strong> <\/h2>\n<p><span style=\"background-color: var(--wd-main-bgcolor); color: var( --e-global-color-text ); font-size: 15.4px;\">En outre, compte tenu de la tendance \u00e0 un flux consid\u00e9rable et \u00e0 une rotation rapide des denr\u00e9es p\u00e9rissables, la majorit\u00e9 des zones de r\u00e9frig\u00e9ration de taille moyenne \u00e0 grande devront disposer d&rsquo;une zone \u00e0 temp\u00e9rature contr\u00f4l\u00e9e (pr\u00e9cellule) devant les chambres froides ou les chambres de cong\u00e9lation, utilis\u00e9e comme zone de d\u00e9douanement et de distribution, pour la rotation (entr\u00e9e et sortie) des denr\u00e9es.<\/span><\/p>\n<p>Cette zone, qui peut \u00eatre activ\u00e9e aussi bien \u00e0 l&rsquo;entr\u00e9e avant le stockage qu&rsquo;\u00e0 la sortie lorsque les marchandises sont envoy\u00e9es au point de vente, permet \u00e9galement de manipuler les denr\u00e9es alimentaires consid\u00e9r\u00e9es comme p\u00e9rissables par la loi, comme celles qui sont recouvertes, telles que les g\u00e2teaux fourr\u00e9s (notamment \u00e0 la cr\u00e8me ou \u00e0 la cr\u00e8me fra\u00eeche \u00e0 base d&rsquo;\u0153ufs et de lait) et les yaourts de tous types et de tous formats.<\/p>\n<p>L&rsquo;espace d\u00e9di\u00e9, \u00e0 une temp\u00e9rature de 10\/12 \u00b0C, permettra au personnel d&rsquo;effectuer les op\u00e9rations de contr\u00f4le et de placement plus facilement et plus rapidement. La manipulation et la mise en place r\u00e9guli\u00e8res sur les \u00e9tag\u00e8res de vente, qui constituent la base d&rsquo;une bonne gestion de la cha\u00eene du froid, garantissent la s\u00e9curit\u00e9 des produits. <em>dur\u00e9e de conservation<\/em> (dur\u00e9e de vie du produit) dans la limite de la date de durabilit\u00e9 minimale (DDM) : date \u00e0 laquelle la denr\u00e9e alimentaire en rayon conserve ses propri\u00e9t\u00e9s sp\u00e9cifiques sans risque pour la sant\u00e9 du consommateur.<\/p>\n<p>Toujours dans le domaine de la conservation, les supermarch\u00e9s et les centres logistiques ont besoin de chambres froides pour stocker et maintenir les produits \u00e0 des temp\u00e9ratures inf\u00e9rieures \u00e0 0\u00b0C (BT Low Temperature). Des exemples de stockage \u00e0 temp\u00e9rature n\u00e9gative sont la cr\u00e8me glac\u00e9e, qui n\u00e9cessite une temp\u00e9rature de -10 \u00e0 -12 \u00b0C, et les aliments congel\u00e9s, qui doivent \u00eatre maintenus \u00e0 une temp\u00e9rature inf\u00e9rieure \u00e0 18 \u00b0C en r\u00e8gle g\u00e9n\u00e9rale.<\/p>\n\t\t\t\t\t\t\t\t<\/div>\n\t\t\t\t<\/div>\n\t\t\t\t\t<\/div>\n\t\t<\/div>\n\t\t\t\t\t<\/div>\n\t\t<\/section>\n\t\t\t\t<section class=\"elementor-section elementor-top-section elementor-element elementor-element-7cf85aa elementor-section-boxed elementor-section-height-default elementor-section-height-default wd-section-disabled\" data-id=\"7cf85aa\" data-element_type=\"section\" data-e-type=\"section\">\n\t\t\t\t\t\t<div class=\"elementor-container elementor-column-gap-default\">\n\t\t\t\t\t<div class=\"elementor-column elementor-col-100 elementor-top-column elementor-element elementor-element-effa79f\" data-id=\"effa79f\" data-element_type=\"column\" data-e-type=\"column\">\n\t\t\t<div class=\"elementor-widget-wrap elementor-element-populated\">\n\t\t\t\t\t\t<div class=\"elementor-element elementor-element-d3767cb elementor-widget elementor-widget-wd_text_block\" data-id=\"d3767cb\" data-element_type=\"widget\" data-e-type=\"widget\" data-widget_type=\"wd_text_block.default\">\n\t\t\t\t<div class=\"elementor-widget-container\">\n\t\t\t\t\t\t\t<div class=\"wd-text-block reset-last-child text-left\">\n\t\t\t\n\t\t\t<h2><strong>Portes de stockage semi-isol\u00e9es pour les espaces de traitement dans les chambres froides des supermarch\u00e9s.<\/strong><\/h2><p>Quels que soient les besoins du point de vente, en ce qui concerne les entrep\u00f4ts frigorifiques proprement dits, les portes \u00e0 temp\u00e9rature positive (Chiller) ou n\u00e9gative (Freezer) sont disponibles sous forme de tampons, c'est-\u00e0-dire pivotant sur des charni\u00e8res, ou coulissantes. D'autre part, les portes semi-isolantes de MIV Insulating Systems (portes techniques telles que les mod\u00e8les Type Office et Come &amp; Go) permettent d'optimiser les temp\u00e9ratures dans les diff\u00e9rentes zones de traitement et donc de r\u00e9aliser d'importantes \u00e9conomies d'\u00e9nergie. En outre, en ce qui concerne les zones de manutention, les portes \u00e0 enroulement rapide constituent la solution id\u00e9ale pour tout type d'op\u00e9ration et m\u00eame pour les besoins hautement personnalis\u00e9s des clients.<\/p>\n\t\t\t\t\t<\/div>\n\t\t\t\t\t\t<\/div>\n\t\t\t\t<\/div>\n\t\t\t\t\t<\/div>\n\t\t<\/div>\n\t\t\t\t\t<\/div>\n\t\t<\/section>\n\t\t\t\t<section class=\"elementor-section elementor-top-section elementor-element elementor-element-c209929 elementor-section-boxed elementor-section-height-default elementor-section-height-default wd-section-disabled\" data-id=\"c209929\" data-element_type=\"section\" data-e-type=\"section\">\n\t\t\t\t\t\t<div class=\"elementor-container elementor-column-gap-default\">\n\t\t\t\t\t<div class=\"elementor-column elementor-col-50 elementor-top-column elementor-element elementor-element-be9ea1e\" data-id=\"be9ea1e\" data-element_type=\"column\" data-e-type=\"column\">\n\t\t\t<div class=\"elementor-widget-wrap elementor-element-populated\">\n\t\t\t\t\t\t<div class=\"elementor-element elementor-element-8da1919 elementor-widget__width-initial color-scheme-inherit text-left elementor-widget elementor-widget-text-editor\" data-id=\"8da1919\" data-element_type=\"widget\" data-e-type=\"widget\" data-widget_type=\"text-editor.default\">\n\t\t\t\t<div class=\"elementor-widget-container\">\n\t\t\t\t\t\t\t\t\t<p>Porte pr\u00e9-cellulaire pour entrep\u00f4ts frigorifiques Mod\u00e8le<a href=\"https:\/\/www.mivsrl.com\/fr\/prodotto\/porte-semi-isolante-type-bureau\/\"><strong> Type de bureau<\/strong><\/a><\/p>\t\t\t\t\t\t\t\t<\/div>\n\t\t\t\t<\/div>\n\t\t\t\t\t<\/div>\n\t\t<\/div>\n\t\t\t\t<div class=\"elementor-column elementor-col-50 elementor-top-column elementor-element elementor-element-f3838e2\" data-id=\"f3838e2\" data-element_type=\"column\" data-e-type=\"column\">\n\t\t\t<div class=\"elementor-widget-wrap elementor-element-populated\">\n\t\t\t\t\t\t<div class=\"elementor-element elementor-element-8252979 elementor-widget__width-initial color-scheme-inherit text-left elementor-widget elementor-widget-text-editor\" data-id=\"8252979\" data-element_type=\"widget\" data-e-type=\"widget\" data-widget_type=\"text-editor.default\">\n\t\t\t\t<div class=\"elementor-widget-container\">\n\t\t\t\t\t\t\t\t\t<p>Porte pr\u00e9-cellulaire pour entrep\u00f4ts frigorifiques Mod\u00e8le <a href=\"https:\/\/www.mivsrl.com\/fr\/prodotto\/porte-semi-isolante-va-et-vient\/\"><strong>Va et Vient<\/strong><\/a><\/p>\n\t\t\t\t\t\t\t\t<\/div>\n\t\t\t\t<\/div>\n\t\t\t\t\t<\/div>\n\t\t<\/div>\n\t\t\t\t\t<\/div>\n\t\t<\/section>\n\t\t\t\t<section class=\"elementor-section elementor-top-section elementor-element elementor-element-f71879f elementor-section-boxed elementor-section-height-default elementor-section-height-default wd-section-disabled\" data-id=\"f71879f\" data-element_type=\"section\" data-e-type=\"section\">\n\t\t\t\t\t\t<div class=\"elementor-container elementor-column-gap-default\">\n\t\t\t\t\t<div class=\"elementor-column elementor-col-50 elementor-top-column elementor-element elementor-element-775d2b0\" data-id=\"775d2b0\" data-element_type=\"column\" data-e-type=\"column\">\n\t\t\t<div class=\"elementor-widget-wrap elementor-element-populated\">\n\t\t\t\t\t\t<div class=\"elementor-element elementor-element-eb4002a elementor-widget elementor-widget-wd_image_or_svg\" data-id=\"eb4002a\" data-element_type=\"widget\" data-e-type=\"widget\" data-widget_type=\"wd_image_or_svg.default\">\n\t\t\t\t<div class=\"elementor-widget-container\">\n\t\t\t\t\t\n\t\t<div class=\"wd-image text-left\">\n\t\t\t\t\t\t\t\t<img decoding=\"async\" width=\"1701\" height=\"1701\" src=\"https:\/\/www.mivsrl.com\/wp-content\/themes\/woodmart\/images\/lazy.png\" class=\"attachment-full size-full wp-image-37829 wd-lazy-load wd-lazy-fade\" alt=\"porta_per_celle_frigorifere_per_supermercato_tipo-ufficio\" srcset=\"\" sizes=\"(max-width: 1701px) 100vw, 1701px\" data-wood-src=\"https:\/\/www.mivsrl.com\/wp-content\/uploads\/2022\/02\/porta_per_celle_frigorifere_per_supermercato_tipo-ufficio.webp\" data-srcset=\"https:\/\/www.mivsrl.com\/wp-content\/uploads\/2022\/02\/porta_per_celle_frigorifere_per_supermercato_tipo-ufficio.webp 1701w, https:\/\/www.mivsrl.com\/wp-content\/uploads\/2022\/02\/porta_per_celle_frigorifere_per_supermercato_tipo-ufficio-300x300.webp 300w, https:\/\/www.mivsrl.com\/wp-content\/uploads\/2022\/02\/porta_per_celle_frigorifere_per_supermercato_tipo-ufficio-1024x1024.webp 1024w, https:\/\/www.mivsrl.com\/wp-content\/uploads\/2022\/02\/porta_per_celle_frigorifere_per_supermercato_tipo-ufficio-150x150.webp 150w, https:\/\/www.mivsrl.com\/wp-content\/uploads\/2022\/02\/porta_per_celle_frigorifere_per_supermercato_tipo-ufficio-768x768.webp 768w, https:\/\/www.mivsrl.com\/wp-content\/uploads\/2022\/02\/porta_per_celle_frigorifere_per_supermercato_tipo-ufficio-1536x1536.webp 1536w, https:\/\/www.mivsrl.com\/wp-content\/uploads\/2022\/02\/porta_per_celle_frigorifere_per_supermercato_tipo-ufficio-600x600.webp 600w\" \/>\t\t\t\t\t<\/div>\n\n\t\t\t\t\t\t<\/div>\n\t\t\t\t<\/div>\n\t\t\t\t\t<\/div>\n\t\t<\/div>\n\t\t\t\t<div class=\"elementor-column elementor-col-50 elementor-top-column elementor-element elementor-element-f33a7ce\" data-id=\"f33a7ce\" data-element_type=\"column\" data-e-type=\"column\">\n\t\t\t<div class=\"elementor-widget-wrap elementor-element-populated\">\n\t\t\t\t\t\t<div class=\"elementor-element elementor-element-d658501 elementor-widget elementor-widget-wd_image_or_svg\" data-id=\"d658501\" data-element_type=\"widget\" data-e-type=\"widget\" data-widget_type=\"wd_image_or_svg.default\">\n\t\t\t\t<div class=\"elementor-widget-container\">\n\t\t\t\t\t\n\t\t<div class=\"wd-image text-left\">\n\t\t\t\t\t\t\t\t<img decoding=\"async\" width=\"1984\" height=\"1984\" src=\"https:\/\/www.mivsrl.com\/wp-content\/themes\/woodmart\/images\/lazy.png\" class=\"attachment-full size-full wp-image-37832 wd-lazy-load wd-lazy-fade\" alt=\"porta_per_celle_frigorifere_per_supermercato_va-e-vieni\" srcset=\"\" sizes=\"(max-width: 1984px) 100vw, 1984px\" data-wood-src=\"https:\/\/www.mivsrl.com\/wp-content\/uploads\/2022\/02\/porta_per_celle_frigorifere_per_supermercato_va-e-vieni.webp\" data-srcset=\"https:\/\/www.mivsrl.com\/wp-content\/uploads\/2022\/02\/porta_per_celle_frigorifere_per_supermercato_va-e-vieni.webp 1984w, https:\/\/www.mivsrl.com\/wp-content\/uploads\/2022\/02\/porta_per_celle_frigorifere_per_supermercato_va-e-vieni-300x300.webp 300w, https:\/\/www.mivsrl.com\/wp-content\/uploads\/2022\/02\/porta_per_celle_frigorifere_per_supermercato_va-e-vieni-1024x1024.webp 1024w, https:\/\/www.mivsrl.com\/wp-content\/uploads\/2022\/02\/porta_per_celle_frigorifere_per_supermercato_va-e-vieni-150x150.webp 150w, https:\/\/www.mivsrl.com\/wp-content\/uploads\/2022\/02\/porta_per_celle_frigorifere_per_supermercato_va-e-vieni-768x768.webp 768w, https:\/\/www.mivsrl.com\/wp-content\/uploads\/2022\/02\/porta_per_celle_frigorifere_per_supermercato_va-e-vieni-1536x1536.webp 1536w, https:\/\/www.mivsrl.com\/wp-content\/uploads\/2022\/02\/porta_per_celle_frigorifere_per_supermercato_va-e-vieni-600x600.webp 600w\" \/>\t\t\t\t\t<\/div>\n\n\t\t\t\t\t\t<\/div>\n\t\t\t\t<\/div>\n\t\t\t\t\t<\/div>\n\t\t<\/div>\n\t\t\t\t\t<\/div>\n\t\t<\/section>\n\t\t\t\t<section class=\"elementor-section elementor-top-section elementor-element elementor-element-8746e42 elementor-section-boxed elementor-section-height-default elementor-section-height-default wd-section-disabled\" data-id=\"8746e42\" data-element_type=\"section\" data-e-type=\"section\">\n\t\t\t\t\t\t<div class=\"elementor-container elementor-column-gap-default\">\n\t\t\t\t\t<div class=\"elementor-column elementor-col-100 elementor-top-column elementor-element elementor-element-e715f69\" data-id=\"e715f69\" data-element_type=\"column\" data-e-type=\"column\">\n\t\t\t<div class=\"elementor-widget-wrap elementor-element-populated\">\n\t\t\t\t\t\t<div class=\"elementor-element elementor-element-8573f82 elementor-widget elementor-widget-wd_text_block\" data-id=\"8573f82\" data-element_type=\"widget\" data-e-type=\"widget\" data-widget_type=\"wd_text_block.default\">\n\t\t\t\t<div class=\"elementor-widget-container\">\n\t\t\t\t\t\t\t<div class=\"wd-text-block reset-last-child text-left\">\n\t\t\t\n\t\t\t<h3>Coordonn\u00e9es des portes des entrep\u00f4ts frigorifiques des supermarch\u00e9s.<\/h3><p>Pour plus d'informations, \u00e9crivez-nous \u00e0 notre <a href=\"https:\/\/www.mivsrl.com\/fr\/contacts-de-la-porte-de-la-chambre-froide\/\">formulaire de contact<\/a>.<br>Contact whatsapp: <a href=\"https:\/\/api.whatsapp.com\/message\/BWKLO7GYVGFDK1\">https:\/\/api.whatsapp.com\/message\/BWKLO7GYVGFDK1<\/a><br>Link Facebook: <a href=\"https:\/\/www.facebook.com\/mivrefrigeration\">https:\/\/www.facebook.com\/mivrefrigeration<\/a><br>Link Linkedin: <a href=\"https:\/\/www.linkedin.com\/company\/mivinsulatingsystems\/mycompany\/?viewAsMember=true\">linkedin.com\/company\/mivinsulatingsystems<\/a><\/p>\n\t\t\t\t\t<\/div>\n\t\t\t\t\t\t<\/div>\n\t\t\t\t<\/div>\n\t\t\t\t\t<\/div>\n\t\t<\/div>\n\t\t\t\t\t<\/div>\n\t\t<\/section>\n\t\t\t\t<section class=\"elementor-section elementor-top-section elementor-element elementor-element-359b272 elementor-section-boxed elementor-section-height-default elementor-section-height-default wd-section-disabled\" data-id=\"359b272\" data-element_type=\"section\" data-e-type=\"section\">\n\t\t\t\t\t\t<div class=\"elementor-container elementor-column-gap-default\">\n\t\t\t\t\t\t<\/div>\n\t\t<\/section>\n\t\t\t\t<section class=\"elementor-section elementor-top-section elementor-element elementor-element-bd6c14e elementor-section-boxed elementor-section-height-default elementor-section-height-default wd-section-disabled\" data-id=\"bd6c14e\" data-element_type=\"section\" data-e-type=\"section\">\n\t\t\t\t\t\t<div class=\"elementor-container elementor-column-gap-default\">\n\t\t\t\t\t\t<\/div>\n\t\t<\/section>\n\t\t\t\t<\/div>\n\t\t","protected":false},"excerpt":{"rendered":"<p>L&rsquo;importance des portes de chambres froides industrielles, utilis\u00e9es pour le stockage des aliments dans les supermarch\u00e9s. <\/p>\n","protected":false},"author":1,"featured_media":37840,"comment_status":"closed","ping_status":"closed","sticky":false,"template":"","format":"standard","meta":{"footnotes":""},"categories":[129],"tags":[446,457,458,459,460,461,462],"class_list":["post-31514","post","type-post","status-publish","format-standard","has-post-thumbnail","hentry","category-nouvelles","tag-portes","tag-portes-pour-entrepots-frigorifiques","tag-portes-fr","tag-portes-pour-entrepots-frigorifiques-de-supermarches","tag-supermarches","tag-portes-chiller","tag-portes-frezeer"],"yoast_head":"<!-- This site is optimized with the Yoast SEO plugin v27.4 - https:\/\/yoast.com\/product\/yoast-seo-wordpress\/ -->\n<title>Chambres froides dans les supermarch\u00e9s - Miv Insulating Systems<\/title>\n<meta name=\"description\" content=\"L&#039;importance des portes de chambres froides industrielles, utilis\u00e9es pour le stockage des aliments dans les supermarch\u00e9s.\" \/>\n<meta name=\"robots\" content=\"index, follow, max-snippet:-1, max-image-preview:large, max-video-preview:-1\" \/>\n<link rel=\"canonical\" href=\"https:\/\/www.mivsrl.com\/fr\/chambres-froides-dans-les-supermarches\/\" \/>\n<meta property=\"og:locale\" content=\"fr_FR\" \/>\n<meta property=\"og:type\" content=\"article\" \/>\n<meta property=\"og:title\" content=\"Chambres froides dans les supermarch\u00e9s - Miv Insulating Systems\" \/>\n<meta property=\"og:description\" content=\"L&#039;importance des portes de chambres froides industrielles, utilis\u00e9es pour le stockage des aliments dans les supermarch\u00e9s.\" \/>\n<meta property=\"og:url\" content=\"https:\/\/www.mivsrl.com\/fr\/chambres-froides-dans-les-supermarches\/\" \/>\n<meta property=\"og:site_name\" content=\"Miv Insulating Systems\" \/>\n<meta property=\"article:publisher\" content=\"https:\/\/www.facebook.com\/mivrefrigeration\" \/>\n<meta property=\"article:published_time\" content=\"2024-05-07T09:30:15+00:00\" \/>\n<meta property=\"article:modified_time\" content=\"2024-05-07T09:32:16+00:00\" \/>\n<meta property=\"og:image\" content=\"https:\/\/www.mivsrl.com\/wp-content\/uploads\/2022\/02\/porta_per_celle_frigorifere_per_supermercato_1.jpg\" \/>\n\t<meta property=\"og:image:width\" content=\"1600\" \/>\n\t<meta property=\"og:image:height\" content=\"1200\" \/>\n\t<meta property=\"og:image:type\" content=\"image\/jpeg\" \/>\n<meta name=\"author\" content=\"Miv srl\" \/>\n<meta name=\"twitter:card\" content=\"summary_large_image\" \/>\n<meta name=\"twitter:label1\" content=\"\u00c9crit par\" \/>\n\t<meta name=\"twitter:data1\" content=\"Miv srl\" \/>\n\t<meta name=\"twitter:label2\" content=\"Dur\u00e9e de lecture estim\u00e9e\" \/>\n\t<meta name=\"twitter:data2\" content=\"6 minutes\" \/>\n<script type=\"application\/ld+json\" class=\"yoast-schema-graph\">{\"@context\":\"https:\\\/\\\/schema.org\",\"@graph\":[{\"@type\":\"Article\",\"@id\":\"https:\\\/\\\/www.mivsrl.com\\\/fr\\\/chambres-froides-dans-les-supermarches\\\/#article\",\"isPartOf\":{\"@id\":\"https:\\\/\\\/www.mivsrl.com\\\/fr\\\/chambres-froides-dans-les-supermarches\\\/\"},\"author\":{\"name\":\"Miv srl\",\"@id\":\"https:\\\/\\\/www.mivsrl.com\\\/fr\\\/#\\\/schema\\\/person\\\/8154812948a91d51492f3e4a37c9ef70\"},\"headline\":\"Chambres froides dans les supermarch\u00e9s\",\"datePublished\":\"2024-05-07T09:30:15+00:00\",\"dateModified\":\"2024-05-07T09:32:16+00:00\",\"mainEntityOfPage\":{\"@id\":\"https:\\\/\\\/www.mivsrl.com\\\/fr\\\/chambres-froides-dans-les-supermarches\\\/\"},\"wordCount\":1127,\"image\":{\"@id\":\"https:\\\/\\\/www.mivsrl.com\\\/fr\\\/chambres-froides-dans-les-supermarches\\\/#primaryimage\"},\"thumbnailUrl\":\"https:\\\/\\\/www.mivsrl.com\\\/wp-content\\\/uploads\\\/2022\\\/02\\\/porta_per_celle_frigorifere_per_supermercato_1.jpg\",\"keywords\":[\"Portes\",\"portes pour entrep\u00f4ts frigorifiques\",\"portes\",\"Portes pour entrep\u00f4ts frigorifiques de supermarch\u00e9s\",\"supermarch\u00e9s\",\"Portes Chiller\",\"Portes Frezeer\"],\"articleSection\":[\"Nouvelles\"],\"inLanguage\":\"fr-FR\"},{\"@type\":\"WebPage\",\"@id\":\"https:\\\/\\\/www.mivsrl.com\\\/fr\\\/chambres-froides-dans-les-supermarches\\\/\",\"url\":\"https:\\\/\\\/www.mivsrl.com\\\/fr\\\/chambres-froides-dans-les-supermarches\\\/\",\"name\":\"Chambres froides dans les supermarch\u00e9s - Miv Insulating Systems\",\"isPartOf\":{\"@id\":\"https:\\\/\\\/www.mivsrl.com\\\/fr\\\/#website\"},\"primaryImageOfPage\":{\"@id\":\"https:\\\/\\\/www.mivsrl.com\\\/fr\\\/chambres-froides-dans-les-supermarches\\\/#primaryimage\"},\"image\":{\"@id\":\"https:\\\/\\\/www.mivsrl.com\\\/fr\\\/chambres-froides-dans-les-supermarches\\\/#primaryimage\"},\"thumbnailUrl\":\"https:\\\/\\\/www.mivsrl.com\\\/wp-content\\\/uploads\\\/2022\\\/02\\\/porta_per_celle_frigorifere_per_supermercato_1.jpg\",\"datePublished\":\"2024-05-07T09:30:15+00:00\",\"dateModified\":\"2024-05-07T09:32:16+00:00\",\"author\":{\"@id\":\"https:\\\/\\\/www.mivsrl.com\\\/fr\\\/#\\\/schema\\\/person\\\/8154812948a91d51492f3e4a37c9ef70\"},\"description\":\"L'importance des portes de chambres froides industrielles, utilis\u00e9es pour le stockage des aliments dans les supermarch\u00e9s.\",\"breadcrumb\":{\"@id\":\"https:\\\/\\\/www.mivsrl.com\\\/fr\\\/chambres-froides-dans-les-supermarches\\\/#breadcrumb\"},\"inLanguage\":\"fr-FR\",\"potentialAction\":[{\"@type\":\"ReadAction\",\"target\":[\"https:\\\/\\\/www.mivsrl.com\\\/fr\\\/chambres-froides-dans-les-supermarches\\\/\"]}]},{\"@type\":\"ImageObject\",\"inLanguage\":\"fr-FR\",\"@id\":\"https:\\\/\\\/www.mivsrl.com\\\/fr\\\/chambres-froides-dans-les-supermarches\\\/#primaryimage\",\"url\":\"https:\\\/\\\/www.mivsrl.com\\\/wp-content\\\/uploads\\\/2022\\\/02\\\/porta_per_celle_frigorifere_per_supermercato_1.jpg\",\"contentUrl\":\"https:\\\/\\\/www.mivsrl.com\\\/wp-content\\\/uploads\\\/2022\\\/02\\\/porta_per_celle_frigorifere_per_supermercato_1.jpg\",\"width\":1600,\"height\":1200,\"caption\":\"porta_per_celle_frigorifere_per_supermercato_1\"},{\"@type\":\"BreadcrumbList\",\"@id\":\"https:\\\/\\\/www.mivsrl.com\\\/fr\\\/chambres-froides-dans-les-supermarches\\\/#breadcrumb\",\"itemListElement\":[{\"@type\":\"ListItem\",\"position\":1,\"name\":\"Home\",\"item\":\"https:\\\/\\\/www.mivsrl.com\\\/fr\\\/\"},{\"@type\":\"ListItem\",\"position\":2,\"name\":\"Chambres froides dans les supermarch\u00e9s\"}]},{\"@type\":\"WebSite\",\"@id\":\"https:\\\/\\\/www.mivsrl.com\\\/fr\\\/#website\",\"url\":\"https:\\\/\\\/www.mivsrl.com\\\/fr\\\/\",\"name\":\"Miv Insulating Systems\",\"description\":\"Produzione di porte e accessori per celle frigorifere\",\"potentialAction\":[{\"@type\":\"SearchAction\",\"target\":{\"@type\":\"EntryPoint\",\"urlTemplate\":\"https:\\\/\\\/www.mivsrl.com\\\/fr\\\/?s={search_term_string}\"},\"query-input\":{\"@type\":\"PropertyValueSpecification\",\"valueRequired\":true,\"valueName\":\"search_term_string\"}}],\"inLanguage\":\"fr-FR\"},{\"@type\":\"Person\",\"@id\":\"https:\\\/\\\/www.mivsrl.com\\\/fr\\\/#\\\/schema\\\/person\\\/8154812948a91d51492f3e4a37c9ef70\",\"name\":\"Miv srl\",\"image\":{\"@type\":\"ImageObject\",\"inLanguage\":\"fr-FR\",\"@id\":\"https:\\\/\\\/secure.gravatar.com\\\/avatar\\\/f8f9b8d309b2fe0638a69c52e43af3a71aee5bd3880b767b71bcac00c2aaa532?s=96&d=mm&r=g\",\"url\":\"https:\\\/\\\/secure.gravatar.com\\\/avatar\\\/f8f9b8d309b2fe0638a69c52e43af3a71aee5bd3880b767b71bcac00c2aaa532?s=96&d=mm&r=g\",\"contentUrl\":\"https:\\\/\\\/secure.gravatar.com\\\/avatar\\\/f8f9b8d309b2fe0638a69c52e43af3a71aee5bd3880b767b71bcac00c2aaa532?s=96&d=mm&r=g\",\"caption\":\"Miv srl\"},\"sameAs\":[\"https:\\\/\\\/www.mivsrl.com\"],\"url\":\"https:\\\/\\\/www.mivsrl.com\\\/fr\\\/author\\\/produzione-di-porte-e-accessori-per-celle-frigorif\\\/\"}]}<\/script>\n<!-- \/ Yoast SEO plugin. -->","yoast_head_json":{"title":"Chambres froides dans les supermarch\u00e9s - Miv Insulating Systems","description":"L'importance des portes de chambres froides industrielles, utilis\u00e9es pour le stockage des aliments dans les supermarch\u00e9s.","robots":{"index":"index","follow":"follow","max-snippet":"max-snippet:-1","max-image-preview":"max-image-preview:large","max-video-preview":"max-video-preview:-1"},"canonical":"https:\/\/www.mivsrl.com\/fr\/chambres-froides-dans-les-supermarches\/","og_locale":"fr_FR","og_type":"article","og_title":"Chambres froides dans les supermarch\u00e9s - Miv Insulating Systems","og_description":"L'importance des portes de chambres froides industrielles, utilis\u00e9es pour le stockage des aliments dans les supermarch\u00e9s.","og_url":"https:\/\/www.mivsrl.com\/fr\/chambres-froides-dans-les-supermarches\/","og_site_name":"Miv Insulating Systems","article_publisher":"https:\/\/www.facebook.com\/mivrefrigeration","article_published_time":"2024-05-07T09:30:15+00:00","article_modified_time":"2024-05-07T09:32:16+00:00","og_image":[{"width":1600,"height":1200,"url":"https:\/\/www.mivsrl.com\/wp-content\/uploads\/2022\/02\/porta_per_celle_frigorifere_per_supermercato_1.jpg","type":"image\/jpeg"}],"author":"Miv srl","twitter_card":"summary_large_image","twitter_misc":{"\u00c9crit par":"Miv srl","Dur\u00e9e de lecture estim\u00e9e":"6 minutes"},"schema":{"@context":"https:\/\/schema.org","@graph":[{"@type":"Article","@id":"https:\/\/www.mivsrl.com\/fr\/chambres-froides-dans-les-supermarches\/#article","isPartOf":{"@id":"https:\/\/www.mivsrl.com\/fr\/chambres-froides-dans-les-supermarches\/"},"author":{"name":"Miv srl","@id":"https:\/\/www.mivsrl.com\/fr\/#\/schema\/person\/8154812948a91d51492f3e4a37c9ef70"},"headline":"Chambres froides dans les supermarch\u00e9s","datePublished":"2024-05-07T09:30:15+00:00","dateModified":"2024-05-07T09:32:16+00:00","mainEntityOfPage":{"@id":"https:\/\/www.mivsrl.com\/fr\/chambres-froides-dans-les-supermarches\/"},"wordCount":1127,"image":{"@id":"https:\/\/www.mivsrl.com\/fr\/chambres-froides-dans-les-supermarches\/#primaryimage"},"thumbnailUrl":"https:\/\/www.mivsrl.com\/wp-content\/uploads\/2022\/02\/porta_per_celle_frigorifere_per_supermercato_1.jpg","keywords":["Portes","portes pour entrep\u00f4ts frigorifiques","portes","Portes pour entrep\u00f4ts frigorifiques de supermarch\u00e9s","supermarch\u00e9s","Portes Chiller","Portes Frezeer"],"articleSection":["Nouvelles"],"inLanguage":"fr-FR"},{"@type":"WebPage","@id":"https:\/\/www.mivsrl.com\/fr\/chambres-froides-dans-les-supermarches\/","url":"https:\/\/www.mivsrl.com\/fr\/chambres-froides-dans-les-supermarches\/","name":"Chambres froides dans les supermarch\u00e9s - Miv Insulating Systems","isPartOf":{"@id":"https:\/\/www.mivsrl.com\/fr\/#website"},"primaryImageOfPage":{"@id":"https:\/\/www.mivsrl.com\/fr\/chambres-froides-dans-les-supermarches\/#primaryimage"},"image":{"@id":"https:\/\/www.mivsrl.com\/fr\/chambres-froides-dans-les-supermarches\/#primaryimage"},"thumbnailUrl":"https:\/\/www.mivsrl.com\/wp-content\/uploads\/2022\/02\/porta_per_celle_frigorifere_per_supermercato_1.jpg","datePublished":"2024-05-07T09:30:15+00:00","dateModified":"2024-05-07T09:32:16+00:00","author":{"@id":"https:\/\/www.mivsrl.com\/fr\/#\/schema\/person\/8154812948a91d51492f3e4a37c9ef70"},"description":"L'importance des portes de chambres froides industrielles, utilis\u00e9es pour le stockage des aliments dans les supermarch\u00e9s.","breadcrumb":{"@id":"https:\/\/www.mivsrl.com\/fr\/chambres-froides-dans-les-supermarches\/#breadcrumb"},"inLanguage":"fr-FR","potentialAction":[{"@type":"ReadAction","target":["https:\/\/www.mivsrl.com\/fr\/chambres-froides-dans-les-supermarches\/"]}]},{"@type":"ImageObject","inLanguage":"fr-FR","@id":"https:\/\/www.mivsrl.com\/fr\/chambres-froides-dans-les-supermarches\/#primaryimage","url":"https:\/\/www.mivsrl.com\/wp-content\/uploads\/2022\/02\/porta_per_celle_frigorifere_per_supermercato_1.jpg","contentUrl":"https:\/\/www.mivsrl.com\/wp-content\/uploads\/2022\/02\/porta_per_celle_frigorifere_per_supermercato_1.jpg","width":1600,"height":1200,"caption":"porta_per_celle_frigorifere_per_supermercato_1"},{"@type":"BreadcrumbList","@id":"https:\/\/www.mivsrl.com\/fr\/chambres-froides-dans-les-supermarches\/#breadcrumb","itemListElement":[{"@type":"ListItem","position":1,"name":"Home","item":"https:\/\/www.mivsrl.com\/fr\/"},{"@type":"ListItem","position":2,"name":"Chambres froides dans les supermarch\u00e9s"}]},{"@type":"WebSite","@id":"https:\/\/www.mivsrl.com\/fr\/#website","url":"https:\/\/www.mivsrl.com\/fr\/","name":"Miv Insulating Systems","description":"Produzione di porte e accessori per celle frigorifere","potentialAction":[{"@type":"SearchAction","target":{"@type":"EntryPoint","urlTemplate":"https:\/\/www.mivsrl.com\/fr\/?s={search_term_string}"},"query-input":{"@type":"PropertyValueSpecification","valueRequired":true,"valueName":"search_term_string"}}],"inLanguage":"fr-FR"},{"@type":"Person","@id":"https:\/\/www.mivsrl.com\/fr\/#\/schema\/person\/8154812948a91d51492f3e4a37c9ef70","name":"Miv srl","image":{"@type":"ImageObject","inLanguage":"fr-FR","@id":"https:\/\/secure.gravatar.com\/avatar\/f8f9b8d309b2fe0638a69c52e43af3a71aee5bd3880b767b71bcac00c2aaa532?s=96&d=mm&r=g","url":"https:\/\/secure.gravatar.com\/avatar\/f8f9b8d309b2fe0638a69c52e43af3a71aee5bd3880b767b71bcac00c2aaa532?s=96&d=mm&r=g","contentUrl":"https:\/\/secure.gravatar.com\/avatar\/f8f9b8d309b2fe0638a69c52e43af3a71aee5bd3880b767b71bcac00c2aaa532?s=96&d=mm&r=g","caption":"Miv srl"},"sameAs":["https:\/\/www.mivsrl.com"],"url":"https:\/\/www.mivsrl.com\/fr\/author\/produzione-di-porte-e-accessori-per-celle-frigorif\/"}]}},"_links":{"self":[{"href":"https:\/\/www.mivsrl.com\/fr\/wp-json\/wp\/v2\/posts\/31514","targetHints":{"allow":["GET"]}}],"collection":[{"href":"https:\/\/www.mivsrl.com\/fr\/wp-json\/wp\/v2\/posts"}],"about":[{"href":"https:\/\/www.mivsrl.com\/fr\/wp-json\/wp\/v2\/types\/post"}],"author":[{"embeddable":true,"href":"https:\/\/www.mivsrl.com\/fr\/wp-json\/wp\/v2\/users\/1"}],"replies":[{"embeddable":true,"href":"https:\/\/www.mivsrl.com\/fr\/wp-json\/wp\/v2\/comments?post=31514"}],"version-history":[{"count":0,"href":"https:\/\/www.mivsrl.com\/fr\/wp-json\/wp\/v2\/posts\/31514\/revisions"}],"wp:featuredmedia":[{"embeddable":true,"href":"https:\/\/www.mivsrl.com\/fr\/wp-json\/wp\/v2\/media\/37840"}],"wp:attachment":[{"href":"https:\/\/www.mivsrl.com\/fr\/wp-json\/wp\/v2\/media?parent=31514"}],"wp:term":[{"taxonomy":"category","embeddable":true,"href":"https:\/\/www.mivsrl.com\/fr\/wp-json\/wp\/v2\/categories?post=31514"},{"taxonomy":"post_tag","embeddable":true,"href":"https:\/\/www.mivsrl.com\/fr\/wp-json\/wp\/v2\/tags?post=31514"}],"curies":[{"name":"wp","href":"https:\/\/api.w.org\/{rel}","templated":true}]}}