{"id":31551,"date":"2024-02-15T08:30:26","date_gmt":"2024-02-15T07:30:26","guid":{"rendered":"https:\/\/www.mivsrl.com\/portes-techniques-semi-isolantes\/"},"modified":"2024-02-22T08:56:59","modified_gmt":"2024-02-22T07:56:59","slug":"portes-techniques-semi-isolantes","status":"publish","type":"post","link":"https:\/\/www.mivsrl.com\/fr\/portes-techniques-semi-isolantes\/","title":{"rendered":"Portes techniques semi-isolantes"},"content":{"rendered":"\t\t<div data-elementor-type=\"wp-post\" data-elementor-id=\"31551\" class=\"elementor elementor-31551 elementor-20177\">\n\t\t\t\t\t\t<section class=\"elementor-section elementor-top-section elementor-element elementor-element-c2b3834 elementor-section-boxed elementor-section-height-default elementor-section-height-default wd-section-disabled\" data-id=\"c2b3834\" data-element_type=\"section\" data-e-type=\"section\">\n\t\t\t\t\t\t<div class=\"elementor-container elementor-column-gap-default\">\n\t\t\t\t\t<div class=\"elementor-column elementor-col-100 elementor-top-column elementor-element elementor-element-27dfda5\" data-id=\"27dfda5\" data-element_type=\"column\" data-e-type=\"column\">\n\t\t\t<div class=\"elementor-widget-wrap elementor-element-populated\">\n\t\t\t\t\t\t<div class=\"elementor-element elementor-element-26092b6 color-scheme-inherit text-left elementor-widget elementor-widget-text-editor\" data-id=\"26092b6\" data-element_type=\"widget\" data-e-type=\"widget\" data-widget_type=\"text-editor.default\">\n\t\t\t\t<div class=\"elementor-widget-container\">\n\t\t\t\t\t\t\t\t\t<h2><strong>Types d&rsquo;applications des portes semi-isolantes Mod\u00e8les de Type Bureau et mod\u00e8les Va et Vient\u00a0<\/strong><\/h2><p>Dans le cadre de diverses applications, telles que les entrep\u00f4ts de stockage, les chambres froides industrielles ou pour la grande distribution, il est primordial de pouvoir acc\u00e9der rapidement \u00e0 l&rsquo;environnement climatis\u00e9 \u00e0 l&rsquo;aide de chariots \u00e9l\u00e9vateurs ou d&rsquo;\u00e9quipements logistiques, sans la fonctionnalit\u00e9 du chambre froide peut encore en souffrir.<\/p><p>Pour les chambres froides \u00e0 temp\u00e9rature positive, o\u00f9 la cha\u00eene du froid peut avoir des fluctuations plus importantes, MIV Insulating Systems produit une gamme de portes techniques semi-isolantes, strictement pour int\u00e9rieurs, battantes et coulissantes.<\/p>\t\t\t\t\t\t\t\t<\/div>\n\t\t\t\t<\/div>\n\t\t\t\t<div class=\"elementor-element elementor-element-7a777aa color-scheme-inherit text-left elementor-widget elementor-widget-text-editor\" data-id=\"7a777aa\" data-element_type=\"widget\" data-e-type=\"widget\" data-widget_type=\"text-editor.default\">\n\t\t\t\t<div class=\"elementor-widget-container\">\n\t\t\t\t\t\t\t\t\t<h2><strong>Sp\u00e9cifications techniques des portes semi-isol\u00e9es Mod\u00e8les Type Bureau et Va et Vient<\/strong><\/h2>\n<h4><strong>Comment installer les portes de Type Bureau et les portes Va et Vient<\/strong><\/h4>\n<span style=\"font-size: 15.4px; color: var( --e-global-color-text ); background-color: var(--wd-main-bgcolor);\">Les portes de <a href=\"https:\/\/www.mivsrl.com\/fr\/produit\/porte-semi-isolante-type-bureau\/\"><em><strong>Type bureau<\/strong><\/em><\/a> et <a href=\"https:\/\/www.mivsrl.com\/fr\/produit\/porte-semi-isolante-va-et-vient\/\"><em><strong>Va et Vient<\/strong><\/em><\/a>\u00a0 peuvent \u00eatre install\u00e9es sur site avec un cadre enveloppant sur un panneau ou uniquement \u00e0 l&rsquo;ext\u00e9rieur sur un mur en ma\u00e7onnerie; gr\u00e2ce aux diff\u00e9rents articles du catalogue dans la rubrique ch\u00e2ssis et contre-ch\u00e2ssis, en polym\u00e8re ou en aluminium, la pose sur tout type de support d&rsquo;\u00e9paisseurs de 60 \u00e0 90 mm est autoris\u00e9e. et de 90 \u00e0 120 mm. La fixation du cadre et du faux-ch\u00e2ssis s&rsquo;effectue \u00e0 l&rsquo;aide de vis de fixation qui sont ensuite masqu\u00e9es par des capuchons ou des couvercles pour pr\u00e9server un aspect esth\u00e9tique et pour une plus grande fonctionnalit\u00e9 technique.<\/span>\n<h4><strong>\u00c0 quoi ressemblent les portes des Type bureau et des Va e Vient<\/strong><\/h4> \n<span style=\"font-size: 15.4px; color: var( --e-global-color-text ); background-color: var(--wd-main-bgcolor);\">La porte battante, avec bords en aluminium de 40 mm d&rsquo;\u00e9paisseur, est inject\u00e9e \u00e0 l&rsquo;int\u00e9rieur d&rsquo;une mousse de polyur\u00e9thane PUR, totalement exempte de CFC (Chloro-Fluoro-Carbides) et conforme aux r\u00e9glementations environnementales (GWP=0), avec une densit\u00e9 variable de 42- 44 kg\/mc. Le rev\u00eatement interne\/externe de la porte, dans la version standard, est en t\u00f4le de zinc plastifi\u00e9e, chlorure de polyvinyle, apte au contact alimentaire (non toxique\/approuv\u00e9 alimentaire). Les joints qui y sont appliqu\u00e9s sont en EPDM \u00e0 cellules ferm\u00e9es.<\/span><span style=\"font-size: 15.4px; color: var( --e-global-color-text ); background-color: var(--wd-main-bgcolor);\">\n<\/span><\/h4>\t\t\t\t\t\t\t\t<\/div>\n\t\t\t\t<\/div>\n\t\t\t\t<div class=\"elementor-element elementor-element-75aa172 color-scheme-inherit text-left elementor-widget elementor-widget-text-editor\" data-id=\"75aa172\" data-element_type=\"widget\" data-e-type=\"widget\" data-widget_type=\"text-editor.default\">\n\t\t\t\t<div class=\"elementor-widget-container\">\n\t\t\t\t\t\t\t\t\t<h2><strong>Mod\u00e8les de portes semi-isol\u00e9es Type Bureau et Va et Vient<\/strong><\/h2><p><span style=\"font-size: 15.4px; color: var( --e-global-color-text ); background-color: var(--wd-main-bgcolor);\">La porte <a href=\"https:\/\/www.mivsrl.com\/fr\/produit\/porte-semi-isolante-type-bureau\/\"><span style=\"font-size: 16pt; font-style: italic; font-weight: bold;\">Type Bureau<\/span><\/a> est \u00e9quip\u00e9e d&rsquo;une serrure et d&rsquo;une poign\u00e9e en polyamide noir et de charni\u00e8res en compound Ixef, un polym\u00e8re thermoplastique renforc\u00e9 \u00e0 tr\u00e8s haut module de r\u00e9sistance. C&rsquo;est la porte standard pour le cloisonnement d&rsquo;environnements diff\u00e9rents mais avec des temp\u00e9ratures de fonctionnement similaires, comme les bureaux, les locaux techniques, les toilettes ou les passages int\u00e9rieurs.<\/span><\/p>\t\t\t\t\t\t\t\t<\/div>\n\t\t\t\t<\/div>\n\t\t\t\t<div class=\"elementor-element elementor-element-388eba5 elementor-widget__width-auto color-scheme-inherit text-left elementor-widget elementor-widget-text-editor\" data-id=\"388eba5\" data-element_type=\"widget\" data-e-type=\"widget\" data-widget_type=\"text-editor.default\">\n\t\t\t\t<div class=\"elementor-widget-container\">\n\t\t\t\t\t\t\t\t\t<p>Mod\u00e8le de porte <strong><a href=\"https:\/\/www.mivsrl.com\/fr\/produit\/porte-semi-isolante-type-bureau\/\"><em>Type Bureau<\/em><\/a><\/strong><\/p>\t\t\t\t\t\t\t\t<\/div>\n\t\t\t\t<\/div>\n\t\t\t\t<div class=\"elementor-element elementor-element-5db014e elementor-widget elementor-widget-wd_images_gallery\" data-id=\"5db014e\" data-element_type=\"widget\" data-e-type=\"widget\" data-widget_type=\"wd_images_gallery.default\">\n\t\t\t\t<div class=\"elementor-widget-container\">\n\t\t\t\t\t\t\t<div class=\"wd-images-gallery wd-justify-center wd-items-middle view-grid photoswipe-images\" >\n\t\t\t<div class=\"gallery-images row wd-spacing-30\">\n\t\t\t\t\t\t\t\t\t\t\t\t\t\t<div class=\"wd-gallery-item  col-lg-6 col-md-6 col-12\">\n\t\t\t\t\t\t\t\t\t\t\t\t\t<a  href=\"https:\/\/www.mivsrl.com\/wp-content\/uploads\/2024\/02\/tipo-ufficio.jpg\"data-width=\"1701\" data-height=\"1701\" data-index=\"1\" data-elementor-open-lightbox=\"no\">\n\t\t\t\t\t\t\n\t\t\t\t\t\t<img decoding=\"async\" class=\"wd-lazy-load wd-lazy-fade\" src=\"https:\/\/www.mivsrl.com\/wp-content\/themes\/woodmart\/images\/lazy.png\" data-wood-src=\"https:\/\/www.mivsrl.com\/wp-content\/uploads\/2024\/02\/tipo-ufficio-1024x1024.jpg\"alt=\"tipo-ufficio.jpg\">\n\t\t\t\t\t\t\t\t\t\t\t\t\t<\/a>\n\t\t\t\t\t\t\t\t\t\t\t<\/div>\n\t\t\t\t\t\t\t\t\t\t\t\t\t\t\t<div class=\"wd-gallery-item  col-lg-6 col-md-6 col-12\">\n\t\t\t\t\t\t\t\t\t\t\t\t\t<a  href=\"https:\/\/www.mivsrl.com\/wp-content\/uploads\/2024\/02\/porta-frigorifera-industriale-semi-isolante-tipo-ufficio-2.jpg\"data-width=\"2000\" data-height=\"1125\" data-index=\"2\" data-elementor-open-lightbox=\"no\">\n\t\t\t\t\t\t\n\t\t\t\t\t\t<img decoding=\"async\" class=\"wd-lazy-load wd-lazy-fade\" src=\"https:\/\/www.mivsrl.com\/wp-content\/themes\/woodmart\/images\/lazy.png\" data-wood-src=\"https:\/\/www.mivsrl.com\/wp-content\/uploads\/2024\/02\/porta-frigorifera-industriale-semi-isolante-tipo-ufficio-2-1024x576.jpg\"alt=\"porta-frigorifera-industriale-semi-isolante-tipo-ufficio-2.jpg\">\n\t\t\t\t\t\t\t\t\t\t\t\t\t<\/a>\n\t\t\t\t\t\t\t\t\t\t\t<\/div>\n\t\t\t\t\t\t\t\t<\/div>\n\t\t<\/div>\n\t\t\t\t\t\t<\/div>\n\t\t\t\t<\/div>\n\t\t\t\t<div class=\"elementor-element elementor-element-cdbe488 color-scheme-inherit text-left elementor-widget elementor-widget-text-editor\" data-id=\"cdbe488\" data-element_type=\"widget\" data-e-type=\"widget\" data-widget_type=\"text-editor.default\">\n\t\t\t\t<div class=\"elementor-widget-container\">\n\t\t\t\t\t\t\t\t\t<p><span style=\"font-size: 15.4px; color: var( --e-global-color-text ); background-color: var(--wd-main-bgcolor);\">La porte <a href=\"https:\/\/www.mivsrl.com\/fr\/produit\/porte-semi-isolante-va-et-vient\/\"><span style=\"font-size: 16pt; font-style: italic; font-weight: bold;\">Va et Vient <\/span><\/a>, sans poign\u00e9e ni fermeture, s&rsquo;ouvre en &lsquo;poussant&rsquo; ; il est \u00e9quip\u00e9 de charni\u00e8res \u00e0 ressort qui permettent une ouverture bidirectionnelle libre (+90 \u00e0 -90 degr\u00e9s) avec la pr\u00e9sence d&rsquo;une but\u00e9e pour maintenir la porte en position ouverte \u00e0 angle droit. Il est utilis\u00e9 dans le passage fr\u00e9quent dans les deux sens par du personnel utilisant des chariots ou des \u00e9quipements.<\/span><\/p>\t\t\t\t\t\t\t\t<\/div>\n\t\t\t\t<\/div>\n\t\t\t\t<div class=\"elementor-element elementor-element-aa0fbef elementor-widget__width-auto color-scheme-inherit text-left elementor-widget elementor-widget-text-editor\" data-id=\"aa0fbef\" data-element_type=\"widget\" data-e-type=\"widget\" data-widget_type=\"text-editor.default\">\n\t\t\t\t<div class=\"elementor-widget-container\">\n\t\t\t\t\t\t\t\t\t<p>Mod\u00e8le de porte <a href=\"https:\/\/www.mivsrl.com\/fr\/produit\/porte-semi-isolante-va-et-vient\/\"><em><strong>Va et Vient<\/strong><\/em><\/a><\/p>\t\t\t\t\t\t\t\t<\/div>\n\t\t\t\t<\/div>\n\t\t\t\t<div class=\"elementor-element elementor-element-28a661f elementor-widget elementor-widget-wd_images_gallery\" data-id=\"28a661f\" data-element_type=\"widget\" data-e-type=\"widget\" data-widget_type=\"wd_images_gallery.default\">\n\t\t\t\t<div class=\"elementor-widget-container\">\n\t\t\t\t\t\t\t<div class=\"wd-images-gallery wd-justify-center wd-items-middle view-grid photoswipe-images\" >\n\t\t\t<div class=\"gallery-images row wd-spacing-30\">\n\t\t\t\t\t\t\t\t\t\t\t\t\t\t<div class=\"wd-gallery-item  col-lg-6 col-md-6 col-12\">\n\t\t\t\t\t\t\t\t\t\t\t\t\t<a  href=\"https:\/\/www.mivsrl.com\/wp-content\/uploads\/2024\/02\/porta-frigorifera-industriale-semi-isolante-va-e-vieni-va-e-viene-porte-semi-isolanti-montaggio.jpg\"data-width=\"1984\" data-height=\"1984\" data-index=\"1\" data-elementor-open-lightbox=\"no\">\n\t\t\t\t\t\t\n\t\t\t\t\t\t<img decoding=\"async\" class=\"wd-lazy-load wd-lazy-fade\" src=\"https:\/\/www.mivsrl.com\/wp-content\/themes\/woodmart\/images\/lazy.png\" data-wood-src=\"https:\/\/www.mivsrl.com\/wp-content\/uploads\/2024\/02\/porta-frigorifera-industriale-semi-isolante-va-e-vieni-va-e-viene-porte-semi-isolanti-montaggio-1024x1024.jpg\"alt=\"porta-frigorifera-industriale-semi-isolante-va-e-vieni-va-e-viene-porte-semi-isolanti-montaggio.jpg\">\n\t\t\t\t\t\t\t\t\t\t\t\t\t<\/a>\n\t\t\t\t\t\t\t\t\t\t\t<\/div>\n\t\t\t\t\t\t\t\t\t\t\t\t\t\t\t<div class=\"wd-gallery-item  col-lg-6 col-md-6 col-12\">\n\t\t\t\t\t\t\t\t\t\t\t\t\t<a  href=\"https:\/\/www.mivsrl.com\/wp-content\/uploads\/2024\/02\/porta-frigorifera-industriale-semi-isolante-va-e-vieni-section-door.jpg\"data-width=\"2000\" data-height=\"1500\" data-index=\"2\" data-elementor-open-lightbox=\"no\">\n\t\t\t\t\t\t\n\t\t\t\t\t\t<img decoding=\"async\" class=\"wd-lazy-load wd-lazy-fade\" src=\"https:\/\/www.mivsrl.com\/wp-content\/themes\/woodmart\/images\/lazy.png\" data-wood-src=\"https:\/\/www.mivsrl.com\/wp-content\/uploads\/2024\/02\/porta-frigorifera-industriale-semi-isolante-va-e-vieni-section-door-1024x768.jpg\"alt=\"porta-frigorifera-industriale-semi-isolante-va-e-vieni-section-door.jpg\">\n\t\t\t\t\t\t\t\t\t\t\t\t\t<\/a>\n\t\t\t\t\t\t\t\t\t\t\t<\/div>\n\t\t\t\t\t\t\t\t<\/div>\n\t\t<\/div>\n\t\t\t\t\t\t<\/div>\n\t\t\t\t<\/div>\n\t\t\t\t<div class=\"elementor-element elementor-element-d9347e6 color-scheme-inherit text-left elementor-widget elementor-widget-text-editor\" data-id=\"d9347e6\" data-element_type=\"widget\" data-e-type=\"widget\" data-widget_type=\"text-editor.default\">\n\t\t\t\t<div class=\"elementor-widget-container\">\n\t\t\t\t\t\t\t\t\t<p><span style=\"font-size: 15.4px; color: var( --e-global-color-text ); background-color: var(--wd-main-bgcolor);\">Protection int\u00e9rieure et ext\u00e9rieure en option \u00e0 hauteur variable de 30 \u00e0 100 cm. en pvc, inox ou poly\u00e9thyl\u00e8ne. Sur demande, dans la partie sup\u00e9rieure, au centre de la porte, un hublot ou une fen\u00eatre, r\u00e9alis\u00e9 en polycarbonate transparent appliqu\u00e9 sur le joint p\u00e9rim\u00e9trique.<\/span><\/p><h3>Informations de contact<\/h3><p>Pour plus d&rsquo;informations, \u00e9crivez-nous en utilisant notre <a href=\"https:\/\/www.mivsrl.com\/fr\/contacts-de-la-porte-de-la-chambre-froide\/\">formulaire de contact.<\/a><br \/>Contact whatsapp: <a href=\"https:\/\/api.whatsapp.com\/message\/BWKLO7GYVGFDK1\">https:\/\/api.whatsapp.com\/message\/BWKLO7GYVGFDK1<\/a><br \/>Link Facebook: <a href=\"https:\/\/www.facebook.com\/mivrefrigeration\">https:\/\/www.facebook.com\/mivrefrigeration<\/a><br \/>Link Linkedin: <a href=\"https:\/\/www.linkedin.com\/company\/mivinsulatingsystems\/mycompany\/?viewAsMember=true\">Linkedin.com\/company\/mivinsulatingsystems<\/a><\/p>\t\t\t\t\t\t\t\t<\/div>\n\t\t\t\t<\/div>\n\t\t\t\t\t<\/div>\n\t\t<\/div>\n\t\t\t\t\t<\/div>\n\t\t<\/section>\n\t\t\t\t<\/div>\n\t\t","protected":false},"excerpt":{"rendered":"<p>Dans le cadre de diverses applications, telles que les entrep\u00f4ts de stockage, les chambres froides industrielles ou pour la grande<\/p>\n","protected":false},"author":1,"featured_media":27638,"comment_status":"closed","ping_status":"closed","sticky":false,"template":"","format":"standard","meta":{"footnotes":""},"categories":[296],"tags":[405,406,407,408,409,410,411],"class_list":["post-31551","post","type-post","status-publish","format-standard","has-post-thumbnail","hentry","category-news-it","tag-porte-de-type-bureau","tag-porte-va-et-vient","tag-portes-interieures","tag-portes-dentrepot","tag-portes-semi-isolantes","tag-portes-sur-charnieres","tag-portes-techniques-semi-isolees"],"yoast_head":"<!-- This site is optimized with the Yoast SEO plugin v27.4 - https:\/\/yoast.com\/product\/yoast-seo-wordpress\/ -->\n<title>Portes techniques semi-isolantes - Miv Insulating Systems<\/title>\n<meta name=\"description\" content=\"Portes techniq. semi-isolantes Type Bur et Va et Vient : MIV prod. une gamme de portes techniq. semi-isolantes, strictement destin\u00e9es \u00e0 un usage int\u00e9rieur.\" \/>\n<meta name=\"robots\" content=\"index, follow, max-snippet:-1, max-image-preview:large, max-video-preview:-1\" \/>\n<link rel=\"canonical\" href=\"https:\/\/www.mivsrl.com\/fr\/portes-techniques-semi-isolantes\/\" \/>\n<meta property=\"og:locale\" content=\"fr_FR\" \/>\n<meta property=\"og:type\" content=\"article\" \/>\n<meta property=\"og:title\" content=\"Portes techniques semi-isolantes - Miv Insulating Systems\" \/>\n<meta property=\"og:description\" content=\"Portes techniq. semi-isolantes Type Bur et Va et Vient : MIV prod. une gamme de portes techniq. semi-isolantes, strictement destin\u00e9es \u00e0 un usage int\u00e9rieur.\" \/>\n<meta property=\"og:url\" content=\"https:\/\/www.mivsrl.com\/fr\/portes-techniques-semi-isolantes\/\" \/>\n<meta property=\"og:site_name\" content=\"Miv Insulating Systems\" \/>\n<meta property=\"article:publisher\" content=\"https:\/\/www.facebook.com\/mivrefrigeration\" \/>\n<meta property=\"article:published_time\" content=\"2024-02-15T07:30:26+00:00\" \/>\n<meta property=\"article:modified_time\" content=\"2024-02-22T07:56:59+00:00\" \/>\n<meta property=\"og:image\" content=\"https:\/\/www.mivsrl.com\/wp-content\/uploads\/2022\/02\/ART.-1-Cold-storage-interior-da-montare-scaled-1.jpeg\" \/>\n\t<meta property=\"og:image:width\" content=\"2560\" \/>\n\t<meta property=\"og:image:height\" content=\"1707\" \/>\n\t<meta property=\"og:image:type\" content=\"image\/jpeg\" \/>\n<meta name=\"author\" content=\"Miv srl\" \/>\n<meta name=\"twitter:card\" content=\"summary_large_image\" \/>\n<meta name=\"twitter:label1\" content=\"\u00c9crit par\" \/>\n\t<meta name=\"twitter:data1\" content=\"Miv srl\" \/>\n\t<meta name=\"twitter:label2\" content=\"Dur\u00e9e de lecture estim\u00e9e\" \/>\n\t<meta name=\"twitter:data2\" content=\"3 minutes\" \/>\n<script type=\"application\/ld+json\" class=\"yoast-schema-graph\">{\"@context\":\"https:\\\/\\\/schema.org\",\"@graph\":[{\"@type\":\"Article\",\"@id\":\"https:\\\/\\\/www.mivsrl.com\\\/fr\\\/portes-techniques-semi-isolantes\\\/#article\",\"isPartOf\":{\"@id\":\"https:\\\/\\\/www.mivsrl.com\\\/fr\\\/portes-techniques-semi-isolantes\\\/\"},\"author\":{\"name\":\"Miv srl\",\"@id\":\"https:\\\/\\\/www.mivsrl.com\\\/fr\\\/#\\\/schema\\\/person\\\/8154812948a91d51492f3e4a37c9ef70\"},\"headline\":\"Portes techniques semi-isolantes\",\"datePublished\":\"2024-02-15T07:30:26+00:00\",\"dateModified\":\"2024-02-22T07:56:59+00:00\",\"mainEntityOfPage\":{\"@id\":\"https:\\\/\\\/www.mivsrl.com\\\/fr\\\/portes-techniques-semi-isolantes\\\/\"},\"wordCount\":479,\"image\":{\"@id\":\"https:\\\/\\\/www.mivsrl.com\\\/fr\\\/portes-techniques-semi-isolantes\\\/#primaryimage\"},\"thumbnailUrl\":\"https:\\\/\\\/www.mivsrl.com\\\/wp-content\\\/uploads\\\/2022\\\/02\\\/ART.-1-Cold-storage-interior-da-montare-scaled-1.jpeg\",\"keywords\":[\"Porte de type bureau\",\"Porte va-et-vient\",\"Portes int\u00e9rieures\",\"Portes d'entrep\u00f4t\",\"Portes semi-isolantes\",\"Portes sur charni\u00e8res\",\"Portes techniques semi-isol\u00e9es\"],\"articleSection\":[\"News\"],\"inLanguage\":\"fr-FR\"},{\"@type\":\"WebPage\",\"@id\":\"https:\\\/\\\/www.mivsrl.com\\\/fr\\\/portes-techniques-semi-isolantes\\\/\",\"url\":\"https:\\\/\\\/www.mivsrl.com\\\/fr\\\/portes-techniques-semi-isolantes\\\/\",\"name\":\"Portes techniques semi-isolantes - Miv Insulating Systems\",\"isPartOf\":{\"@id\":\"https:\\\/\\\/www.mivsrl.com\\\/fr\\\/#website\"},\"primaryImageOfPage\":{\"@id\":\"https:\\\/\\\/www.mivsrl.com\\\/fr\\\/portes-techniques-semi-isolantes\\\/#primaryimage\"},\"image\":{\"@id\":\"https:\\\/\\\/www.mivsrl.com\\\/fr\\\/portes-techniques-semi-isolantes\\\/#primaryimage\"},\"thumbnailUrl\":\"https:\\\/\\\/www.mivsrl.com\\\/wp-content\\\/uploads\\\/2022\\\/02\\\/ART.-1-Cold-storage-interior-da-montare-scaled-1.jpeg\",\"datePublished\":\"2024-02-15T07:30:26+00:00\",\"dateModified\":\"2024-02-22T07:56:59+00:00\",\"author\":{\"@id\":\"https:\\\/\\\/www.mivsrl.com\\\/fr\\\/#\\\/schema\\\/person\\\/8154812948a91d51492f3e4a37c9ef70\"},\"description\":\"Portes techniq. semi-isolantes Type Bur et Va et Vient : MIV prod. une gamme de portes techniq. semi-isolantes, strictement destin\u00e9es \u00e0 un usage int\u00e9rieur.\",\"breadcrumb\":{\"@id\":\"https:\\\/\\\/www.mivsrl.com\\\/fr\\\/portes-techniques-semi-isolantes\\\/#breadcrumb\"},\"inLanguage\":\"fr-FR\",\"potentialAction\":[{\"@type\":\"ReadAction\",\"target\":[\"https:\\\/\\\/www.mivsrl.com\\\/fr\\\/portes-techniques-semi-isolantes\\\/\"]}]},{\"@type\":\"ImageObject\",\"inLanguage\":\"fr-FR\",\"@id\":\"https:\\\/\\\/www.mivsrl.com\\\/fr\\\/portes-techniques-semi-isolantes\\\/#primaryimage\",\"url\":\"https:\\\/\\\/www.mivsrl.com\\\/wp-content\\\/uploads\\\/2022\\\/02\\\/ART.-1-Cold-storage-interior-da-montare-scaled-1.jpeg\",\"contentUrl\":\"https:\\\/\\\/www.mivsrl.com\\\/wp-content\\\/uploads\\\/2022\\\/02\\\/ART.-1-Cold-storage-interior-da-montare-scaled-1.jpeg\",\"width\":2560,\"height\":1707},{\"@type\":\"BreadcrumbList\",\"@id\":\"https:\\\/\\\/www.mivsrl.com\\\/fr\\\/portes-techniques-semi-isolantes\\\/#breadcrumb\",\"itemListElement\":[{\"@type\":\"ListItem\",\"position\":1,\"name\":\"Home\",\"item\":\"https:\\\/\\\/www.mivsrl.com\\\/fr\\\/\"},{\"@type\":\"ListItem\",\"position\":2,\"name\":\"Portes techniques semi-isolantes\"}]},{\"@type\":\"WebSite\",\"@id\":\"https:\\\/\\\/www.mivsrl.com\\\/fr\\\/#website\",\"url\":\"https:\\\/\\\/www.mivsrl.com\\\/fr\\\/\",\"name\":\"Miv Insulating Systems\",\"description\":\"Produzione di porte e accessori per celle frigorifere\",\"potentialAction\":[{\"@type\":\"SearchAction\",\"target\":{\"@type\":\"EntryPoint\",\"urlTemplate\":\"https:\\\/\\\/www.mivsrl.com\\\/fr\\\/?s={search_term_string}\"},\"query-input\":{\"@type\":\"PropertyValueSpecification\",\"valueRequired\":true,\"valueName\":\"search_term_string\"}}],\"inLanguage\":\"fr-FR\"},{\"@type\":\"Person\",\"@id\":\"https:\\\/\\\/www.mivsrl.com\\\/fr\\\/#\\\/schema\\\/person\\\/8154812948a91d51492f3e4a37c9ef70\",\"name\":\"Miv srl\",\"image\":{\"@type\":\"ImageObject\",\"inLanguage\":\"fr-FR\",\"@id\":\"https:\\\/\\\/secure.gravatar.com\\\/avatar\\\/f8f9b8d309b2fe0638a69c52e43af3a71aee5bd3880b767b71bcac00c2aaa532?s=96&d=mm&r=g\",\"url\":\"https:\\\/\\\/secure.gravatar.com\\\/avatar\\\/f8f9b8d309b2fe0638a69c52e43af3a71aee5bd3880b767b71bcac00c2aaa532?s=96&d=mm&r=g\",\"contentUrl\":\"https:\\\/\\\/secure.gravatar.com\\\/avatar\\\/f8f9b8d309b2fe0638a69c52e43af3a71aee5bd3880b767b71bcac00c2aaa532?s=96&d=mm&r=g\",\"caption\":\"Miv srl\"},\"sameAs\":[\"https:\\\/\\\/www.mivsrl.com\"],\"url\":\"https:\\\/\\\/www.mivsrl.com\\\/fr\\\/author\\\/produzione-di-porte-e-accessori-per-celle-frigorif\\\/\"}]}<\/script>\n<!-- \/ Yoast SEO plugin. -->","yoast_head_json":{"title":"Portes techniques semi-isolantes - Miv Insulating Systems","description":"Portes techniq. semi-isolantes Type Bur et Va et Vient : MIV prod. une gamme de portes techniq. semi-isolantes, strictement destin\u00e9es \u00e0 un usage int\u00e9rieur.","robots":{"index":"index","follow":"follow","max-snippet":"max-snippet:-1","max-image-preview":"max-image-preview:large","max-video-preview":"max-video-preview:-1"},"canonical":"https:\/\/www.mivsrl.com\/fr\/portes-techniques-semi-isolantes\/","og_locale":"fr_FR","og_type":"article","og_title":"Portes techniques semi-isolantes - Miv Insulating Systems","og_description":"Portes techniq. semi-isolantes Type Bur et Va et Vient : MIV prod. une gamme de portes techniq. semi-isolantes, strictement destin\u00e9es \u00e0 un usage int\u00e9rieur.","og_url":"https:\/\/www.mivsrl.com\/fr\/portes-techniques-semi-isolantes\/","og_site_name":"Miv Insulating Systems","article_publisher":"https:\/\/www.facebook.com\/mivrefrigeration","article_published_time":"2024-02-15T07:30:26+00:00","article_modified_time":"2024-02-22T07:56:59+00:00","og_image":[{"width":2560,"height":1707,"url":"https:\/\/www.mivsrl.com\/wp-content\/uploads\/2022\/02\/ART.-1-Cold-storage-interior-da-montare-scaled-1.jpeg","type":"image\/jpeg"}],"author":"Miv srl","twitter_card":"summary_large_image","twitter_misc":{"\u00c9crit par":"Miv srl","Dur\u00e9e de lecture estim\u00e9e":"3 minutes"},"schema":{"@context":"https:\/\/schema.org","@graph":[{"@type":"Article","@id":"https:\/\/www.mivsrl.com\/fr\/portes-techniques-semi-isolantes\/#article","isPartOf":{"@id":"https:\/\/www.mivsrl.com\/fr\/portes-techniques-semi-isolantes\/"},"author":{"name":"Miv srl","@id":"https:\/\/www.mivsrl.com\/fr\/#\/schema\/person\/8154812948a91d51492f3e4a37c9ef70"},"headline":"Portes techniques semi-isolantes","datePublished":"2024-02-15T07:30:26+00:00","dateModified":"2024-02-22T07:56:59+00:00","mainEntityOfPage":{"@id":"https:\/\/www.mivsrl.com\/fr\/portes-techniques-semi-isolantes\/"},"wordCount":479,"image":{"@id":"https:\/\/www.mivsrl.com\/fr\/portes-techniques-semi-isolantes\/#primaryimage"},"thumbnailUrl":"https:\/\/www.mivsrl.com\/wp-content\/uploads\/2022\/02\/ART.-1-Cold-storage-interior-da-montare-scaled-1.jpeg","keywords":["Porte de type bureau","Porte va-et-vient","Portes int\u00e9rieures","Portes d'entrep\u00f4t","Portes semi-isolantes","Portes sur charni\u00e8res","Portes techniques semi-isol\u00e9es"],"articleSection":["News"],"inLanguage":"fr-FR"},{"@type":"WebPage","@id":"https:\/\/www.mivsrl.com\/fr\/portes-techniques-semi-isolantes\/","url":"https:\/\/www.mivsrl.com\/fr\/portes-techniques-semi-isolantes\/","name":"Portes techniques semi-isolantes - Miv Insulating Systems","isPartOf":{"@id":"https:\/\/www.mivsrl.com\/fr\/#website"},"primaryImageOfPage":{"@id":"https:\/\/www.mivsrl.com\/fr\/portes-techniques-semi-isolantes\/#primaryimage"},"image":{"@id":"https:\/\/www.mivsrl.com\/fr\/portes-techniques-semi-isolantes\/#primaryimage"},"thumbnailUrl":"https:\/\/www.mivsrl.com\/wp-content\/uploads\/2022\/02\/ART.-1-Cold-storage-interior-da-montare-scaled-1.jpeg","datePublished":"2024-02-15T07:30:26+00:00","dateModified":"2024-02-22T07:56:59+00:00","author":{"@id":"https:\/\/www.mivsrl.com\/fr\/#\/schema\/person\/8154812948a91d51492f3e4a37c9ef70"},"description":"Portes techniq. semi-isolantes Type Bur et Va et Vient : MIV prod. une gamme de portes techniq. semi-isolantes, strictement destin\u00e9es \u00e0 un usage int\u00e9rieur.","breadcrumb":{"@id":"https:\/\/www.mivsrl.com\/fr\/portes-techniques-semi-isolantes\/#breadcrumb"},"inLanguage":"fr-FR","potentialAction":[{"@type":"ReadAction","target":["https:\/\/www.mivsrl.com\/fr\/portes-techniques-semi-isolantes\/"]}]},{"@type":"ImageObject","inLanguage":"fr-FR","@id":"https:\/\/www.mivsrl.com\/fr\/portes-techniques-semi-isolantes\/#primaryimage","url":"https:\/\/www.mivsrl.com\/wp-content\/uploads\/2022\/02\/ART.-1-Cold-storage-interior-da-montare-scaled-1.jpeg","contentUrl":"https:\/\/www.mivsrl.com\/wp-content\/uploads\/2022\/02\/ART.-1-Cold-storage-interior-da-montare-scaled-1.jpeg","width":2560,"height":1707},{"@type":"BreadcrumbList","@id":"https:\/\/www.mivsrl.com\/fr\/portes-techniques-semi-isolantes\/#breadcrumb","itemListElement":[{"@type":"ListItem","position":1,"name":"Home","item":"https:\/\/www.mivsrl.com\/fr\/"},{"@type":"ListItem","position":2,"name":"Portes techniques semi-isolantes"}]},{"@type":"WebSite","@id":"https:\/\/www.mivsrl.com\/fr\/#website","url":"https:\/\/www.mivsrl.com\/fr\/","name":"Miv Insulating Systems","description":"Produzione di porte e accessori per celle frigorifere","potentialAction":[{"@type":"SearchAction","target":{"@type":"EntryPoint","urlTemplate":"https:\/\/www.mivsrl.com\/fr\/?s={search_term_string}"},"query-input":{"@type":"PropertyValueSpecification","valueRequired":true,"valueName":"search_term_string"}}],"inLanguage":"fr-FR"},{"@type":"Person","@id":"https:\/\/www.mivsrl.com\/fr\/#\/schema\/person\/8154812948a91d51492f3e4a37c9ef70","name":"Miv srl","image":{"@type":"ImageObject","inLanguage":"fr-FR","@id":"https:\/\/secure.gravatar.com\/avatar\/f8f9b8d309b2fe0638a69c52e43af3a71aee5bd3880b767b71bcac00c2aaa532?s=96&d=mm&r=g","url":"https:\/\/secure.gravatar.com\/avatar\/f8f9b8d309b2fe0638a69c52e43af3a71aee5bd3880b767b71bcac00c2aaa532?s=96&d=mm&r=g","contentUrl":"https:\/\/secure.gravatar.com\/avatar\/f8f9b8d309b2fe0638a69c52e43af3a71aee5bd3880b767b71bcac00c2aaa532?s=96&d=mm&r=g","caption":"Miv srl"},"sameAs":["https:\/\/www.mivsrl.com"],"url":"https:\/\/www.mivsrl.com\/fr\/author\/produzione-di-porte-e-accessori-per-celle-frigorif\/"}]}},"_links":{"self":[{"href":"https:\/\/www.mivsrl.com\/fr\/wp-json\/wp\/v2\/posts\/31551","targetHints":{"allow":["GET"]}}],"collection":[{"href":"https:\/\/www.mivsrl.com\/fr\/wp-json\/wp\/v2\/posts"}],"about":[{"href":"https:\/\/www.mivsrl.com\/fr\/wp-json\/wp\/v2\/types\/post"}],"author":[{"embeddable":true,"href":"https:\/\/www.mivsrl.com\/fr\/wp-json\/wp\/v2\/users\/1"}],"replies":[{"embeddable":true,"href":"https:\/\/www.mivsrl.com\/fr\/wp-json\/wp\/v2\/comments?post=31551"}],"version-history":[{"count":0,"href":"https:\/\/www.mivsrl.com\/fr\/wp-json\/wp\/v2\/posts\/31551\/revisions"}],"wp:featuredmedia":[{"embeddable":true,"href":"https:\/\/www.mivsrl.com\/fr\/wp-json\/wp\/v2\/media\/27638"}],"wp:attachment":[{"href":"https:\/\/www.mivsrl.com\/fr\/wp-json\/wp\/v2\/media?parent=31551"}],"wp:term":[{"taxonomy":"category","embeddable":true,"href":"https:\/\/www.mivsrl.com\/fr\/wp-json\/wp\/v2\/categories?post=31551"},{"taxonomy":"post_tag","embeddable":true,"href":"https:\/\/www.mivsrl.com\/fr\/wp-json\/wp\/v2\/tags?post=31551"}],"curies":[{"name":"wp","href":"https:\/\/api.w.org\/{rel}","templated":true}]}}