{"id":31553,"date":"2023-12-11T10:51:06","date_gmt":"2023-12-11T09:51:06","guid":{"rendered":"https:\/\/www.mivsrl.com\/lutilisation-de-la-chambre-froide-dans-les-abattoirs\/"},"modified":"2023-12-11T10:51:33","modified_gmt":"2023-12-11T09:51:33","slug":"lutilisation-de-la-chambre-froide-dans-les-abattoirs","status":"publish","type":"post","link":"https:\/\/www.mivsrl.com\/fr\/lutilisation-de-la-chambre-froide-dans-les-abattoirs\/","title":{"rendered":"L&rsquo;utilisation de la chambre froide dans les abattoirs"},"content":{"rendered":"\t\t<div data-elementor-type=\"wp-post\" data-elementor-id=\"31553\" class=\"elementor elementor-31553 elementor-20072\">\n\t\t\t\t\t\t<section class=\"elementor-section elementor-top-section elementor-element elementor-element-1bb7bab0 elementor-section-boxed elementor-section-height-default elementor-section-height-default wd-section-disabled\" data-id=\"1bb7bab0\" data-element_type=\"section\" data-e-type=\"section\">\n\t\t\t\t\t\t<div class=\"elementor-container elementor-column-gap-default\">\n\t\t\t\t\t<div class=\"elementor-column elementor-col-100 elementor-top-column elementor-element elementor-element-5da80c11\" data-id=\"5da80c11\" data-element_type=\"column\" data-e-type=\"column\">\n\t\t\t<div class=\"elementor-widget-wrap elementor-element-populated\">\n\t\t\t\t\t\t<div class=\"elementor-element elementor-element-2169a66b color-scheme-inherit text-left elementor-widget elementor-widget-text-editor\" data-id=\"2169a66b\" data-element_type=\"widget\" data-e-type=\"widget\" data-widget_type=\"text-editor.default\">\n\t\t\t\t<div class=\"elementor-widget-container\">\n\t\t\t\t\t\t\t\t\t<p>Les chambres froides sont un \u00e9l\u00e9ment indispensable du processus d&rsquo;abattage de la viande dans toutes ses phases jusqu&rsquo;\u00e0 l&rsquo;exp\u00e9dition par camions frigorifiques vers les destinations finales.<\/p><p>La premi\u00e8re \u00e9tape est celle du refroidissement rapide de la viande de boucherie dans une chambre froide sp\u00e9ciale programm\u00e9e pour que les carcasses puissent atteindre des temp\u00e9ratures comprises entre 4 et 5 \u00b0C en une p\u00e9riode allant jusqu&rsquo;\u00e0 24 heures, pour ensuite \u00eatre conserv\u00e9es entre 0 et &#8211; 2 \u00b0C avec une valeur d&rsquo;humidit\u00e9 qui doit \u00eatre d&rsquo;environ 90 %.<\/p><p>La recirculation de l&rsquo;air contenu \u00e0 l&rsquo;int\u00e9rieur des cellules est fondamentale, qui doit avoir un d\u00e9bit d&rsquo;air ne d\u00e9passant pas 25 Vo\/h (volumes\/heure) et qui ne doit pas \u00eatre en contact direct avec les carcasses elles-m\u00eames.<\/p><p>La deuxi\u00e8me \u00e9tape est celle de la conservation de la viande fra\u00eeche ; dans ce cas, sans pr\u00e9judice des valeurs pr\u00e9c\u00e9dentes de temp\u00e9rature et de recirculation d&rsquo;air, le param\u00e8tre qui change est celui de l&rsquo;humidit\u00e9 qui ne doit pas \u00eatre inf\u00e9rieure \u00e0 85% afin d&rsquo;\u00e9viter une baisse de poids de la viande, mais pas trop sup\u00e9rieure car, si tel \u00e9tait le cas, il y a un risque que la surface de la viande devienne visqueuse.<\/p><p>Par cons\u00e9quent, les chambres froides install\u00e9es \u00e0 l&rsquo;int\u00e9rieur des abattoirs doivent donc avoir une capacit\u00e9 volum\u00e9trique adapt\u00e9e au potentiel de production maximal de l&rsquo;usine ; de cette mani\u00e8re, ils sont en mesure de garantir \u00e0 la fois l&rsquo;obtention rapide (et le maintien cons\u00e9quent) des temp\u00e9ratures \u00e9tablies pour la viande apr\u00e8s son abattage, et une \u00e9limination parfaite du produit m\u00eame en cas de surtransformation, afin d&rsquo;en garantir l&rsquo;authenticit\u00e9.<\/p><p>En effet, les dispositifs de r\u00e9frig\u00e9ration doivent normalement \u00eatre adapt\u00e9s en nombre et en capacit\u00e9 \u00e0 l&rsquo;\u00e9tendue r\u00e9elle de l&rsquo;abattage dans leur p\u00e9riode de travail maximale et, en plus, le type r\u00e9el de traitement doit \u00e9galement \u00eatre pris en consid\u00e9ration car il doit toujours \u00eatre garanti \u00e0 la fois l&rsquo;obtention et, surtout, le maintien des temp\u00e9ratures des viandes requises par la l\u00e9gislation en vigueur.<\/p><p>Les chambres froides doivent \u00e9galement \u00eatre \u00e9quip\u00e9es de syst\u00e8mes de ventilation r\u00e9frig\u00e9r\u00e9e qui garantissent une ventilation ad\u00e9quate \u00e0 l&rsquo;int\u00e9rieur afin d&rsquo;\u00e9viter la formation de condensation dangereuse ; celle-ci doit \u00eatre \u00e9limin\u00e9e par un syst\u00e8me d&rsquo;\u00e9vacuation sp\u00e9cial afin qu&rsquo;elle ne puisse constituer un risque potentiel de contamination pour la viande consid\u00e9r\u00e9e comme comestible.<\/p><p>L&rsquo;importance de la qualit\u00e9 d&rsquo;une chambre froide \u00e0 l&rsquo;int\u00e9rieur des abattoirs n&rsquo;est pas seulement pour la viande destin\u00e9e \u00e0 \u00eatre consomm\u00e9e mais parce que la loi pr\u00e9voit qu&rsquo;il existe des chambres froides sp\u00e9cifiques ou des structures r\u00e9frig\u00e9r\u00e9es fermables pour toute la viande d\u00e9clar\u00e9e impropre \u00e0 la consommation par humains.<\/p><p>A l&rsquo;int\u00e9rieur des cellules de r\u00e9frig\u00e9ration, la s\u00e9paration entre les viandes expos\u00e9es et celles qui ont d\u00e9j\u00e0 \u00e9t\u00e9 emball\u00e9es ou prot\u00e9g\u00e9es doit \u00e9galement \u00eatre absolument garantie ; cette garantie ne peut \u00eatre lev\u00e9e que si les produits des diff\u00e9rentes \u00e9tapes de transformation sont stock\u00e9s \u00e0 des moments diff\u00e9rents ou de telle mani\u00e8re que le mat\u00e9riel d&#8217;emballage et les m\u00e9thodes de stockage ne puissent en aucune mani\u00e8re provoquer une contamination directe ou indirecte de la viande.<\/p><p>Les chambres froides des abattoirs sont \u00e9galement utilis\u00e9es pour les sous-produits car ils doivent \u00eatre plac\u00e9s dans des conteneurs fabriqu\u00e9s avec un mat\u00e9riau appropri\u00e9 et munis d&rsquo;un joint herm\u00e9tique, au cas o\u00f9 ceux-ci ne seraient pas retir\u00e9s pendant la journ\u00e9e. Ils doivent \u00e9galement \u00eatre plac\u00e9s \u00e0 l&rsquo;int\u00e9rieur d&rsquo;une structure ad\u00e9quate (r\u00e9frig\u00e9r\u00e9e ou congel\u00e9e) obligatoire pour proc\u00e9der \u00e0 leur stockage.<\/p><p><a href=\"https:\/\/www.mivsrl.com\/fr\/\"><strong>MIV Insulating Systems<\/strong><\/a> produit des portes sur mesure pour les cellules d&rsquo;abattoir et pour chaque besoin : portes coulissantes ou \u00e0 double battant pour l&rsquo;acc\u00e8s aux zones pr\u00e9-r\u00e9frig\u00e9r\u00e9es, portes de r\u00e9frig\u00e9rateur standard ou coulissantes pour les cellules elles-m\u00eames, en garantissant toujours une parfaite adh\u00e9rence gr\u00e2ce \u00e0 l&rsquo;utilisation de mat\u00e9riaux de haute qualit\u00e9 et de charni\u00e8res sp\u00e9ciales qui permettent non seulement une utilisation continue, mais aussi une tr\u00e8s longue dur\u00e9e dans le temps.<\/p>\t\t\t\t\t\t\t\t<\/div>\n\t\t\t\t<\/div>\n\t\t\t\t<div class=\"elementor-element elementor-element-86e8b86 color-scheme-inherit text-left elementor-widget elementor-widget-text-editor\" data-id=\"86e8b86\" data-element_type=\"widget\" data-e-type=\"widget\" data-widget_type=\"text-editor.default\">\n\t\t\t\t<div class=\"elementor-widget-container\">\n\t\t\t\t\t\t\t\t\t<p>M\u00eame en cas d&rsquo;acc\u00e8s fr\u00e9quent et\/ou continu, les portes de MIV Insulating Systems garantissent toujours un standard de qualit\u00e9 tr\u00e8s \u00e9lev\u00e9 \u00e0 l&rsquo;int\u00e9rieur des cellules, tant en ce qui concerne la temp\u00e9rature que dans le cas o\u00f9 il existe des param\u00e8tres d&rsquo;humidit\u00e9 particuliers ou la pr\u00e9sence d&rsquo;une atmosph\u00e8re prot\u00e9g\u00e9e, alliant praticit\u00e9 et s\u00e9curit\u00e9.<br \/>Le mod\u00e8le de porte <a href=\"https:\/\/www.mivsrl.com\/fr\/produit\/porte-de-refrigeration-industrielle-sur-charniere-pour-temperature-positive-200pg\/\"><strong>200PG<\/strong><\/a> (avec porte battante tournante) ou le mod\u00e8le <a href=\"https:\/\/www.mivsrl.com\/fr\/produit\/porte-coulissante-pour-refrigeration-industrielle-a-temperature-positive-900pg\/\"><strong>900PG<\/strong><\/a> (avec porte battante coulissante) adapt\u00e9s aux cellules avec une temp\u00e9rature de 0 \u00e0 4 \u00b0C, par exemple, sont sp\u00e9cifiquement con\u00e7us pour les abattoirs car ils peuvent \u00e9galement \u00eatre utilis\u00e9s pour s\u00e9parer les diff\u00e9rentes salles de traitement de la viande et permettent ainsi le passage des demi-carcasses d\u00e9j\u00e0 abattues \u00e0 l&rsquo;aide d&rsquo;une glissi\u00e8re sp\u00e9ciale.<\/p>\t\t\t\t\t\t\t\t<\/div>\n\t\t\t\t<\/div>\n\t\t\t\t<div class=\"elementor-element elementor-element-62d31f7 elementor-widget__width-auto color-scheme-inherit text-left elementor-widget elementor-widget-text-editor\" data-id=\"62d31f7\" data-element_type=\"widget\" data-e-type=\"widget\" data-widget_type=\"text-editor.default\">\n\t\t\t\t<div class=\"elementor-widget-container\">\n\t\t\t\t\t\t\t\t\t<p>Porte et section pour chambres froides Mod\u00e8le <a href=\"https:\/\/www.mivsrl.com\/fr\/produit\/porte-de-refrigeration-industrielle-sur-charniere-pour-temperature-positive-200pg\/\"><strong>200PG\u00a0<\/strong>\u00a0<\/a> \u00a0 \u00a0 \u00a0 \u00a0 \u00a0 \u00a0 \u00a0 \u00a0 \u00a0 \u00a0 \u00a0 \u00a0 \u00a0 \u00a0 \u00a0 \u00a0\u00a0<\/p>\t\t\t\t\t\t\t\t<\/div>\n\t\t\t\t<\/div>\n\t\t\t\t<div class=\"elementor-element elementor-element-6e3028e elementor-widget elementor-widget-wd_images_gallery\" data-id=\"6e3028e\" data-element_type=\"widget\" data-e-type=\"widget\" data-widget_type=\"wd_images_gallery.default\">\n\t\t\t\t<div class=\"elementor-widget-container\">\n\t\t\t\t\t\t\t<div class=\"wd-images-gallery wd-justify-center wd-items-middle view-grid photoswipe-images\" >\n\t\t\t<div class=\"gallery-images row wd-spacing-30\">\n\t\t\t\t\t\t\t\t\t\t\t\t\t\t<div class=\"wd-gallery-item  col-lg-6 col-md-6 col-12\">\n\t\t\t\t\t\t\t\t\t\t\t\t\t<a  href=\"https:\/\/www.mivsrl.com\/wp-content\/uploads\/2023\/11\/porta-frigorifera-industriale-200-PG-MODEL.webp\"data-width=\"1200\" data-height=\"1200\" data-index=\"1\" data-elementor-open-lightbox=\"no\">\n\t\t\t\t\t\t\n\t\t\t\t\t\t<img decoding=\"async\" class=\"wd-lazy-load wd-lazy-fade\" src=\"https:\/\/www.mivsrl.com\/wp-content\/themes\/woodmart\/images\/lazy.png\" data-wood-src=\"https:\/\/www.mivsrl.com\/wp-content\/uploads\/2023\/11\/porta-frigorifera-industriale-200-PG-MODEL-1024x1024.webp\"alt=\"porta-frigorifera-industriale-200-PG-MODEL.webp\">\n\t\t\t\t\t\t\t\t\t\t\t\t\t<\/a>\n\t\t\t\t\t\t\t\t\t\t\t<\/div>\n\t\t\t\t\t\t\t\t\t\t\t\t\t\t\t<div class=\"wd-gallery-item  col-lg-6 col-md-6 col-12\">\n\t\t\t\t\t\t\t\t\t\t\t\t\t<a  href=\"https:\/\/www.mivsrl.com\/wp-content\/uploads\/2023\/11\/porta-frigorifera-industriale-SECTION-VIEW-200-PG-.webp\"data-width=\"1200\" data-height=\"675\" data-index=\"2\" data-elementor-open-lightbox=\"no\">\n\t\t\t\t\t\t\n\t\t\t\t\t\t<img decoding=\"async\" class=\"wd-lazy-load wd-lazy-fade\" src=\"https:\/\/www.mivsrl.com\/wp-content\/themes\/woodmart\/images\/lazy.png\" data-wood-src=\"https:\/\/www.mivsrl.com\/wp-content\/uploads\/2023\/11\/porta-frigorifera-industriale-SECTION-VIEW-200-PG--1024x576.webp\"alt=\"porta-frigorifera-industriale-SECTION-VIEW-200-PG-.webp\">\n\t\t\t\t\t\t\t\t\t\t\t\t\t<\/a>\n\t\t\t\t\t\t\t\t\t\t\t<\/div>\n\t\t\t\t\t\t\t\t<\/div>\n\t\t<\/div>\n\t\t\t\t\t\t<\/div>\n\t\t\t\t<\/div>\n\t\t\t\t<div class=\"elementor-element elementor-element-4b8f63b elementor-widget__width-auto color-scheme-inherit text-left elementor-widget elementor-widget-text-editor\" data-id=\"4b8f63b\" data-element_type=\"widget\" data-e-type=\"widget\" data-widget_type=\"text-editor.default\">\n\t\t\t\t<div class=\"elementor-widget-container\">\n\t\t\t\t\t\t\t\t\t<p>Porte et section pour chambres froides Mod\u00e8le <a href=\"https:\/\/www.mivsrl.com\/fr\/produit\/porte-coulissante-pour-refrigeration-industrielle-a-temperature-positive-900pg\/\"><b><i>900PG<\/i><\/b><\/a><\/p>\t\t\t\t\t\t\t\t<\/div>\n\t\t\t\t<\/div>\n\t\t\t\t<div class=\"elementor-element elementor-element-10daae7 elementor-widget elementor-widget-wd_images_gallery\" data-id=\"10daae7\" data-element_type=\"widget\" data-e-type=\"widget\" data-widget_type=\"wd_images_gallery.default\">\n\t\t\t\t<div class=\"elementor-widget-container\">\n\t\t\t\t\t\t\t<div class=\"wd-images-gallery wd-justify-center wd-items-middle view-grid photoswipe-images\" >\n\t\t\t<div class=\"gallery-images row wd-spacing-30\">\n\t\t\t\t\t\t\t\t\t\t\t\t\t\t<div class=\"wd-gallery-item  col-lg-6 col-md-6 col-12\">\n\t\t\t\t\t\t\t\t\t\t\t\t\t<a  href=\"https:\/\/www.mivsrl.com\/wp-content\/uploads\/2023\/11\/porta-cella-frigorifera-industriale-900-pg.webp\"data-width=\"1200\" data-height=\"1200\" data-index=\"1\" data-elementor-open-lightbox=\"no\">\n\t\t\t\t\t\t\n\t\t\t\t\t\t<img decoding=\"async\" class=\"wd-lazy-load wd-lazy-fade\" src=\"https:\/\/www.mivsrl.com\/wp-content\/themes\/woodmart\/images\/lazy.png\" data-wood-src=\"https:\/\/www.mivsrl.com\/wp-content\/uploads\/2023\/11\/porta-cella-frigorifera-industriale-900-pg-1024x1024.webp\"alt=\"porta-cella-frigorifera-industriale-900-pg.webp\">\n\t\t\t\t\t\t\t\t\t\t\t\t\t<\/a>\n\t\t\t\t\t\t\t\t\t\t\t<\/div>\n\t\t\t\t\t\t\t\t\t\t\t\t\t\t\t<div class=\"wd-gallery-item  col-lg-6 col-md-6 col-12\">\n\t\t\t\t\t\t\t\t\t\t\t\t\t<a  href=\"https:\/\/www.mivsrl.com\/wp-content\/uploads\/2023\/11\/porta-cella-frigorifera-industriale-SECTION-VIEW-900-PG-.webp\"data-width=\"1200\" data-height=\"675\" data-index=\"2\" data-elementor-open-lightbox=\"no\">\n\t\t\t\t\t\t\n\t\t\t\t\t\t<img decoding=\"async\" class=\"wd-lazy-load wd-lazy-fade\" src=\"https:\/\/www.mivsrl.com\/wp-content\/themes\/woodmart\/images\/lazy.png\" data-wood-src=\"https:\/\/www.mivsrl.com\/wp-content\/uploads\/2023\/11\/porta-cella-frigorifera-industriale-SECTION-VIEW-900-PG--1024x576.webp\"alt=\"porta-cella-frigorifera-industriale-SECTION-VIEW-900-PG-.webp\">\n\t\t\t\t\t\t\t\t\t\t\t\t\t<\/a>\n\t\t\t\t\t\t\t\t\t\t\t<\/div>\n\t\t\t\t\t\t\t\t<\/div>\n\t\t<\/div>\n\t\t\t\t\t\t<\/div>\n\t\t\t\t<\/div>\n\t\t\t\t<div class=\"elementor-element elementor-element-2a3ffa8 color-scheme-inherit text-left elementor-widget elementor-widget-text-editor\" data-id=\"2a3ffa8\" data-element_type=\"widget\" data-e-type=\"widget\" data-widget_type=\"text-editor.default\">\n\t\t\t\t<div class=\"elementor-widget-container\">\n\t\t\t\t\t\t\t\t\t<p>Ils sont disponibles sans seuil, avec seuil affleurant, avec marche ou seuil \u00e9pais et il a la possibilit\u00e9 de monter certains accessoires tels que la barre anti-panique et le ferme-porte.<\/p><h3>Informations de contact<\/h3><p>Pour plus d&rsquo;informations, \u00e9crivez-nous en utilisant notre <a href=\"https:\/\/www.mivsrl.com\/fr\/contacts-de-la-porte-de-la-chambre-froide\/\">formulaire de contact.<\/a><br \/>Contact whatsapp: <a href=\"https:\/\/api.whatsapp.com\/message\/BWKLO7GYVGFDK1\">https:\/\/api.whatsapp.com\/message\/BWKLO7GYVGFDK1<\/a><br \/>Link Facebook: <a href=\"https:\/\/www.facebook.com\/mivrefrigeration\">https:\/\/www.facebook.com\/mivrefrigeration<\/a><br \/>Link Linkedin: <a href=\"https:\/\/www.linkedin.com\/company\/mivinsulatingsystems\/mycompany\/?viewAsMember=true\">Linkedin.com\/company\/mivinsulatingsystems<\/a><\/p>\t\t\t\t\t\t\t\t<\/div>\n\t\t\t\t<\/div>\n\t\t\t\t\t<\/div>\n\t\t<\/div>\n\t\t\t\t\t<\/div>\n\t\t<\/section>\n\t\t\t\t<\/div>\n\t\t","protected":false},"excerpt":{"rendered":"<p>Les chambres froides sont un \u00e9l\u00e9ment indispensable du processus d&rsquo;abattage de la viande dans toutes ses phases jusqu&rsquo;\u00e0 l&rsquo;exp\u00e9dition par<\/p>\n","protected":false},"author":1,"featured_media":27416,"comment_status":"closed","ping_status":"closed","sticky":false,"template":"","format":"standard","meta":{"footnotes":""},"categories":[129,296],"tags":[],"class_list":["post-31553","post","type-post","status-publish","format-standard","has-post-thumbnail","hentry","category-nouvelles","category-news-it"],"yoast_head":"<!-- This site is optimized with the Yoast SEO plugin v27.4 - https:\/\/yoast.com\/product\/yoast-seo-wordpress\/ -->\n<title>L&#039;utilisation de la chambre froide dans les abattoirs - Miv Insulating Systems<\/title>\n<meta name=\"robots\" content=\"index, follow, max-snippet:-1, max-image-preview:large, max-video-preview:-1\" \/>\n<link rel=\"canonical\" href=\"https:\/\/www.mivsrl.com\/fr\/lutilisation-de-la-chambre-froide-dans-les-abattoirs\/\" \/>\n<meta property=\"og:locale\" content=\"fr_FR\" \/>\n<meta property=\"og:type\" content=\"article\" \/>\n<meta property=\"og:title\" content=\"L&#039;utilisation de la chambre froide dans les abattoirs - Miv Insulating Systems\" \/>\n<meta property=\"og:description\" content=\"Les chambres froides sont un \u00e9l\u00e9ment indispensable du processus d&rsquo;abattage de la viande dans toutes ses phases jusqu&rsquo;\u00e0 l&rsquo;exp\u00e9dition par\" \/>\n<meta property=\"og:url\" content=\"https:\/\/www.mivsrl.com\/fr\/lutilisation-de-la-chambre-froide-dans-les-abattoirs\/\" \/>\n<meta property=\"og:site_name\" content=\"Miv Insulating Systems\" \/>\n<meta property=\"article:publisher\" content=\"https:\/\/www.facebook.com\/mivrefrigeration\" \/>\n<meta property=\"article:published_time\" content=\"2023-12-11T09:51:06+00:00\" \/>\n<meta property=\"article:modified_time\" content=\"2023-12-11T09:51:33+00:00\" \/>\n<meta property=\"og:image\" content=\"https:\/\/www.mivsrl.com\/wp-content\/uploads\/2021\/04\/900-pg.jpg\" \/>\n\t<meta property=\"og:image:width\" content=\"1200\" \/>\n\t<meta property=\"og:image:height\" content=\"1200\" \/>\n\t<meta property=\"og:image:type\" content=\"image\/jpeg\" \/>\n<meta name=\"author\" content=\"Miv srl\" \/>\n<meta name=\"twitter:card\" content=\"summary_large_image\" \/>\n<meta name=\"twitter:label1\" content=\"\u00c9crit par\" \/>\n\t<meta name=\"twitter:data1\" content=\"Miv srl\" \/>\n\t<meta name=\"twitter:label2\" content=\"Dur\u00e9e de lecture estim\u00e9e\" \/>\n\t<meta name=\"twitter:data2\" content=\"5 minutes\" \/>\n<script type=\"application\/ld+json\" class=\"yoast-schema-graph\">{\"@context\":\"https:\\\/\\\/schema.org\",\"@graph\":[{\"@type\":\"Article\",\"@id\":\"https:\\\/\\\/www.mivsrl.com\\\/fr\\\/lutilisation-de-la-chambre-froide-dans-les-abattoirs\\\/#article\",\"isPartOf\":{\"@id\":\"https:\\\/\\\/www.mivsrl.com\\\/fr\\\/lutilisation-de-la-chambre-froide-dans-les-abattoirs\\\/\"},\"author\":{\"name\":\"Miv srl\",\"@id\":\"https:\\\/\\\/www.mivsrl.com\\\/fr\\\/#\\\/schema\\\/person\\\/8154812948a91d51492f3e4a37c9ef70\"},\"headline\":\"L&rsquo;utilisation de la chambre froide dans les abattoirs\",\"datePublished\":\"2023-12-11T09:51:06+00:00\",\"dateModified\":\"2023-12-11T09:51:33+00:00\",\"mainEntityOfPage\":{\"@id\":\"https:\\\/\\\/www.mivsrl.com\\\/fr\\\/lutilisation-de-la-chambre-froide-dans-les-abattoirs\\\/\"},\"wordCount\":990,\"image\":{\"@id\":\"https:\\\/\\\/www.mivsrl.com\\\/fr\\\/lutilisation-de-la-chambre-froide-dans-les-abattoirs\\\/#primaryimage\"},\"thumbnailUrl\":\"https:\\\/\\\/www.mivsrl.com\\\/wp-content\\\/uploads\\\/2021\\\/04\\\/900-pg.jpg\",\"articleSection\":[\"Nouvelles\",\"News\"],\"inLanguage\":\"fr-FR\"},{\"@type\":\"WebPage\",\"@id\":\"https:\\\/\\\/www.mivsrl.com\\\/fr\\\/lutilisation-de-la-chambre-froide-dans-les-abattoirs\\\/\",\"url\":\"https:\\\/\\\/www.mivsrl.com\\\/fr\\\/lutilisation-de-la-chambre-froide-dans-les-abattoirs\\\/\",\"name\":\"L'utilisation de la chambre froide dans les abattoirs - Miv Insulating Systems\",\"isPartOf\":{\"@id\":\"https:\\\/\\\/www.mivsrl.com\\\/fr\\\/#website\"},\"primaryImageOfPage\":{\"@id\":\"https:\\\/\\\/www.mivsrl.com\\\/fr\\\/lutilisation-de-la-chambre-froide-dans-les-abattoirs\\\/#primaryimage\"},\"image\":{\"@id\":\"https:\\\/\\\/www.mivsrl.com\\\/fr\\\/lutilisation-de-la-chambre-froide-dans-les-abattoirs\\\/#primaryimage\"},\"thumbnailUrl\":\"https:\\\/\\\/www.mivsrl.com\\\/wp-content\\\/uploads\\\/2021\\\/04\\\/900-pg.jpg\",\"datePublished\":\"2023-12-11T09:51:06+00:00\",\"dateModified\":\"2023-12-11T09:51:33+00:00\",\"author\":{\"@id\":\"https:\\\/\\\/www.mivsrl.com\\\/fr\\\/#\\\/schema\\\/person\\\/8154812948a91d51492f3e4a37c9ef70\"},\"breadcrumb\":{\"@id\":\"https:\\\/\\\/www.mivsrl.com\\\/fr\\\/lutilisation-de-la-chambre-froide-dans-les-abattoirs\\\/#breadcrumb\"},\"inLanguage\":\"fr-FR\",\"potentialAction\":[{\"@type\":\"ReadAction\",\"target\":[\"https:\\\/\\\/www.mivsrl.com\\\/fr\\\/lutilisation-de-la-chambre-froide-dans-les-abattoirs\\\/\"]}]},{\"@type\":\"ImageObject\",\"inLanguage\":\"fr-FR\",\"@id\":\"https:\\\/\\\/www.mivsrl.com\\\/fr\\\/lutilisation-de-la-chambre-froide-dans-les-abattoirs\\\/#primaryimage\",\"url\":\"https:\\\/\\\/www.mivsrl.com\\\/wp-content\\\/uploads\\\/2021\\\/04\\\/900-pg.jpg\",\"contentUrl\":\"https:\\\/\\\/www.mivsrl.com\\\/wp-content\\\/uploads\\\/2021\\\/04\\\/900-pg.jpg\",\"width\":1200,\"height\":1200},{\"@type\":\"BreadcrumbList\",\"@id\":\"https:\\\/\\\/www.mivsrl.com\\\/fr\\\/lutilisation-de-la-chambre-froide-dans-les-abattoirs\\\/#breadcrumb\",\"itemListElement\":[{\"@type\":\"ListItem\",\"position\":1,\"name\":\"Home\",\"item\":\"https:\\\/\\\/www.mivsrl.com\\\/fr\\\/\"},{\"@type\":\"ListItem\",\"position\":2,\"name\":\"L&#8217;utilisation de la chambre froide dans les abattoirs\"}]},{\"@type\":\"WebSite\",\"@id\":\"https:\\\/\\\/www.mivsrl.com\\\/fr\\\/#website\",\"url\":\"https:\\\/\\\/www.mivsrl.com\\\/fr\\\/\",\"name\":\"Miv Insulating Systems\",\"description\":\"Produzione di porte e accessori per celle frigorifere\",\"potentialAction\":[{\"@type\":\"SearchAction\",\"target\":{\"@type\":\"EntryPoint\",\"urlTemplate\":\"https:\\\/\\\/www.mivsrl.com\\\/fr\\\/?s={search_term_string}\"},\"query-input\":{\"@type\":\"PropertyValueSpecification\",\"valueRequired\":true,\"valueName\":\"search_term_string\"}}],\"inLanguage\":\"fr-FR\"},{\"@type\":\"Person\",\"@id\":\"https:\\\/\\\/www.mivsrl.com\\\/fr\\\/#\\\/schema\\\/person\\\/8154812948a91d51492f3e4a37c9ef70\",\"name\":\"Miv srl\",\"image\":{\"@type\":\"ImageObject\",\"inLanguage\":\"fr-FR\",\"@id\":\"https:\\\/\\\/secure.gravatar.com\\\/avatar\\\/f8f9b8d309b2fe0638a69c52e43af3a71aee5bd3880b767b71bcac00c2aaa532?s=96&d=mm&r=g\",\"url\":\"https:\\\/\\\/secure.gravatar.com\\\/avatar\\\/f8f9b8d309b2fe0638a69c52e43af3a71aee5bd3880b767b71bcac00c2aaa532?s=96&d=mm&r=g\",\"contentUrl\":\"https:\\\/\\\/secure.gravatar.com\\\/avatar\\\/f8f9b8d309b2fe0638a69c52e43af3a71aee5bd3880b767b71bcac00c2aaa532?s=96&d=mm&r=g\",\"caption\":\"Miv srl\"},\"sameAs\":[\"https:\\\/\\\/www.mivsrl.com\"],\"url\":\"https:\\\/\\\/www.mivsrl.com\\\/fr\\\/author\\\/produzione-di-porte-e-accessori-per-celle-frigorif\\\/\"}]}<\/script>\n<!-- \/ Yoast SEO plugin. -->","yoast_head_json":{"title":"L'utilisation de la chambre froide dans les abattoirs - Miv Insulating Systems","robots":{"index":"index","follow":"follow","max-snippet":"max-snippet:-1","max-image-preview":"max-image-preview:large","max-video-preview":"max-video-preview:-1"},"canonical":"https:\/\/www.mivsrl.com\/fr\/lutilisation-de-la-chambre-froide-dans-les-abattoirs\/","og_locale":"fr_FR","og_type":"article","og_title":"L'utilisation de la chambre froide dans les abattoirs - Miv Insulating Systems","og_description":"Les chambres froides sont un \u00e9l\u00e9ment indispensable du processus d&rsquo;abattage de la viande dans toutes ses phases jusqu&rsquo;\u00e0 l&rsquo;exp\u00e9dition par","og_url":"https:\/\/www.mivsrl.com\/fr\/lutilisation-de-la-chambre-froide-dans-les-abattoirs\/","og_site_name":"Miv Insulating Systems","article_publisher":"https:\/\/www.facebook.com\/mivrefrigeration","article_published_time":"2023-12-11T09:51:06+00:00","article_modified_time":"2023-12-11T09:51:33+00:00","og_image":[{"width":1200,"height":1200,"url":"https:\/\/www.mivsrl.com\/wp-content\/uploads\/2021\/04\/900-pg.jpg","type":"image\/jpeg"}],"author":"Miv srl","twitter_card":"summary_large_image","twitter_misc":{"\u00c9crit par":"Miv srl","Dur\u00e9e de lecture estim\u00e9e":"5 minutes"},"schema":{"@context":"https:\/\/schema.org","@graph":[{"@type":"Article","@id":"https:\/\/www.mivsrl.com\/fr\/lutilisation-de-la-chambre-froide-dans-les-abattoirs\/#article","isPartOf":{"@id":"https:\/\/www.mivsrl.com\/fr\/lutilisation-de-la-chambre-froide-dans-les-abattoirs\/"},"author":{"name":"Miv srl","@id":"https:\/\/www.mivsrl.com\/fr\/#\/schema\/person\/8154812948a91d51492f3e4a37c9ef70"},"headline":"L&rsquo;utilisation de la chambre froide dans les abattoirs","datePublished":"2023-12-11T09:51:06+00:00","dateModified":"2023-12-11T09:51:33+00:00","mainEntityOfPage":{"@id":"https:\/\/www.mivsrl.com\/fr\/lutilisation-de-la-chambre-froide-dans-les-abattoirs\/"},"wordCount":990,"image":{"@id":"https:\/\/www.mivsrl.com\/fr\/lutilisation-de-la-chambre-froide-dans-les-abattoirs\/#primaryimage"},"thumbnailUrl":"https:\/\/www.mivsrl.com\/wp-content\/uploads\/2021\/04\/900-pg.jpg","articleSection":["Nouvelles","News"],"inLanguage":"fr-FR"},{"@type":"WebPage","@id":"https:\/\/www.mivsrl.com\/fr\/lutilisation-de-la-chambre-froide-dans-les-abattoirs\/","url":"https:\/\/www.mivsrl.com\/fr\/lutilisation-de-la-chambre-froide-dans-les-abattoirs\/","name":"L'utilisation de la chambre froide dans les abattoirs - Miv Insulating Systems","isPartOf":{"@id":"https:\/\/www.mivsrl.com\/fr\/#website"},"primaryImageOfPage":{"@id":"https:\/\/www.mivsrl.com\/fr\/lutilisation-de-la-chambre-froide-dans-les-abattoirs\/#primaryimage"},"image":{"@id":"https:\/\/www.mivsrl.com\/fr\/lutilisation-de-la-chambre-froide-dans-les-abattoirs\/#primaryimage"},"thumbnailUrl":"https:\/\/www.mivsrl.com\/wp-content\/uploads\/2021\/04\/900-pg.jpg","datePublished":"2023-12-11T09:51:06+00:00","dateModified":"2023-12-11T09:51:33+00:00","author":{"@id":"https:\/\/www.mivsrl.com\/fr\/#\/schema\/person\/8154812948a91d51492f3e4a37c9ef70"},"breadcrumb":{"@id":"https:\/\/www.mivsrl.com\/fr\/lutilisation-de-la-chambre-froide-dans-les-abattoirs\/#breadcrumb"},"inLanguage":"fr-FR","potentialAction":[{"@type":"ReadAction","target":["https:\/\/www.mivsrl.com\/fr\/lutilisation-de-la-chambre-froide-dans-les-abattoirs\/"]}]},{"@type":"ImageObject","inLanguage":"fr-FR","@id":"https:\/\/www.mivsrl.com\/fr\/lutilisation-de-la-chambre-froide-dans-les-abattoirs\/#primaryimage","url":"https:\/\/www.mivsrl.com\/wp-content\/uploads\/2021\/04\/900-pg.jpg","contentUrl":"https:\/\/www.mivsrl.com\/wp-content\/uploads\/2021\/04\/900-pg.jpg","width":1200,"height":1200},{"@type":"BreadcrumbList","@id":"https:\/\/www.mivsrl.com\/fr\/lutilisation-de-la-chambre-froide-dans-les-abattoirs\/#breadcrumb","itemListElement":[{"@type":"ListItem","position":1,"name":"Home","item":"https:\/\/www.mivsrl.com\/fr\/"},{"@type":"ListItem","position":2,"name":"L&#8217;utilisation de la chambre froide dans les abattoirs"}]},{"@type":"WebSite","@id":"https:\/\/www.mivsrl.com\/fr\/#website","url":"https:\/\/www.mivsrl.com\/fr\/","name":"Miv Insulating Systems","description":"Produzione di porte e accessori per celle frigorifere","potentialAction":[{"@type":"SearchAction","target":{"@type":"EntryPoint","urlTemplate":"https:\/\/www.mivsrl.com\/fr\/?s={search_term_string}"},"query-input":{"@type":"PropertyValueSpecification","valueRequired":true,"valueName":"search_term_string"}}],"inLanguage":"fr-FR"},{"@type":"Person","@id":"https:\/\/www.mivsrl.com\/fr\/#\/schema\/person\/8154812948a91d51492f3e4a37c9ef70","name":"Miv srl","image":{"@type":"ImageObject","inLanguage":"fr-FR","@id":"https:\/\/secure.gravatar.com\/avatar\/f8f9b8d309b2fe0638a69c52e43af3a71aee5bd3880b767b71bcac00c2aaa532?s=96&d=mm&r=g","url":"https:\/\/secure.gravatar.com\/avatar\/f8f9b8d309b2fe0638a69c52e43af3a71aee5bd3880b767b71bcac00c2aaa532?s=96&d=mm&r=g","contentUrl":"https:\/\/secure.gravatar.com\/avatar\/f8f9b8d309b2fe0638a69c52e43af3a71aee5bd3880b767b71bcac00c2aaa532?s=96&d=mm&r=g","caption":"Miv srl"},"sameAs":["https:\/\/www.mivsrl.com"],"url":"https:\/\/www.mivsrl.com\/fr\/author\/produzione-di-porte-e-accessori-per-celle-frigorif\/"}]}},"_links":{"self":[{"href":"https:\/\/www.mivsrl.com\/fr\/wp-json\/wp\/v2\/posts\/31553","targetHints":{"allow":["GET"]}}],"collection":[{"href":"https:\/\/www.mivsrl.com\/fr\/wp-json\/wp\/v2\/posts"}],"about":[{"href":"https:\/\/www.mivsrl.com\/fr\/wp-json\/wp\/v2\/types\/post"}],"author":[{"embeddable":true,"href":"https:\/\/www.mivsrl.com\/fr\/wp-json\/wp\/v2\/users\/1"}],"replies":[{"embeddable":true,"href":"https:\/\/www.mivsrl.com\/fr\/wp-json\/wp\/v2\/comments?post=31553"}],"version-history":[{"count":0,"href":"https:\/\/www.mivsrl.com\/fr\/wp-json\/wp\/v2\/posts\/31553\/revisions"}],"wp:featuredmedia":[{"embeddable":true,"href":"https:\/\/www.mivsrl.com\/fr\/wp-json\/wp\/v2\/media\/27416"}],"wp:attachment":[{"href":"https:\/\/www.mivsrl.com\/fr\/wp-json\/wp\/v2\/media?parent=31553"}],"wp:term":[{"taxonomy":"category","embeddable":true,"href":"https:\/\/www.mivsrl.com\/fr\/wp-json\/wp\/v2\/categories?post=31553"},{"taxonomy":"post_tag","embeddable":true,"href":"https:\/\/www.mivsrl.com\/fr\/wp-json\/wp\/v2\/tags?post=31553"}],"curies":[{"name":"wp","href":"https:\/\/api.w.org\/{rel}","templated":true}]}}