{"id":43661,"date":"2026-01-15T08:00:07","date_gmt":"2026-01-15T07:00:07","guid":{"rendered":"https:\/\/www.mivsrl.com\/?p=43661"},"modified":"2026-01-15T11:50:22","modified_gmt":"2026-01-15T10:50:22","slug":"portes-frigorifiques-et-agrumes-lalliance-cle-pour-une-conservation-hivernale-optimale","status":"publish","type":"post","link":"https:\/\/www.mivsrl.com\/fr\/portes-frigorifiques-et-agrumes-lalliance-cle-pour-une-conservation-hivernale-optimale\/","title":{"rendered":"Portes Frigorifiques et Agrumes : L\u2019Alliance Cl\u00e9 pour une Conservation Hivernale Optimale"},"content":{"rendered":"\t\t<div data-elementor-type=\"wp-post\" data-elementor-id=\"43661\" class=\"elementor elementor-43661 elementor-43655\">\n\t\t\t\t\t\t<section class=\"elementor-section elementor-top-section elementor-element elementor-element-b3f7023 elementor-section-boxed elementor-section-height-default elementor-section-height-default wd-section-disabled\" data-id=\"b3f7023\" data-element_type=\"section\" data-e-type=\"section\">\n\t\t\t\t\t\t<div class=\"elementor-container elementor-column-gap-default\">\n\t\t\t\t\t<div class=\"elementor-column elementor-col-100 elementor-top-column elementor-element elementor-element-fb45a72\" data-id=\"fb45a72\" data-element_type=\"column\" data-e-type=\"column\">\n\t\t\t<div class=\"elementor-widget-wrap elementor-element-populated\">\n\t\t\t\t\t\t<div class=\"elementor-element elementor-element-950ead3 elementor-widget elementor-widget-wd_text_block\" data-id=\"950ead3\" data-element_type=\"widget\" data-e-type=\"widget\" data-widget_type=\"wd_text_block.default\">\n\t\t\t\t<div class=\"elementor-widget-container\">\n\t\t\t\t\t\t\t<div class=\"wd-text-block reset-last-child text-left\">\n\t\t\t\n\t\t\t<h2>Conservation optimale des agrumes en hiver : pourquoi les portes de chambres froides de haute qualit\u00e9 sont essentielles<\/h2>\n<strong>Les agrumes<\/strong>\u2014comme les oranges, les citrons, les mandarines et les pamplemousses\u2014sont des produits incontournables en hiver, appr\u00e9ci\u00e9s pour leur fra\u00eecheur, leur valeur nutritionnelle et leur longue dur\u00e9e de conservation. Toutefois, maintenir leur qualit\u00e9 durant les mois d\u2019hiver exige un contr\u00f4le rigoureux de la temp\u00e9rature et de l\u2019humidit\u00e9. C\u2019est l\u00e0 que les <strong>portes de chambres froides<\/strong> jouent un r\u00f4le crucial dans tout environnement de stockage des agrumes, garantissant la pr\u00e9servation ininterrompue de la cha\u00eene du froid.\n\nLa nature sensible des agrumes signifie que des conditions de stockage inad\u00e9quates peuvent entra\u00eener une d\u00e9t\u00e9rioration rapide, une perte d\u2019humidit\u00e9 et l\u2019apparition de moisissures. Des <strong>portes de chambres froides<\/strong> haute performance assurent une isolation parfaite, en limitant les variations de temp\u00e9rature caus\u00e9es par les ouvertures fr\u00e9quentes lors des op\u00e9rations quotidiennes. MIV con\u00e7oit des solutions sur mesure adapt\u00e9es \u00e0 toutes les tailles d\u2019installation\u2014qu\u2019il s\u2019agisse d\u2019un petit distributeur d\u2019agrumes ou d\u2019une grande coop\u00e9rative agricole pr\u00e9parant des exp\u00e9ditions vers les march\u00e9s europ\u00e9ens.\n\nEn hiver, maintenir une temp\u00e9rature interne constante est essentiel pour \u00e9viter les blessures par le froid, un probl\u00e8me courant lorsque les agrumes sont expos\u00e9s \u00e0 des temp\u00e9ratures trop basses. Gr\u00e2ce aux <strong>portes de chambres froides<\/strong> fiables de MIV, les installations de stockage peuvent maintenir un climat id\u00e9al, permettant aux agrumes de m\u00fbrir lentement et naturellement tout en conservant leur ar\u00f4me, leur jutosit\u00e9 et leur couleur \u00e9clatante. Cela garantit que les consommateurs re\u00e7oivent des fruits aussi frais et parfum\u00e9s qu\u2019au moment de la r\u00e9colte.\n\t\t\t\t\t<\/div>\n\t\t\t\t\t\t<\/div>\n\t\t\t\t<\/div>\n\t\t\t\t\t<\/div>\n\t\t<\/div>\n\t\t\t\t\t<\/div>\n\t\t<\/section>\n\t\t\t\t<section class=\"elementor-section elementor-top-section elementor-element elementor-element-ed93706 elementor-section-boxed elementor-section-height-default elementor-section-height-default wd-section-disabled\" data-id=\"ed93706\" data-element_type=\"section\" data-e-type=\"section\">\n\t\t\t\t\t\t<div class=\"elementor-container elementor-column-gap-default\">\n\t\t\t\t\t<div class=\"elementor-column elementor-col-100 elementor-top-column elementor-element elementor-element-d4eec37\" data-id=\"d4eec37\" data-element_type=\"column\" data-e-type=\"column\">\n\t\t\t<div class=\"elementor-widget-wrap elementor-element-populated\">\n\t\t\t\t\t\t<div class=\"elementor-element elementor-element-519a173 elementor-widget elementor-widget-wd_text_block\" data-id=\"519a173\" data-element_type=\"widget\" data-e-type=\"widget\" data-widget_type=\"wd_text_block.default\">\n\t\t\t\t<div class=\"elementor-widget-container\">\n\t\t\t\t\t\t\t<div class=\"wd-text-block reset-last-child text-left\">\n\t\t\t\n\t\t\t<h2>Contr\u00f4le de l\u2019humidit\u00e9 et long\u00e9vit\u00e9 des agrumes : le r\u00f4le essentiel des portes de chambres froides<\/h2>\n<strong>Les agrumes<\/strong> n\u00e9cessitent un taux d\u2019humidit\u00e9 tr\u00e8s sp\u00e9cifique pour \u00e9viter la d\u00e9shydratation ou le d\u00e9veloppement de moisissures. Les cl\u00e9s d\u2019un stockage r\u00e9ussi sont un flux d\u2019air contr\u00f4l\u00e9, des temp\u00e9ratures stables et des <strong>portes de chambres froides<\/strong> robustes qui cr\u00e9ent une barri\u00e8re efficace contre les variations environnementales ext\u00e9rieures. Avec des portes parfaitement \u00e9tanches, les installations de stockage peuvent maintenir le bon niveau d\u2019humidit\u00e9\u2014g\u00e9n\u00e9ralement entre 85 % et 95 %\u2014garantissant que les fruits restent fermes et gorg\u00e9s de jus.\n\nLes solutions MIV sont con\u00e7ues non seulement pour l\u2019isolation, mais aussi pour leur durabilit\u00e9. En hiver, les agrumes sont souvent d\u00e9plac\u00e9s \u00e0 plusieurs reprises avant d\u2019\u00eatre distribu\u00e9s, ce qui entra\u00eene de fr\u00e9quentes ouvertures et fermetures de portes. Les portes de mauvaise qualit\u00e9 peuvent causer une perte d\u2019\u00e9nergie importante, obligeant les unit\u00e9s de r\u00e9frig\u00e9ration \u00e0 travailler davantage et augmentant les co\u00fbts d\u2019exploitation. \u00c0 l\u2019inverse, les <strong>portes de chambres froides<\/strong> MIV r\u00e9duisent les dispersions thermiques et contribuent \u00e0 maintenir des niveaux d\u2019humidit\u00e9 optimaux tout en abaissant la consommation d\u2019\u00e9nergie.\n\nLe contr\u00f4le de l\u2019humidit\u00e9 influence directement la dur\u00e9e de conservation. Prot\u00e9g\u00e9s par des portes fiables, les agrumes peuvent \u00eatre stock\u00e9s plus longtemps sans perdre leur fermet\u00e9 naturelle ni leurs huiles essentielles. Cela permet aux d\u00e9taillants et distributeurs de proposer aux consommateurs des agrumes d\u2019hiver frais, aromatiques et attrayants. En investissant dans des <strong>portes de chambres froides<\/strong> haute performance, les entreprises am\u00e9liorent la long\u00e9vit\u00e9 de leurs produits et r\u00e9duisent les pertes\u2014un avantage crucial durant les pics de demande saisonni\u00e8re.\n\t\t\t\t\t<\/div>\n\t\t\t\t\t\t<\/div>\n\t\t\t\t<\/div>\n\t\t\t\t\t<\/div>\n\t\t<\/div>\n\t\t\t\t\t<\/div>\n\t\t<\/section>\n\t\t\t\t<section class=\"elementor-section elementor-top-section elementor-element elementor-element-6a89145d elementor-section-boxed elementor-section-height-default elementor-section-height-default wd-section-disabled\" data-id=\"6a89145d\" data-element_type=\"section\" data-e-type=\"section\">\n\t\t\t\t\t\t<div class=\"elementor-container elementor-column-gap-default\">\n\t\t\t\t\t<div class=\"elementor-column elementor-col-100 elementor-top-column elementor-element elementor-element-2efb1c8d\" data-id=\"2efb1c8d\" data-element_type=\"column\" data-e-type=\"column\">\n\t\t\t<div class=\"elementor-widget-wrap elementor-element-populated\">\n\t\t\t\t\t\t<div class=\"elementor-element elementor-element-6bf2356b color-scheme-inherit text-left elementor-widget elementor-widget-text-editor\" data-id=\"6bf2356b\" data-element_type=\"widget\" data-e-type=\"widget\" data-widget_type=\"text-editor.default\">\n\t\t\t\t<div class=\"elementor-widget-container\">\n\t\t\t\t\t\t\t\t\t\n<h2>Efficacit\u00e9 \u00e9nerg\u00e9tique et qualit\u00e9 des produits : comment les portes de chambres froides am\u00e9liorent le stockage des agrumes<\/h2>\nLa gestion des agrumes en hiver repose fortement sur des installations \u00e9co\u00e9nerg\u00e9tiques con\u00e7ues pour maintenir des conditions stables. <strong>Les agrumes<\/strong> sont tr\u00e8s sensibles aux variations soudaines de temp\u00e9rature, et chaque fluctuation peut compromettre l\u2019int\u00e9grit\u00e9 des fruits. Les <strong>portes de chambres froides<\/strong> MIV sont con\u00e7ues pour optimiser l\u2019efficacit\u00e9 op\u00e9rationnelle en r\u00e9duisant les d\u00e9rives thermiques, permettant aux syst\u00e8mes frigorifiques de maintenir l\u2019environnement requis avec une d\u00e9pense \u00e9nerg\u00e9tique minimale.\n\nDans les centres de distribution \u00e0 grande \u00e9chelle, les portes repr\u00e9sentent souvent le maillon faible de la cha\u00eene du froid. Un mauvais syst\u00e8me d\u2019\u00e9tanch\u00e9it\u00e9, des m\u00e9canismes lents ou une faible isolation peuvent entra\u00eener de la condensation, une hausse de la consommation \u00e9nerg\u00e9tique et le g\u00e2chis des produits. MIV r\u00e9pond \u00e0 ces probl\u00e8mes en proposant des <strong>portes de chambres froides<\/strong> personnalis\u00e9es, dot\u00e9es de mat\u00e9riaux isolants avanc\u00e9s et de syst\u00e8mes de fermeture de pr\u00e9cision assurant une \u00e9tanch\u00e9it\u00e9 fiable et herm\u00e9tique.\n\nInvestir dans une infrastructure de chambre froide de qualit\u00e9 entra\u00eene \u00e9galement une meilleure uniformit\u00e9 des produits. Qu\u2019il s\u2019agisse d\u2019oranges, de mandarines ou de citrons, les installations \u00e9quip\u00e9es de <strong>portes de chambres froides<\/strong> efficaces assurent une distribution homog\u00e8ne de la temp\u00e9rature, \u00e9vitant que certains lots ne se d\u00e9gradent plus rapidement que d\u2019autres. Cela garantit que les agrumes conservent leur go\u00fbt, leur valeur nutritionnelle et leur apparence ext\u00e9rieure tout au long de l\u2019hiver, pr\u00e9servant ainsi \u00e0 la fois la qualit\u00e9 du produit et la r\u00e9putation de la marque.\t\t\t\t\t\t\t\t<\/div>\n\t\t\t\t<\/div>\n\t\t\t\t\t<\/div>\n\t\t<\/div>\n\t\t\t\t\t<\/div>\n\t\t<\/section>\n\t\t\t\t<section class=\"elementor-section elementor-top-section elementor-element elementor-element-7c63435 elementor-section-boxed elementor-section-height-default elementor-section-height-default wd-section-disabled\" data-id=\"7c63435\" data-element_type=\"section\" data-e-type=\"section\">\n\t\t\t\t\t\t<div class=\"elementor-container elementor-column-gap-default\">\n\t\t\t\t\t<div class=\"elementor-column elementor-col-100 elementor-top-column elementor-element elementor-element-d31afe5\" data-id=\"d31afe5\" data-element_type=\"column\" data-e-type=\"column\">\n\t\t\t<div class=\"elementor-widget-wrap elementor-element-populated\">\n\t\t\t\t\t\t<div class=\"elementor-element elementor-element-a4bd04a elementor-widget elementor-widget-wd_products\" data-id=\"a4bd04a\" data-element_type=\"widget\" data-e-type=\"widget\" data-widget_type=\"wd_products.default\">\n\t\t\t\t<div class=\"elementor-widget-container\">\n\t\t\t\t\t\t\t\t\t\t<div class=\"wd-products-element\">\n\n\t\t\t\n\t\t\t\n\t\t\t<div class=\"products elements-grid row wd-products-holder pagination- wd-spacing-20 grid-columns-2 grid-masonry align-items-start\" data-paged=\"1\" data-atts=\"{&quot;element_title&quot;:&quot;&quot;,&quot;title_alignment&quot;:&quot;left&quot;,&quot;query_post_type&quot;:&quot;product&quot;,&quot;post_type&quot;:&quot;ids&quot;,&quot;include&quot;:[&quot;30897&quot;,&quot;28660&quot;],&quot;taxonomies&quot;:null,&quot;offset&quot;:null,&quot;orderby&quot;:&quot;&quot;,&quot;query_type&quot;:&quot;OR&quot;,&quot;order&quot;:null,&quot;meta_key&quot;:null,&quot;exclude&quot;:null,&quot;shop_tools&quot;:null,&quot;hide_out_of_stock&quot;:&quot;no&quot;,&quot;ajax_recently_viewed&quot;:null,&quot;speed&quot;:null,&quot;slides_per_view&quot;:null,&quot;slides_per_view_tablet&quot;:{&quot;size&quot;:&quot;&quot;},&quot;slides_per_view_mobile&quot;:{&quot;size&quot;:&quot;&quot;},&quot;wrap&quot;:null,&quot;autoplay&quot;:null,&quot;center_mode&quot;:null,&quot;hide_pagination_control&quot;:null,&quot;hide_prev_next_buttons&quot;:null,&quot;scroll_per_page&quot;:null,&quot;layout&quot;:&quot;grid&quot;,&quot;pagination&quot;:&quot;&quot;,&quot;items_per_page&quot;:12,&quot;spacing&quot;:&quot;20&quot;,&quot;columns&quot;:{&quot;unit&quot;:&quot;px&quot;,&quot;size&quot;:2,&quot;sizes&quot;:[]},&quot;columns_tablet&quot;:{&quot;size&quot;:&quot;&quot;},&quot;columns_mobile&quot;:{&quot;size&quot;:&quot;&quot;},&quot;products_masonry&quot;:&quot;&quot;,&quot;products_different_sizes&quot;:&quot;&quot;,&quot;product_quantity&quot;:&quot;&quot;,&quot;product_hover&quot;:&quot;inherit&quot;,&quot;sale_countdown&quot;:&quot;0&quot;,&quot;stretch_product&quot;:null,&quot;stretch_product_tablet&quot;:0,&quot;stretch_product_mobile&quot;:0,&quot;stock_progress_bar&quot;:&quot;0&quot;,&quot;highlighted_products&quot;:&quot;0&quot;,&quot;products_bordered_grid&quot;:&quot;0&quot;,&quot;products_bordered_grid_style&quot;:null,&quot;img_size&quot;:&quot;large&quot;,&quot;img_size_custom&quot;:null,&quot;ajax_page&quot;:&quot;&quot;,&quot;force_not_ajax&quot;:&quot;no&quot;,&quot;lazy_loading&quot;:&quot;no&quot;,&quot;scroll_carousel_init&quot;:null,&quot;custom_sizes&quot;:false,&quot;elementor&quot;:true}\" data-source=\"shortcode\" data-columns=\"2\">\n\t\t\n\t\t\n\t\t\t\t\t\t\t\t<div class=\"product-grid-item product wd-hover-alt  col-lg-6 col-md-6 col-6 first  type-product post-30897 status-publish instock product_cat-portes product_cat-portes-a-temperature-positive-de-0-a-4c-refroidisseur product_cat-type-dapplication-du-panneau-fr-2 product_cat-portes-coulissantes-pour-chambres-froides product_tag-portes-coulissantes-pour-chambres-froides has-post-thumbnail shipping-taxable product-type-simple\" data-loop=\"1\" data-id=\"30897\">\n\t\n\t\n<div class=\"product-wrapper\">\n\t<div class=\"product-element-top wd-quick-shop\">\n\t\t<a href=\"https:\/\/www.mivsrl.com\/fr\/produit\/porte-coulissante-pour-refrigeration-industrielle-a-temperature-positive-900p\/\" class=\"product-image-link\">\n\t\t\t<img fetchpriority=\"high\" decoding=\"async\" width=\"1024\" height=\"1024\" src=\"https:\/\/www.mivsrl.com\/wp-content\/themes\/woodmart\/images\/lazy.png\" class=\"attachment-large size-large wp-image-28120 wd-lazy-load wd-lazy-fade\" alt=\"\" srcset=\"\" sizes=\"(max-width: 1024px) 100vw, 1024px\" data-wood-src=\"https:\/\/www.mivsrl.com\/wp-content\/uploads\/2023\/04\/porta-cella-frigorifera-industriale-900-P-M-1024x1024.webp\" data-srcset=\"https:\/\/www.mivsrl.com\/wp-content\/uploads\/2023\/04\/porta-cella-frigorifera-industriale-900-P-M-1024x1024.webp 1024w, https:\/\/www.mivsrl.com\/wp-content\/uploads\/2023\/04\/porta-cella-frigorifera-industriale-900-P-M-300x300.webp 300w, https:\/\/www.mivsrl.com\/wp-content\/uploads\/2023\/04\/porta-cella-frigorifera-industriale-900-P-M-150x150.webp 150w, https:\/\/www.mivsrl.com\/wp-content\/uploads\/2023\/04\/porta-cella-frigorifera-industriale-900-P-M-600x600.webp 600w, https:\/\/www.mivsrl.com\/wp-content\/uploads\/2023\/04\/porta-cella-frigorifera-industriale-900-P-M-768x768.webp 768w, https:\/\/www.mivsrl.com\/wp-content\/uploads\/2023\/04\/porta-cella-frigorifera-industriale-900-P-M.webp 1200w\" \/>\t\t<\/a>\n\t\t\t\t<div class=\"wd-buttons wd-pos-r-t\">\n\t\t\t\t\t\t\t\t<div class=\"quick-view wd-action-btn wd-style-icon wd-quick-view-icon\">\n\t\t\t<a\n\t\t\t\thref=\"https:\/\/www.mivsrl.com\/fr\/produit\/porte-coulissante-pour-refrigeration-industrielle-a-temperature-positive-900p\/\"\n\t\t\t\tclass=\"open-quick-view quick-view-button\"\n\t\t\t\trel=\"nofollow\"\n\t\t\t\tdata-id=\"30897\"\n\t\t\t\t>Quick view<\/a>\n\t\t<\/div>\n\t\t\t\t\t\t\t<\/div>\n\t<\/div>\n\n\t\t\t<h3 class=\"wd-entities-title\"><a href=\"https:\/\/www.mivsrl.com\/fr\/produit\/porte-coulissante-pour-refrigeration-industrielle-a-temperature-positive-900p\/\">PORTE FRIGORIFIQUE INDUSTRIELLE COULISSANTE POUR TEMP\u00c9RATURE POSITIVE 900P<\/a><\/h3>\t\t\t\t<div class=\"wd-product-cats\">\n\t\t\t<a href=\"https:\/\/www.mivsrl.com\/fr\/categorie-produit\/portes\/portes-coulissantes-pour-chambres-froides\/\" rel=\"tag\">Portes coulissantes pour chambres froides<\/a>, <a href=\"https:\/\/www.mivsrl.com\/fr\/categorie-produit\/portes\/portes-coulissantes-pour-chambres-froides\/portes-a-temperature-positive-de-0-a-4c-refroidisseur\/\" rel=\"tag\">Portes \u00e0 temp\u00e9rature positive de 0 \u00e0 +4\u00b0C Refroidisseur<\/a>, <a href=\"https:\/\/www.mivsrl.com\/fr\/categorie-produit\/portes\/portes-coulissantes-pour-chambres-froides\/portes-a-temperature-positive-de-0-a-4c-refroidisseur\/type-dapplication-du-panneau-fr-2\/\" rel=\"tag\">Type d&#039;application du panneau<\/a>, <a href=\"https:\/\/www.mivsrl.com\/fr\/categorie-produit\/portes\/\" rel=\"tag\">Portes<\/a>\t\t<\/div>\n\t\t\t\t<div class=\"wrap-price\">\n\t\t\t<div class=\"swap-wrapp\">\n\t\t\t\t<div class=\"swap-elements\">\n\t\t\t\t\t\t\t\t\t\t\n\t\t\t\t\t<div class=\"wd-add-btn\">\n\t\t\t\t\t\t\t\t\t\t\t<\/div>\n\t\t\t\t<\/div>\n\t\t\t<\/div>\n\t\t\t\t\t<\/div>\n\n\t\t\n\t\t\n\t\t\t<\/div><\/div>\n\t\t\t\t\t\t\t\t<div class=\"product-grid-item product wd-hover-alt  col-lg-6 col-md-6 col-6 last  type-product post-28660 status-publish instock product_cat-portes product_cat-ports-a-temperature-positive-0-a-4c-refroidisseur product_cat-type-dapplication-du-panneau product_cat-portes-pour-entrepots-frigorifiques-charniere product_tag-portes-dentrepots-frigorifiques-a-charnieres has-post-thumbnail shipping-taxable product-type-simple\" data-loop=\"2\" data-id=\"28660\">\n\t\n\t\n<div class=\"product-wrapper\">\n\t<div class=\"product-element-top wd-quick-shop\">\n\t\t<a href=\"https:\/\/www.mivsrl.com\/fr\/produit\/porte-de-refrigeration-industrielle-sur-charniere-pour-temperature-positive-200n\/\" class=\"product-image-link\">\n\t\t\t<img decoding=\"async\" width=\"1024\" height=\"1024\" src=\"https:\/\/www.mivsrl.com\/wp-content\/themes\/woodmart\/images\/lazy.png\" class=\"attachment-large size-large wp-image-27876 wd-lazy-load wd-lazy-fade\" alt=\"\" srcset=\"\" sizes=\"(max-width: 1024px) 100vw, 1024px\" data-wood-src=\"https:\/\/www.mivsrl.com\/wp-content\/uploads\/2023\/04\/porta-frigorifera-industriale-180-N-1024x1024.webp\" data-srcset=\"https:\/\/www.mivsrl.com\/wp-content\/uploads\/2023\/04\/porta-frigorifera-industriale-180-N-1024x1024.webp 1024w, https:\/\/www.mivsrl.com\/wp-content\/uploads\/2023\/04\/porta-frigorifera-industriale-180-N-300x300.webp 300w, https:\/\/www.mivsrl.com\/wp-content\/uploads\/2023\/04\/porta-frigorifera-industriale-180-N-150x150.webp 150w, https:\/\/www.mivsrl.com\/wp-content\/uploads\/2023\/04\/porta-frigorifera-industriale-180-N-600x600.webp 600w, https:\/\/www.mivsrl.com\/wp-content\/uploads\/2023\/04\/porta-frigorifera-industriale-180-N-768x768.webp 768w, https:\/\/www.mivsrl.com\/wp-content\/uploads\/2023\/04\/porta-frigorifera-industriale-180-N.webp 1200w\" \/>\t\t<\/a>\n\t\t\t\t<div class=\"wd-buttons wd-pos-r-t\">\n\t\t\t\t\t\t\t\t<div class=\"quick-view wd-action-btn wd-style-icon wd-quick-view-icon\">\n\t\t\t<a\n\t\t\t\thref=\"https:\/\/www.mivsrl.com\/fr\/produit\/porte-de-refrigeration-industrielle-sur-charniere-pour-temperature-positive-200n\/\"\n\t\t\t\tclass=\"open-quick-view quick-view-button\"\n\t\t\t\trel=\"nofollow\"\n\t\t\t\tdata-id=\"28660\"\n\t\t\t\t>Quick view<\/a>\n\t\t<\/div>\n\t\t\t\t\t\t\t<\/div>\n\t<\/div>\n\n\t\t\t<h3 class=\"wd-entities-title\"><a href=\"https:\/\/www.mivsrl.com\/fr\/produit\/porte-de-refrigeration-industrielle-sur-charniere-pour-temperature-positive-200n\/\">PORTE FRIGORIFIQUE INDUSTRIELLE PIVOTANTE POUR TEMP\u00c9RATURE POSITIVE 200N<\/a><\/h3>\t\t\t\t<div class=\"wd-product-cats\">\n\t\t\t<a href=\"https:\/\/www.mivsrl.com\/fr\/categorie-produit\/portes\/portes-pour-entrepots-frigorifiques-charniere\/\" rel=\"tag\">Portes pour entrep\u00f4ts frigorifiques Charni\u00e8re<\/a>, <a href=\"https:\/\/www.mivsrl.com\/fr\/categorie-produit\/portes\/portes-pour-entrepots-frigorifiques-charniere\/ports-a-temperature-positive-0-a-4c-refroidisseur\/\" rel=\"tag\">Ports \u00e0 temp\u00e9rature positive 0 \u00e0 +4\u00b0C Refroidisseur<\/a>, <a href=\"https:\/\/www.mivsrl.com\/fr\/categorie-produit\/portes\/portes-pour-entrepots-frigorifiques-charniere\/ports-a-temperature-positive-0-a-4c-refroidisseur\/type-dapplication-du-panneau\/\" rel=\"tag\">Type d&#039;application du panneau<\/a>, <a href=\"https:\/\/www.mivsrl.com\/fr\/categorie-produit\/portes\/\" rel=\"tag\">Portes<\/a>\t\t<\/div>\n\t\t\t\t<div class=\"wrap-price\">\n\t\t\t<div class=\"swap-wrapp\">\n\t\t\t\t<div class=\"swap-elements\">\n\t\t\t\t\t\t\t\t\t\t\n\t\t\t\t\t<div class=\"wd-add-btn\">\n\t\t\t\t\t\t\t\t\t\t\t<\/div>\n\t\t\t\t<\/div>\n\t\t\t<\/div>\n\t\t\t\t\t<\/div>\n\n\t\t\n\t\t\n\t\t\t<\/div><\/div>\n\t\t\n\t\t\t\t<\/div>\n\t\n\t\t\n\t\t\n\t\t\t\t\t<\/div>\n\t\t\n\t\t\t\t\t\t<\/div>\n\t\t\t\t<\/div>\n\t\t\t\t\t<\/div>\n\t\t<\/div>\n\t\t\t\t\t<\/div>\n\t\t<\/section>\n\t\t\t\t<section class=\"elementor-section elementor-top-section elementor-element elementor-element-ac29f02 elementor-section-boxed elementor-section-height-default elementor-section-height-default wd-section-disabled\" data-id=\"ac29f02\" data-element_type=\"section\" data-e-type=\"section\">\n\t\t\t\t\t\t<div class=\"elementor-container elementor-column-gap-default\">\n\t\t\t\t\t<div class=\"elementor-column elementor-col-100 elementor-top-column elementor-element elementor-element-d2c7cc9\" data-id=\"d2c7cc9\" data-element_type=\"column\" data-e-type=\"column\">\n\t\t\t<div class=\"elementor-widget-wrap elementor-element-populated\">\n\t\t\t\t\t\t<div class=\"elementor-element elementor-element-aa7f91d elementor-widget elementor-widget-wd_text_block\" data-id=\"aa7f91d\" data-element_type=\"widget\" data-e-type=\"widget\" data-widget_type=\"wd_text_block.default\">\n\t\t\t\t<div class=\"elementor-widget-container\">\n\t\t\t\t\t\t\t<div class=\"wd-text-block reset-last-child text-left\">\n\t\t\t\n\t\t\t<h3>Informations de contact pour les portes de chambres froides<\/h3><p>Pour plus d'informations, contactez-nous via notre <a href=\"https:\/\/www.mivsrl.com\/cold-room-door-contacts\/\">formulaire de contact<\/a>.<br \/>Contact WhatsApp : <a href=\"https:\/\/api.whatsapp.com\/message\/BWKLO7GYVGFDK1\">https:\/\/api.whatsapp.com\/message\/BWKLO7GYVGFDK1<\/a><br \/>Page Facebook : <a href=\"https:\/\/www.facebook.com\/mivrefrigeration\">https:\/\/www.facebook.com\/mivrefrigeration<\/a><br \/>Page LinkedIn : <a href=\"https:\/\/www.linkedin.com\/company\/mivinsulatingsystems\/mycompany\/?viewAsMember=true\">linkedin.com\/company\/mivinsulatingsystems<\/a><\/p>\n\t\t\t\t\t<\/div>\n\t\t\t\t\t\t<\/div>\n\t\t\t\t<\/div>\n\t\t\t\t\t<\/div>\n\t\t<\/div>\n\t\t\t\t\t<\/div>\n\t\t<\/section>\n\t\t\t\t<\/div>\n\t\t","protected":false},"excerpt":{"rendered":"<p>Conservation optimale des agrumes en hiver : pourquoi les portes de chambres froides de haute qualit\u00e9 sont essentielles Les agrumes\u2014comme<\/p>\n","protected":false},"author":32,"featured_media":43997,"comment_status":"closed","ping_status":"closed","sticky":false,"template":"","format":"standard","meta":{"footnotes":""},"categories":[129],"tags":[743,759],"class_list":["post-43661","post","type-post","status-publish","format-standard","has-post-thumbnail","hentry","category-nouvelles","tag-portes-de-chambre-froide","tag-portes-frigorifiques"],"yoast_head":"<!-- This site is optimized with the Yoast SEO plugin v27.4 - https:\/\/yoast.com\/product\/yoast-seo-wordpress\/ -->\n<title>Portes de chambre froide : La cl\u00e9 pour pr\u00e9server les agrumes \u00e0 leur meilleur en hiver<\/title>\n<meta name=\"description\" content=\"Portes de chambre froide : La cl\u00e9 pour pr\u00e9server les agrumes \u00e0 leur meilleur en hiver\" \/>\n<meta name=\"robots\" content=\"index, follow, max-snippet:-1, max-image-preview:large, max-video-preview:-1\" \/>\n<link rel=\"canonical\" href=\"https:\/\/www.mivsrl.com\/fr\/portes-frigorifiques-et-agrumes-lalliance-cle-pour-une-conservation-hivernale-optimale\/\" \/>\n<meta property=\"og:locale\" content=\"fr_FR\" \/>\n<meta property=\"og:type\" content=\"article\" \/>\n<meta property=\"og:title\" content=\"Portes de chambre froide : La cl\u00e9 pour pr\u00e9server les agrumes \u00e0 leur meilleur en hiver\" \/>\n<meta property=\"og:description\" content=\"Portes de chambre froide : La cl\u00e9 pour pr\u00e9server les agrumes \u00e0 leur meilleur en hiver\" \/>\n<meta property=\"og:url\" content=\"https:\/\/www.mivsrl.com\/fr\/portes-frigorifiques-et-agrumes-lalliance-cle-pour-une-conservation-hivernale-optimale\/\" \/>\n<meta property=\"og:site_name\" content=\"Miv Insulating Systems\" \/>\n<meta property=\"article:publisher\" content=\"https:\/\/www.facebook.com\/mivrefrigeration\" \/>\n<meta property=\"article:published_time\" content=\"2026-01-15T07:00:07+00:00\" \/>\n<meta property=\"article:modified_time\" content=\"2026-01-15T10:50:22+00:00\" \/>\n<meta property=\"og:image\" content=\"https:\/\/www.mivsrl.com\/wp-content\/uploads\/2026\/01\/porte-pour-la-re\u0301frige\u0301ration-industrielle-conservation-agrumes-FRA.webp\" \/>\n\t<meta property=\"og:image:width\" content=\"1152\" \/>\n\t<meta property=\"og:image:height\" content=\"864\" \/>\n\t<meta property=\"og:image:type\" content=\"image\/webp\" \/>\n<meta name=\"author\" content=\"MIV MIV\" \/>\n<meta name=\"twitter:card\" content=\"summary_large_image\" \/>\n<meta name=\"twitter:label1\" content=\"\u00c9crit par\" \/>\n\t<meta name=\"twitter:data1\" content=\"MIV MIV\" \/>\n\t<meta name=\"twitter:label2\" content=\"Dur\u00e9e de lecture estim\u00e9e\" \/>\n\t<meta name=\"twitter:data2\" content=\"5 minutes\" \/>\n<script type=\"application\/ld+json\" class=\"yoast-schema-graph\">{\"@context\":\"https:\\\/\\\/schema.org\",\"@graph\":[{\"@type\":\"Article\",\"@id\":\"https:\\\/\\\/www.mivsrl.com\\\/fr\\\/portes-frigorifiques-et-agrumes-lalliance-cle-pour-une-conservation-hivernale-optimale\\\/#article\",\"isPartOf\":{\"@id\":\"https:\\\/\\\/www.mivsrl.com\\\/fr\\\/portes-frigorifiques-et-agrumes-lalliance-cle-pour-une-conservation-hivernale-optimale\\\/\"},\"author\":{\"name\":\"MIV MIV\",\"@id\":\"https:\\\/\\\/www.mivsrl.com\\\/fr\\\/#\\\/schema\\\/person\\\/4e8a1c32154b2708fd8b484357dbe086\"},\"headline\":\"Portes Frigorifiques et Agrumes : L\u2019Alliance Cl\u00e9 pour une Conservation Hivernale Optimale\",\"datePublished\":\"2026-01-15T07:00:07+00:00\",\"dateModified\":\"2026-01-15T10:50:22+00:00\",\"mainEntityOfPage\":{\"@id\":\"https:\\\/\\\/www.mivsrl.com\\\/fr\\\/portes-frigorifiques-et-agrumes-lalliance-cle-pour-une-conservation-hivernale-optimale\\\/\"},\"wordCount\":1014,\"image\":{\"@id\":\"https:\\\/\\\/www.mivsrl.com\\\/fr\\\/portes-frigorifiques-et-agrumes-lalliance-cle-pour-une-conservation-hivernale-optimale\\\/#primaryimage\"},\"thumbnailUrl\":\"https:\\\/\\\/www.mivsrl.com\\\/wp-content\\\/uploads\\\/2026\\\/01\\\/porte-pour-la-re\u0301frige\u0301ration-industrielle-conservation-agrumes-FRA.webp\",\"keywords\":[\"Portes de chambre froide\",\"Portes Frigorifiques\"],\"articleSection\":[\"Nouvelles\"],\"inLanguage\":\"fr-FR\"},{\"@type\":\"WebPage\",\"@id\":\"https:\\\/\\\/www.mivsrl.com\\\/fr\\\/portes-frigorifiques-et-agrumes-lalliance-cle-pour-une-conservation-hivernale-optimale\\\/\",\"url\":\"https:\\\/\\\/www.mivsrl.com\\\/fr\\\/portes-frigorifiques-et-agrumes-lalliance-cle-pour-une-conservation-hivernale-optimale\\\/\",\"name\":\"Portes de chambre froide : La cl\u00e9 pour pr\u00e9server les agrumes \u00e0 leur meilleur en hiver\",\"isPartOf\":{\"@id\":\"https:\\\/\\\/www.mivsrl.com\\\/fr\\\/#website\"},\"primaryImageOfPage\":{\"@id\":\"https:\\\/\\\/www.mivsrl.com\\\/fr\\\/portes-frigorifiques-et-agrumes-lalliance-cle-pour-une-conservation-hivernale-optimale\\\/#primaryimage\"},\"image\":{\"@id\":\"https:\\\/\\\/www.mivsrl.com\\\/fr\\\/portes-frigorifiques-et-agrumes-lalliance-cle-pour-une-conservation-hivernale-optimale\\\/#primaryimage\"},\"thumbnailUrl\":\"https:\\\/\\\/www.mivsrl.com\\\/wp-content\\\/uploads\\\/2026\\\/01\\\/porte-pour-la-re\u0301frige\u0301ration-industrielle-conservation-agrumes-FRA.webp\",\"datePublished\":\"2026-01-15T07:00:07+00:00\",\"dateModified\":\"2026-01-15T10:50:22+00:00\",\"author\":{\"@id\":\"https:\\\/\\\/www.mivsrl.com\\\/fr\\\/#\\\/schema\\\/person\\\/4e8a1c32154b2708fd8b484357dbe086\"},\"description\":\"Portes de chambre froide : La cl\u00e9 pour pr\u00e9server les agrumes \u00e0 leur meilleur en hiver\",\"breadcrumb\":{\"@id\":\"https:\\\/\\\/www.mivsrl.com\\\/fr\\\/portes-frigorifiques-et-agrumes-lalliance-cle-pour-une-conservation-hivernale-optimale\\\/#breadcrumb\"},\"inLanguage\":\"fr-FR\",\"potentialAction\":[{\"@type\":\"ReadAction\",\"target\":[\"https:\\\/\\\/www.mivsrl.com\\\/fr\\\/portes-frigorifiques-et-agrumes-lalliance-cle-pour-une-conservation-hivernale-optimale\\\/\"]}]},{\"@type\":\"ImageObject\",\"inLanguage\":\"fr-FR\",\"@id\":\"https:\\\/\\\/www.mivsrl.com\\\/fr\\\/portes-frigorifiques-et-agrumes-lalliance-cle-pour-une-conservation-hivernale-optimale\\\/#primaryimage\",\"url\":\"https:\\\/\\\/www.mivsrl.com\\\/wp-content\\\/uploads\\\/2026\\\/01\\\/porte-pour-la-re\u0301frige\u0301ration-industrielle-conservation-agrumes-FRA.webp\",\"contentUrl\":\"https:\\\/\\\/www.mivsrl.com\\\/wp-content\\\/uploads\\\/2026\\\/01\\\/porte-pour-la-re\u0301frige\u0301ration-industrielle-conservation-agrumes-FRA.webp\",\"width\":1152,\"height\":864,\"caption\":\"porte-pour-la-re\u0301frige\u0301ration-industrielle-conservation-agrumes-FRA\"},{\"@type\":\"BreadcrumbList\",\"@id\":\"https:\\\/\\\/www.mivsrl.com\\\/fr\\\/portes-frigorifiques-et-agrumes-lalliance-cle-pour-une-conservation-hivernale-optimale\\\/#breadcrumb\",\"itemListElement\":[{\"@type\":\"ListItem\",\"position\":1,\"name\":\"Home\",\"item\":\"https:\\\/\\\/www.mivsrl.com\\\/fr\\\/\"},{\"@type\":\"ListItem\",\"position\":2,\"name\":\"Portes Frigorifiques et Agrumes : L\u2019Alliance Cl\u00e9 pour une Conservation Hivernale Optimale\"}]},{\"@type\":\"WebSite\",\"@id\":\"https:\\\/\\\/www.mivsrl.com\\\/fr\\\/#website\",\"url\":\"https:\\\/\\\/www.mivsrl.com\\\/fr\\\/\",\"name\":\"Miv Insulating Systems\",\"description\":\"Produzione di porte e accessori per celle frigorifere\",\"potentialAction\":[{\"@type\":\"SearchAction\",\"target\":{\"@type\":\"EntryPoint\",\"urlTemplate\":\"https:\\\/\\\/www.mivsrl.com\\\/fr\\\/?s={search_term_string}\"},\"query-input\":{\"@type\":\"PropertyValueSpecification\",\"valueRequired\":true,\"valueName\":\"search_term_string\"}}],\"inLanguage\":\"fr-FR\"},{\"@type\":\"Person\",\"@id\":\"https:\\\/\\\/www.mivsrl.com\\\/fr\\\/#\\\/schema\\\/person\\\/4e8a1c32154b2708fd8b484357dbe086\",\"name\":\"MIV MIV\",\"image\":{\"@type\":\"ImageObject\",\"inLanguage\":\"fr-FR\",\"@id\":\"https:\\\/\\\/secure.gravatar.com\\\/avatar\\\/d5a92c82723df6a9a56e6a4a06540e520f40713d201b7a31651098f34eb43f7d?s=96&d=mm&r=g\",\"url\":\"https:\\\/\\\/secure.gravatar.com\\\/avatar\\\/d5a92c82723df6a9a56e6a4a06540e520f40713d201b7a31651098f34eb43f7d?s=96&d=mm&r=g\",\"contentUrl\":\"https:\\\/\\\/secure.gravatar.com\\\/avatar\\\/d5a92c82723df6a9a56e6a4a06540e520f40713d201b7a31651098f34eb43f7d?s=96&d=mm&r=g\",\"caption\":\"MIV MIV\"},\"url\":\"https:\\\/\\\/www.mivsrl.com\\\/fr\\\/author\\\/miv\\\/\"}]}<\/script>\n<!-- \/ Yoast SEO plugin. -->","yoast_head_json":{"title":"Portes de chambre froide : La cl\u00e9 pour pr\u00e9server les agrumes \u00e0 leur meilleur en hiver","description":"Portes de chambre froide : La cl\u00e9 pour pr\u00e9server les agrumes \u00e0 leur meilleur en hiver","robots":{"index":"index","follow":"follow","max-snippet":"max-snippet:-1","max-image-preview":"max-image-preview:large","max-video-preview":"max-video-preview:-1"},"canonical":"https:\/\/www.mivsrl.com\/fr\/portes-frigorifiques-et-agrumes-lalliance-cle-pour-une-conservation-hivernale-optimale\/","og_locale":"fr_FR","og_type":"article","og_title":"Portes de chambre froide : La cl\u00e9 pour pr\u00e9server les agrumes \u00e0 leur meilleur en hiver","og_description":"Portes de chambre froide : La cl\u00e9 pour pr\u00e9server les agrumes \u00e0 leur meilleur en hiver","og_url":"https:\/\/www.mivsrl.com\/fr\/portes-frigorifiques-et-agrumes-lalliance-cle-pour-une-conservation-hivernale-optimale\/","og_site_name":"Miv Insulating Systems","article_publisher":"https:\/\/www.facebook.com\/mivrefrigeration","article_published_time":"2026-01-15T07:00:07+00:00","article_modified_time":"2026-01-15T10:50:22+00:00","og_image":[{"width":1152,"height":864,"url":"https:\/\/www.mivsrl.com\/wp-content\/uploads\/2026\/01\/porte-pour-la-re\u0301frige\u0301ration-industrielle-conservation-agrumes-FRA.webp","type":"image\/webp"}],"author":"MIV MIV","twitter_card":"summary_large_image","twitter_misc":{"\u00c9crit par":"MIV MIV","Dur\u00e9e de lecture estim\u00e9e":"5 minutes"},"schema":{"@context":"https:\/\/schema.org","@graph":[{"@type":"Article","@id":"https:\/\/www.mivsrl.com\/fr\/portes-frigorifiques-et-agrumes-lalliance-cle-pour-une-conservation-hivernale-optimale\/#article","isPartOf":{"@id":"https:\/\/www.mivsrl.com\/fr\/portes-frigorifiques-et-agrumes-lalliance-cle-pour-une-conservation-hivernale-optimale\/"},"author":{"name":"MIV MIV","@id":"https:\/\/www.mivsrl.com\/fr\/#\/schema\/person\/4e8a1c32154b2708fd8b484357dbe086"},"headline":"Portes Frigorifiques et Agrumes : L\u2019Alliance Cl\u00e9 pour une Conservation Hivernale Optimale","datePublished":"2026-01-15T07:00:07+00:00","dateModified":"2026-01-15T10:50:22+00:00","mainEntityOfPage":{"@id":"https:\/\/www.mivsrl.com\/fr\/portes-frigorifiques-et-agrumes-lalliance-cle-pour-une-conservation-hivernale-optimale\/"},"wordCount":1014,"image":{"@id":"https:\/\/www.mivsrl.com\/fr\/portes-frigorifiques-et-agrumes-lalliance-cle-pour-une-conservation-hivernale-optimale\/#primaryimage"},"thumbnailUrl":"https:\/\/www.mivsrl.com\/wp-content\/uploads\/2026\/01\/porte-pour-la-re\u0301frige\u0301ration-industrielle-conservation-agrumes-FRA.webp","keywords":["Portes de chambre froide","Portes Frigorifiques"],"articleSection":["Nouvelles"],"inLanguage":"fr-FR"},{"@type":"WebPage","@id":"https:\/\/www.mivsrl.com\/fr\/portes-frigorifiques-et-agrumes-lalliance-cle-pour-une-conservation-hivernale-optimale\/","url":"https:\/\/www.mivsrl.com\/fr\/portes-frigorifiques-et-agrumes-lalliance-cle-pour-une-conservation-hivernale-optimale\/","name":"Portes de chambre froide : La cl\u00e9 pour pr\u00e9server les agrumes \u00e0 leur meilleur en hiver","isPartOf":{"@id":"https:\/\/www.mivsrl.com\/fr\/#website"},"primaryImageOfPage":{"@id":"https:\/\/www.mivsrl.com\/fr\/portes-frigorifiques-et-agrumes-lalliance-cle-pour-une-conservation-hivernale-optimale\/#primaryimage"},"image":{"@id":"https:\/\/www.mivsrl.com\/fr\/portes-frigorifiques-et-agrumes-lalliance-cle-pour-une-conservation-hivernale-optimale\/#primaryimage"},"thumbnailUrl":"https:\/\/www.mivsrl.com\/wp-content\/uploads\/2026\/01\/porte-pour-la-re\u0301frige\u0301ration-industrielle-conservation-agrumes-FRA.webp","datePublished":"2026-01-15T07:00:07+00:00","dateModified":"2026-01-15T10:50:22+00:00","author":{"@id":"https:\/\/www.mivsrl.com\/fr\/#\/schema\/person\/4e8a1c32154b2708fd8b484357dbe086"},"description":"Portes de chambre froide : La cl\u00e9 pour pr\u00e9server les agrumes \u00e0 leur meilleur en hiver","breadcrumb":{"@id":"https:\/\/www.mivsrl.com\/fr\/portes-frigorifiques-et-agrumes-lalliance-cle-pour-une-conservation-hivernale-optimale\/#breadcrumb"},"inLanguage":"fr-FR","potentialAction":[{"@type":"ReadAction","target":["https:\/\/www.mivsrl.com\/fr\/portes-frigorifiques-et-agrumes-lalliance-cle-pour-une-conservation-hivernale-optimale\/"]}]},{"@type":"ImageObject","inLanguage":"fr-FR","@id":"https:\/\/www.mivsrl.com\/fr\/portes-frigorifiques-et-agrumes-lalliance-cle-pour-une-conservation-hivernale-optimale\/#primaryimage","url":"https:\/\/www.mivsrl.com\/wp-content\/uploads\/2026\/01\/porte-pour-la-re\u0301frige\u0301ration-industrielle-conservation-agrumes-FRA.webp","contentUrl":"https:\/\/www.mivsrl.com\/wp-content\/uploads\/2026\/01\/porte-pour-la-re\u0301frige\u0301ration-industrielle-conservation-agrumes-FRA.webp","width":1152,"height":864,"caption":"porte-pour-la-re\u0301frige\u0301ration-industrielle-conservation-agrumes-FRA"},{"@type":"BreadcrumbList","@id":"https:\/\/www.mivsrl.com\/fr\/portes-frigorifiques-et-agrumes-lalliance-cle-pour-une-conservation-hivernale-optimale\/#breadcrumb","itemListElement":[{"@type":"ListItem","position":1,"name":"Home","item":"https:\/\/www.mivsrl.com\/fr\/"},{"@type":"ListItem","position":2,"name":"Portes Frigorifiques et Agrumes : L\u2019Alliance Cl\u00e9 pour une Conservation Hivernale Optimale"}]},{"@type":"WebSite","@id":"https:\/\/www.mivsrl.com\/fr\/#website","url":"https:\/\/www.mivsrl.com\/fr\/","name":"Miv Insulating Systems","description":"Produzione di porte e accessori per celle frigorifere","potentialAction":[{"@type":"SearchAction","target":{"@type":"EntryPoint","urlTemplate":"https:\/\/www.mivsrl.com\/fr\/?s={search_term_string}"},"query-input":{"@type":"PropertyValueSpecification","valueRequired":true,"valueName":"search_term_string"}}],"inLanguage":"fr-FR"},{"@type":"Person","@id":"https:\/\/www.mivsrl.com\/fr\/#\/schema\/person\/4e8a1c32154b2708fd8b484357dbe086","name":"MIV MIV","image":{"@type":"ImageObject","inLanguage":"fr-FR","@id":"https:\/\/secure.gravatar.com\/avatar\/d5a92c82723df6a9a56e6a4a06540e520f40713d201b7a31651098f34eb43f7d?s=96&d=mm&r=g","url":"https:\/\/secure.gravatar.com\/avatar\/d5a92c82723df6a9a56e6a4a06540e520f40713d201b7a31651098f34eb43f7d?s=96&d=mm&r=g","contentUrl":"https:\/\/secure.gravatar.com\/avatar\/d5a92c82723df6a9a56e6a4a06540e520f40713d201b7a31651098f34eb43f7d?s=96&d=mm&r=g","caption":"MIV MIV"},"url":"https:\/\/www.mivsrl.com\/fr\/author\/miv\/"}]}},"_links":{"self":[{"href":"https:\/\/www.mivsrl.com\/fr\/wp-json\/wp\/v2\/posts\/43661","targetHints":{"allow":["GET"]}}],"collection":[{"href":"https:\/\/www.mivsrl.com\/fr\/wp-json\/wp\/v2\/posts"}],"about":[{"href":"https:\/\/www.mivsrl.com\/fr\/wp-json\/wp\/v2\/types\/post"}],"author":[{"embeddable":true,"href":"https:\/\/www.mivsrl.com\/fr\/wp-json\/wp\/v2\/users\/32"}],"replies":[{"embeddable":true,"href":"https:\/\/www.mivsrl.com\/fr\/wp-json\/wp\/v2\/comments?post=43661"}],"version-history":[{"count":0,"href":"https:\/\/www.mivsrl.com\/fr\/wp-json\/wp\/v2\/posts\/43661\/revisions"}],"wp:featuredmedia":[{"embeddable":true,"href":"https:\/\/www.mivsrl.com\/fr\/wp-json\/wp\/v2\/media\/43997"}],"wp:attachment":[{"href":"https:\/\/www.mivsrl.com\/fr\/wp-json\/wp\/v2\/media?parent=43661"}],"wp:term":[{"taxonomy":"category","embeddable":true,"href":"https:\/\/www.mivsrl.com\/fr\/wp-json\/wp\/v2\/categories?post=43661"},{"taxonomy":"post_tag","embeddable":true,"href":"https:\/\/www.mivsrl.com\/fr\/wp-json\/wp\/v2\/tags?post=43661"}],"curies":[{"name":"wp","href":"https:\/\/api.w.org\/{rel}","templated":true}]}}