{"id":44318,"date":"2026-03-16T15:05:04","date_gmt":"2026-03-16T14:05:04","guid":{"rendered":"https:\/\/www.mivsrl.com\/?p=44318"},"modified":"2026-03-16T15:12:27","modified_gmt":"2026-03-16T14:12:27","slug":"portes-de-chambres-froides-et-fraises-de-printemps-fraicheur-garantie","status":"publish","type":"post","link":"https:\/\/www.mivsrl.com\/fr\/portes-de-chambres-froides-et-fraises-de-printemps-fraicheur-garantie\/","title":{"rendered":"Portes de chambres froides et fraises de printemps : fra\u00eecheur garantie"},"content":{"rendered":"\t\t<div data-elementor-type=\"wp-post\" data-elementor-id=\"44318\" class=\"elementor elementor-44318 elementor-44300\">\n\t\t\t\t\t\t<section class=\"wd-negative-gap elementor-section elementor-top-section elementor-element elementor-element-5892975 elementor-section-boxed elementor-section-height-default elementor-section-height-default wd-section-disabled\" data-id=\"5892975\" data-element_type=\"section\" data-e-type=\"section\">\n\t\t\t\t\t\t<div class=\"elementor-container elementor-column-gap-default\">\n\t\t\t\t\t<div class=\"elementor-column elementor-col-100 elementor-top-column elementor-element elementor-element-25a55c4\" data-id=\"25a55c4\" data-element_type=\"column\" data-e-type=\"column\">\n\t\t\t<div class=\"elementor-widget-wrap elementor-element-populated\">\n\t\t\t\t\t\t<div class=\"elementor-element elementor-element-5b413d2 elementor-widget elementor-widget-wd_text_block\" data-id=\"5b413d2\" data-element_type=\"widget\" data-e-type=\"widget\" data-widget_type=\"wd_text_block.default\">\n\t\t\t\t<div class=\"elementor-widget-container\">\n\t\t\t\t\t\t\t<div class=\"wd-text-block reset-last-child text-left\">\n\t\t\t\n\t\t\t<h2>Portes frigorifiques et fraises de printemps : fra\u00eecheur garantie<\/h2><p data-start=\"76\" data-end=\"579\">La fraise est l\u2019un des symboles du printemps : d\u00e9licate, parfum\u00e9e, tr\u00e8s appr\u00e9ci\u00e9e des consommateurs, mais aussi extr\u00eamement sensible aux variations de temp\u00e9rature. Sa conservation repr\u00e9sente un v\u00e9ritable d\u00e9fi pour les producteurs, les distributeurs et les points de vente. Dans ce contexte, les Cold storage doors con\u00e7ues et fabriqu\u00e9es par MIV deviennent un \u00e9l\u00e9ment essentiel pour garantir la qualit\u00e9, la s\u00e9curit\u00e9 alimentaire et l\u2019efficacit\u00e9 op\u00e9rationnelle tout au long de la cha\u00eene d\u2019approvisionnement.<\/p>\n\t\t\t\t\t<\/div>\n\t\t\t\t\t\t<\/div>\n\t\t\t\t<\/div>\n\t\t\t\t\t<\/div>\n\t\t<\/div>\n\t\t\t\t\t<\/div>\n\t\t<\/section>\n\t\t\t\t<section class=\"wd-negative-gap elementor-section elementor-top-section elementor-element elementor-element-a9f8a46 elementor-section-boxed elementor-section-height-default elementor-section-height-default wd-section-disabled\" data-id=\"a9f8a46\" data-element_type=\"section\" data-e-type=\"section\">\n\t\t\t\t\t\t<div class=\"elementor-container elementor-column-gap-default\">\n\t\t\t\t\t<div class=\"elementor-column elementor-col-100 elementor-top-column elementor-element elementor-element-06c53ba\" data-id=\"06c53ba\" data-element_type=\"column\" data-e-type=\"column\">\n\t\t\t<div class=\"elementor-widget-wrap elementor-element-populated\">\n\t\t\t\t\t\t<div class=\"elementor-element elementor-element-5380e83 elementor-widget elementor-widget-wd_text_block\" data-id=\"5380e83\" data-element_type=\"widget\" data-e-type=\"widget\" data-widget_type=\"wd_text_block.default\">\n\t\t\t\t<div class=\"elementor-widget-container\">\n\t\t\t\t\t\t\t<div class=\"wd-text-block reset-last-child text-left\">\n\t\t\t\n\t\t\t<h2>Portes frigorifiques et conservation des fraises dans les entrep\u00f4ts de stockage<\/h2><p data-start=\"671\" data-end=\"1094\">Les fraises sont un produit hautement p\u00e9rissable : une fois r\u00e9colt\u00e9es, elles commencent rapidement \u00e0 perdre leur fra\u00eecheur, leur fermet\u00e9 et leur valeur nutritionnelle. Dans les entrep\u00f4ts de stockage, la gestion de la cha\u00eene du froid est donc essentielle pour pr\u00e9server la qualit\u00e9 du produit. Dans ce contexte, les Cold storage doors jouent un r\u00f4le cl\u00e9 dans le maintien de conditions environnementales stables et contr\u00f4l\u00e9es.<\/p><p data-start=\"1096\" data-end=\"1525\">La temp\u00e9rature id\u00e9ale pour la conservation des fraises se situe entre 0 et 2 \u00b0C, avec des niveaux \u00e9lev\u00e9s d\u2019humidit\u00e9 relative, g\u00e9n\u00e9ralement entre 90 % et 95 %, afin de pr\u00e9venir la d\u00e9shydratation et la perte de fermet\u00e9. Les Cold storage doors doivent garantir une excellente isolation thermique, emp\u00eacher les infiltrations d\u2019air chaud et limiter les fluctuations de temp\u00e9rature lors des op\u00e9rations de chargement et de d\u00e9chargement.<\/p><p data-start=\"1527\" data-end=\"2028\">Les solutions MIV sont con\u00e7ues pour r\u00e9pondre aux besoins des entrep\u00f4ts modernes de fruits et l\u00e9gumes : des structures robustes, des joints d\u2019\u00e9tanch\u00e9it\u00e9 haute performance et des mat\u00e9riaux r\u00e9sistants \u00e0 l\u2019humidit\u00e9 permettent une utilisation intensive sans compromettre les performances. De plus, les Cold storage doors permettent de diviser efficacement les zones de stockage, en \u00e9vitant la contamination par d\u2019autres produits qui lib\u00e8rent de l\u2019\u00e9thyl\u00e8ne, un gaz qui acc\u00e9l\u00e8re la d\u00e9t\u00e9rioration des fraises.<\/p><p data-start=\"2030\" data-end=\"2257\">Une gestion efficace des chambres froides permet non seulement de pr\u00e9server la fra\u00eecheur des fraises, mais aussi de r\u00e9duire le gaspillage alimentaire et d\u2019am\u00e9liorer la rentabilit\u00e9 de l\u2019ensemble de la cha\u00eene d\u2019approvisionnement.<\/p>\n\t\t\t\t\t<\/div>\n\t\t\t\t\t\t<\/div>\n\t\t\t\t<\/div>\n\t\t\t\t\t<\/div>\n\t\t<\/div>\n\t\t\t\t\t<\/div>\n\t\t<\/section>\n\t\t\t\t<section class=\"wd-negative-gap elementor-section elementor-top-section elementor-element elementor-element-6834b08 elementor-section-boxed elementor-section-height-default elementor-section-height-default wd-section-disabled\" data-id=\"6834b08\" data-element_type=\"section\" data-e-type=\"section\">\n\t\t\t\t\t\t<div class=\"elementor-container elementor-column-gap-default\">\n\t\t\t\t\t<div class=\"elementor-column elementor-col-100 elementor-top-column elementor-element elementor-element-f289730\" data-id=\"f289730\" data-element_type=\"column\" data-e-type=\"column\">\n\t\t\t<div class=\"elementor-widget-wrap elementor-element-populated\">\n\t\t\t\t\t\t<div class=\"elementor-element elementor-element-39817d6 elementor-widget elementor-widget-wd_text_block\" data-id=\"39817d6\" data-element_type=\"widget\" data-e-type=\"widget\" data-widget_type=\"wd_text_block.default\">\n\t\t\t\t<div class=\"elementor-widget-container\">\n\t\t\t\t\t\t\t<div class=\"wd-text-block reset-last-child text-left\">\n\t\t\t\n\t\t\t<h2>Portes frigorifiques dans les supermarch\u00e9s : des fraises fra\u00eeches et s\u00fbres pour les consommateurs\u00a0<\/h2><p data-start=\"2481\" data-end=\"2834\">Dans les supermarch\u00e9s, les fraises sont un produit \u00e0 forte rotation, surtout pendant les mois de printemps. Pour maintenir un aspect attrayant et garantir la s\u00e9curit\u00e9 alimentaire, les phases de stockage et de pr\u00e9paration doivent avoir lieu dans des environnements correctement r\u00e9frig\u00e9r\u00e9s. Une fois de plus, les Cold storage doors jouent un r\u00f4le crucial.<\/p><p data-start=\"2836\" data-end=\"3347\">Dans les zones arri\u00e8re-boutique et les chambres froides de soutien des rayons fruits et l\u00e9gumes, les Cold storage doors doivent r\u00e9sister \u00e0 des ouvertures fr\u00e9quentes sans perdre en efficacit\u00e9. Toute dispersion d\u2019air froid peut compromettre la qualit\u00e9 des fraises, entra\u00eenant condensation, ramollissement du fruit et prolif\u00e9ration microbienne. Les Cold storage doors MIV sont con\u00e7ues pour assurer une fermeture herm\u00e9tique, une ouverture rapide et une s\u00e9curit\u00e9 maximale, m\u00eame dans des environnements \u00e0 fort trafic.<\/p><p data-start=\"3349\" data-end=\"3694\">De plus en plus de supermarch\u00e9s modernes adoptent des chambres froides visibles ou des Cold storage doors transparentes, permettant aux clients de percevoir propret\u00e9, ordre et professionnalisme. Dans ces cas, les Cold storage doors ne sont pas seulement un \u00e9l\u00e9ment fonctionnel, mais aussi une partie int\u00e9grante de l\u2019identit\u00e9 visuelle du magasin.<\/p><p data-start=\"3696\" data-end=\"3920\">Gr\u00e2ce \u00e0 des solutions personnalisables, MIV propose des portes adapt\u00e9es \u00e0 chaque environnement commercial, contribuant \u00e0 conserver les fraises fra\u00eeches plus longtemps et \u00e0 valoriser le produit aux yeux du consommateur final.<\/p>\n\t\t\t\t\t<\/div>\n\t\t\t\t\t\t<\/div>\n\t\t\t\t<\/div>\n\t\t\t\t\t<\/div>\n\t\t<\/div>\n\t\t\t\t\t<\/div>\n\t\t<\/section>\n\t\t\t\t<section class=\"wd-negative-gap elementor-section elementor-top-section elementor-element elementor-element-86ae634 elementor-section-boxed elementor-section-height-default elementor-section-height-default wd-section-disabled\" data-id=\"86ae634\" data-element_type=\"section\" data-e-type=\"section\">\n\t\t\t\t\t\t<div class=\"elementor-container elementor-column-gap-default\">\n\t\t\t\t\t<div class=\"elementor-column elementor-col-100 elementor-top-column elementor-element elementor-element-ac31a8a\" data-id=\"ac31a8a\" data-element_type=\"column\" data-e-type=\"column\">\n\t\t\t<div class=\"elementor-widget-wrap elementor-element-populated\">\n\t\t\t\t\t\t<div class=\"elementor-element elementor-element-c8af13c elementor-widget elementor-widget-wd_text_block\" data-id=\"c8af13c\" data-element_type=\"widget\" data-e-type=\"widget\" data-widget_type=\"wd_text_block.default\">\n\t\t\t\t<div class=\"elementor-widget-container\">\n\t\t\t\t\t\t\t<div class=\"wd-text-block reset-last-child text-left\">\n\t\t\t\n\t\t\t<h2>Portes frigorifiques et logistique des fraises dans la cha\u00eene agroalimentaire\u00a0<\/h2><p data-start=\"4137\" data-end=\"4493\">La cha\u00eene d\u2019approvisionnement des fraises comprend plusieurs \u00e9tapes : r\u00e9colte, tri, conditionnement, transport et distribution. \u00c0 chaque \u00e9tape, le maintien de la temp\u00e9rature ad\u00e9quate est essentiel. Les Cold storage doors repr\u00e9sentent un \u00e9l\u00e9ment central pour garantir la continuit\u00e9 de la cha\u00eene du froid et la qualit\u00e9 du produit jusqu\u2019au consommateur final.<\/p><p data-start=\"4495\" data-end=\"4976\">Dans les centres de transformation et de conditionnement, les fraises sont souvent manipul\u00e9es et emball\u00e9es dans des environnements r\u00e9frig\u00e9r\u00e9s afin de limiter l\u2019exposition \u00e0 des temp\u00e9ratures plus \u00e9lev\u00e9es. Les Cold storage doors doivent permettre une manutention rapide des produits sans cr\u00e9er de goulots d\u2019\u00e9tranglement ni de dispersion thermique. Les portes coulissantes, les syst\u00e8mes automatiques ou les portes \u00e0 haute r\u00e9sistance sont des solutions id\u00e9ales pour ces environnements.<\/p><p data-start=\"4978\" data-end=\"5339\">Les Cold storage doors MIV sont con\u00e7ues pour supporter des cycles intensifs d\u2019ouverture et de fermeture, garantissant une durabilit\u00e9 \u00e0 long terme et r\u00e9duisant les co\u00fbts de maintenance. Une isolation efficace am\u00e9liore \u00e9galement l\u2019efficacit\u00e9 \u00e9nerg\u00e9tique globale, un facteur de plus en plus important pour les entreprises agroalimentaires soucieuses de durabilit\u00e9.<\/p><p data-start=\"5341\" data-end=\"5615\">Gr\u00e2ce \u00e0 une conception ad\u00e9quate des espaces r\u00e9frig\u00e9r\u00e9s et \u00e0 l\u2019utilisation de Cold storage doors de haute qualit\u00e9, il est possible de prolonger la dur\u00e9e de vie commerciale des fraises, de r\u00e9duire les d\u00e9chets et de garantir au march\u00e9 un produit frais, s\u00fbr et de haute qualit\u00e9.<\/p><p data-start=\"5617\" data-end=\"6120\" data-is-last-node=\"\" data-is-only-node=\"\">La fraise est l\u2019un des symboles du printemps : d\u00e9licate, parfum\u00e9e, tr\u00e8s appr\u00e9ci\u00e9e des consommateurs, mais aussi extr\u00eamement sensible aux variations de temp\u00e9rature. Sa conservation repr\u00e9sente un v\u00e9ritable d\u00e9fi pour les producteurs, les distributeurs et les points de vente. Dans ce contexte, les Cold storage doors con\u00e7ues et fabriqu\u00e9es par MIV deviennent un \u00e9l\u00e9ment essentiel pour garantir la qualit\u00e9, la s\u00e9curit\u00e9 alimentaire et l\u2019efficacit\u00e9 op\u00e9rationnelle tout au long de la cha\u00eene d\u2019approvisionnement.<\/p>\n\t\t\t\t\t<\/div>\n\t\t\t\t\t\t<\/div>\n\t\t\t\t<\/div>\n\t\t\t\t\t<\/div>\n\t\t<\/div>\n\t\t\t\t\t<\/div>\n\t\t<\/section>\n\t\t\t\t<section class=\"wd-negative-gap elementor-section elementor-top-section elementor-element elementor-element-5ebf670 elementor-section-boxed elementor-section-height-default elementor-section-height-default wd-section-disabled\" data-id=\"5ebf670\" data-element_type=\"section\" data-e-type=\"section\">\n\t\t\t\t\t\t<div class=\"elementor-container elementor-column-gap-default\">\n\t\t\t\t\t<div class=\"elementor-column elementor-col-100 elementor-top-column elementor-element elementor-element-7687164\" data-id=\"7687164\" data-element_type=\"column\" data-e-type=\"column\">\n\t\t\t<div class=\"elementor-widget-wrap elementor-element-populated\">\n\t\t\t\t\t\t<div class=\"elementor-element elementor-element-dc28d68 elementor-widget elementor-widget-wd_products\" data-id=\"dc28d68\" data-element_type=\"widget\" data-e-type=\"widget\" data-widget_type=\"wd_products.default\">\n\t\t\t\t<div class=\"elementor-widget-container\">\n\t\t\t\t\t\t\t\t\t\t<div class=\"wd-products-element\">\n\n\t\t\t\n\t\t\t\n\t\t\t<div class=\"products elements-grid row wd-products-holder pagination- wd-spacing-20 grid-columns-2 grid-masonry align-items-start\" data-paged=\"1\" data-atts=\"{&quot;element_title&quot;:&quot;&quot;,&quot;title_alignment&quot;:&quot;left&quot;,&quot;query_post_type&quot;:&quot;product&quot;,&quot;post_type&quot;:&quot;ids&quot;,&quot;include&quot;:[&quot;28660&quot;,&quot;30897&quot;],&quot;taxonomies&quot;:null,&quot;offset&quot;:null,&quot;orderby&quot;:&quot;&quot;,&quot;query_type&quot;:&quot;OR&quot;,&quot;order&quot;:null,&quot;meta_key&quot;:null,&quot;exclude&quot;:null,&quot;shop_tools&quot;:null,&quot;hide_out_of_stock&quot;:&quot;no&quot;,&quot;ajax_recently_viewed&quot;:null,&quot;speed&quot;:null,&quot;slides_per_view&quot;:null,&quot;slides_per_view_tablet&quot;:{&quot;size&quot;:&quot;&quot;},&quot;slides_per_view_mobile&quot;:{&quot;size&quot;:&quot;&quot;},&quot;wrap&quot;:null,&quot;autoplay&quot;:null,&quot;center_mode&quot;:null,&quot;hide_pagination_control&quot;:null,&quot;hide_prev_next_buttons&quot;:null,&quot;scroll_per_page&quot;:null,&quot;layout&quot;:&quot;grid&quot;,&quot;pagination&quot;:&quot;&quot;,&quot;items_per_page&quot;:12,&quot;spacing&quot;:&quot;20&quot;,&quot;columns&quot;:{&quot;unit&quot;:&quot;px&quot;,&quot;size&quot;:2,&quot;sizes&quot;:[]},&quot;columns_tablet&quot;:{&quot;size&quot;:&quot;&quot;},&quot;columns_mobile&quot;:{&quot;size&quot;:&quot;&quot;},&quot;products_masonry&quot;:&quot;&quot;,&quot;products_different_sizes&quot;:&quot;&quot;,&quot;product_quantity&quot;:&quot;&quot;,&quot;product_hover&quot;:&quot;inherit&quot;,&quot;sale_countdown&quot;:&quot;0&quot;,&quot;stretch_product&quot;:null,&quot;stretch_product_tablet&quot;:0,&quot;stretch_product_mobile&quot;:0,&quot;stock_progress_bar&quot;:&quot;0&quot;,&quot;highlighted_products&quot;:&quot;0&quot;,&quot;products_bordered_grid&quot;:&quot;0&quot;,&quot;products_bordered_grid_style&quot;:null,&quot;img_size&quot;:&quot;large&quot;,&quot;img_size_custom&quot;:null,&quot;ajax_page&quot;:&quot;&quot;,&quot;force_not_ajax&quot;:&quot;no&quot;,&quot;lazy_loading&quot;:&quot;no&quot;,&quot;scroll_carousel_init&quot;:null,&quot;custom_sizes&quot;:false,&quot;elementor&quot;:true}\" data-source=\"shortcode\" data-columns=\"2\">\n\t\t\n\t\t\n\t\t\t\t\t\t\t\t<div class=\"product-grid-item product wd-hover-alt  col-lg-6 col-md-6 col-6 first  type-product post-30897 status-publish instock product_cat-portes product_cat-portes-a-temperature-positive-de-0-a-4c-refroidisseur product_cat-type-dapplication-du-panneau-fr-2 product_cat-portes-coulissantes-pour-chambres-froides product_tag-portes-coulissantes-pour-chambres-froides has-post-thumbnail shipping-taxable product-type-simple\" data-loop=\"1\" data-id=\"30897\">\n\t\n\t\n<div class=\"product-wrapper\">\n\t<div class=\"product-element-top wd-quick-shop\">\n\t\t<a href=\"https:\/\/www.mivsrl.com\/fr\/produit\/porte-coulissante-pour-refrigeration-industrielle-a-temperature-positive-900p\/\" class=\"product-image-link\">\n\t\t\t<img fetchpriority=\"high\" decoding=\"async\" width=\"1024\" height=\"1024\" src=\"https:\/\/www.mivsrl.com\/wp-content\/themes\/woodmart\/images\/lazy.png\" class=\"attachment-large size-large wp-image-28120 wd-lazy-load wd-lazy-fade\" alt=\"\" srcset=\"\" sizes=\"(max-width: 1024px) 100vw, 1024px\" data-wood-src=\"https:\/\/www.mivsrl.com\/wp-content\/uploads\/2023\/04\/porta-cella-frigorifera-industriale-900-P-M-1024x1024.webp\" data-srcset=\"https:\/\/www.mivsrl.com\/wp-content\/uploads\/2023\/04\/porta-cella-frigorifera-industriale-900-P-M-1024x1024.webp 1024w, https:\/\/www.mivsrl.com\/wp-content\/uploads\/2023\/04\/porta-cella-frigorifera-industriale-900-P-M-300x300.webp 300w, https:\/\/www.mivsrl.com\/wp-content\/uploads\/2023\/04\/porta-cella-frigorifera-industriale-900-P-M-150x150.webp 150w, https:\/\/www.mivsrl.com\/wp-content\/uploads\/2023\/04\/porta-cella-frigorifera-industriale-900-P-M-600x600.webp 600w, https:\/\/www.mivsrl.com\/wp-content\/uploads\/2023\/04\/porta-cella-frigorifera-industriale-900-P-M-768x768.webp 768w, https:\/\/www.mivsrl.com\/wp-content\/uploads\/2023\/04\/porta-cella-frigorifera-industriale-900-P-M.webp 1200w\" \/>\t\t<\/a>\n\t\t\t\t<div class=\"wd-buttons wd-pos-r-t\">\n\t\t\t\t\t\t\t\t<div class=\"quick-view wd-action-btn wd-style-icon wd-quick-view-icon\">\n\t\t\t<a\n\t\t\t\thref=\"https:\/\/www.mivsrl.com\/fr\/produit\/porte-coulissante-pour-refrigeration-industrielle-a-temperature-positive-900p\/\"\n\t\t\t\tclass=\"open-quick-view quick-view-button\"\n\t\t\t\trel=\"nofollow\"\n\t\t\t\tdata-id=\"30897\"\n\t\t\t\t>Quick view<\/a>\n\t\t<\/div>\n\t\t\t\t\t\t\t<\/div>\n\t<\/div>\n\n\t\t\t<h3 class=\"wd-entities-title\"><a href=\"https:\/\/www.mivsrl.com\/fr\/produit\/porte-coulissante-pour-refrigeration-industrielle-a-temperature-positive-900p\/\">PORTE FRIGORIFIQUE INDUSTRIELLE COULISSANTE POUR TEMP\u00c9RATURE POSITIVE 900P<\/a><\/h3>\t\t\t\t<div class=\"wd-product-cats\">\n\t\t\t<a href=\"https:\/\/www.mivsrl.com\/fr\/categorie-produit\/portes\/portes-coulissantes-pour-chambres-froides\/\" rel=\"tag\">Portes coulissantes pour chambres froides<\/a>, <a href=\"https:\/\/www.mivsrl.com\/fr\/categorie-produit\/portes\/portes-coulissantes-pour-chambres-froides\/portes-a-temperature-positive-de-0-a-4c-refroidisseur\/\" rel=\"tag\">Portes \u00e0 temp\u00e9rature positive de 0 \u00e0 +4\u00b0C Refroidisseur<\/a>, <a href=\"https:\/\/www.mivsrl.com\/fr\/categorie-produit\/portes\/portes-coulissantes-pour-chambres-froides\/portes-a-temperature-positive-de-0-a-4c-refroidisseur\/type-dapplication-du-panneau-fr-2\/\" rel=\"tag\">Type d&#039;application du panneau<\/a>, <a href=\"https:\/\/www.mivsrl.com\/fr\/categorie-produit\/portes\/\" rel=\"tag\">Portes<\/a>\t\t<\/div>\n\t\t\t\t<div class=\"wrap-price\">\n\t\t\t<div class=\"swap-wrapp\">\n\t\t\t\t<div class=\"swap-elements\">\n\t\t\t\t\t\t\t\t\t\t\n\t\t\t\t\t<div class=\"wd-add-btn\">\n\t\t\t\t\t\t\t\t\t\t\t<\/div>\n\t\t\t\t<\/div>\n\t\t\t<\/div>\n\t\t\t\t\t<\/div>\n\n\t\t\n\t\t\n\t\t\t<\/div><\/div>\n\t\t\t\t\t\t\t\t<div class=\"product-grid-item product wd-hover-alt  col-lg-6 col-md-6 col-6 last  type-product post-28660 status-publish instock product_cat-portes product_cat-ports-a-temperature-positive-0-a-4c-refroidisseur product_cat-type-dapplication-du-panneau product_cat-portes-pour-entrepots-frigorifiques-charniere product_tag-portes-dentrepots-frigorifiques-a-charnieres has-post-thumbnail shipping-taxable product-type-simple\" data-loop=\"2\" data-id=\"28660\">\n\t\n\t\n<div class=\"product-wrapper\">\n\t<div class=\"product-element-top wd-quick-shop\">\n\t\t<a href=\"https:\/\/www.mivsrl.com\/fr\/produit\/porte-de-refrigeration-industrielle-sur-charniere-pour-temperature-positive-200n\/\" class=\"product-image-link\">\n\t\t\t<img decoding=\"async\" width=\"1024\" height=\"1024\" src=\"https:\/\/www.mivsrl.com\/wp-content\/themes\/woodmart\/images\/lazy.png\" class=\"attachment-large size-large wp-image-27876 wd-lazy-load wd-lazy-fade\" alt=\"\" srcset=\"\" sizes=\"(max-width: 1024px) 100vw, 1024px\" data-wood-src=\"https:\/\/www.mivsrl.com\/wp-content\/uploads\/2023\/04\/porta-frigorifera-industriale-180-N-1024x1024.webp\" data-srcset=\"https:\/\/www.mivsrl.com\/wp-content\/uploads\/2023\/04\/porta-frigorifera-industriale-180-N-1024x1024.webp 1024w, https:\/\/www.mivsrl.com\/wp-content\/uploads\/2023\/04\/porta-frigorifera-industriale-180-N-300x300.webp 300w, https:\/\/www.mivsrl.com\/wp-content\/uploads\/2023\/04\/porta-frigorifera-industriale-180-N-150x150.webp 150w, https:\/\/www.mivsrl.com\/wp-content\/uploads\/2023\/04\/porta-frigorifera-industriale-180-N-600x600.webp 600w, https:\/\/www.mivsrl.com\/wp-content\/uploads\/2023\/04\/porta-frigorifera-industriale-180-N-768x768.webp 768w, https:\/\/www.mivsrl.com\/wp-content\/uploads\/2023\/04\/porta-frigorifera-industriale-180-N.webp 1200w\" \/>\t\t<\/a>\n\t\t\t\t<div class=\"wd-buttons wd-pos-r-t\">\n\t\t\t\t\t\t\t\t<div class=\"quick-view wd-action-btn wd-style-icon wd-quick-view-icon\">\n\t\t\t<a\n\t\t\t\thref=\"https:\/\/www.mivsrl.com\/fr\/produit\/porte-de-refrigeration-industrielle-sur-charniere-pour-temperature-positive-200n\/\"\n\t\t\t\tclass=\"open-quick-view quick-view-button\"\n\t\t\t\trel=\"nofollow\"\n\t\t\t\tdata-id=\"28660\"\n\t\t\t\t>Quick view<\/a>\n\t\t<\/div>\n\t\t\t\t\t\t\t<\/div>\n\t<\/div>\n\n\t\t\t<h3 class=\"wd-entities-title\"><a href=\"https:\/\/www.mivsrl.com\/fr\/produit\/porte-de-refrigeration-industrielle-sur-charniere-pour-temperature-positive-200n\/\">PORTE FRIGORIFIQUE INDUSTRIELLE PIVOTANTE POUR TEMP\u00c9RATURE POSITIVE 200N<\/a><\/h3>\t\t\t\t<div class=\"wd-product-cats\">\n\t\t\t<a href=\"https:\/\/www.mivsrl.com\/fr\/categorie-produit\/portes\/portes-pour-entrepots-frigorifiques-charniere\/\" rel=\"tag\">Portes pour entrep\u00f4ts frigorifiques Charni\u00e8re<\/a>, <a href=\"https:\/\/www.mivsrl.com\/fr\/categorie-produit\/portes\/portes-pour-entrepots-frigorifiques-charniere\/ports-a-temperature-positive-0-a-4c-refroidisseur\/\" rel=\"tag\">Ports \u00e0 temp\u00e9rature positive 0 \u00e0 +4\u00b0C Refroidisseur<\/a>, <a href=\"https:\/\/www.mivsrl.com\/fr\/categorie-produit\/portes\/portes-pour-entrepots-frigorifiques-charniere\/ports-a-temperature-positive-0-a-4c-refroidisseur\/type-dapplication-du-panneau\/\" rel=\"tag\">Type d&#039;application du panneau<\/a>, <a href=\"https:\/\/www.mivsrl.com\/fr\/categorie-produit\/portes\/\" rel=\"tag\">Portes<\/a>\t\t<\/div>\n\t\t\t\t<div class=\"wrap-price\">\n\t\t\t<div class=\"swap-wrapp\">\n\t\t\t\t<div class=\"swap-elements\">\n\t\t\t\t\t\t\t\t\t\t\n\t\t\t\t\t<div class=\"wd-add-btn\">\n\t\t\t\t\t\t\t\t\t\t\t<\/div>\n\t\t\t\t<\/div>\n\t\t\t<\/div>\n\t\t\t\t\t<\/div>\n\n\t\t\n\t\t\n\t\t\t<\/div><\/div>\n\t\t\n\t\t\t\t<\/div>\n\t\n\t\t\n\t\t\n\t\t\t\t\t<\/div>\n\t\t\n\t\t\t\t\t\t<\/div>\n\t\t\t\t<\/div>\n\t\t\t\t\t<\/div>\n\t\t<\/div>\n\t\t\t\t\t<\/div>\n\t\t<\/section>\n\t\t\t\t<section class=\"wd-negative-gap elementor-section elementor-top-section elementor-element elementor-element-2efa0b9 elementor-section-boxed elementor-section-height-default elementor-section-height-default wd-section-disabled\" data-id=\"2efa0b9\" data-element_type=\"section\" data-e-type=\"section\">\n\t\t\t\t\t\t<div class=\"elementor-container elementor-column-gap-default\">\n\t\t\t\t\t<div class=\"elementor-column elementor-col-100 elementor-top-column elementor-element elementor-element-bf4a3db\" data-id=\"bf4a3db\" data-element_type=\"column\" data-e-type=\"column\">\n\t\t\t<div class=\"elementor-widget-wrap elementor-element-populated\">\n\t\t\t\t\t\t<div class=\"elementor-element elementor-element-cec1327 color-scheme-inherit text-left elementor-widget elementor-widget-text-editor\" data-id=\"cec1327\" data-element_type=\"widget\" data-e-type=\"widget\" data-widget_type=\"text-editor.default\">\n\t\t\t\t<div class=\"elementor-widget-container\">\n\t\t\t\t\t\t\t\t\t<h2>Coordonn\u00e9es pour les portes de r\u00e9frig\u00e9rateur<\/h2><p>Pour plus d&rsquo;informations, veuillez nous contacter via notre formulaire de contact.<br \/>Contact WhatsApp: <a href=\"https:\/\/api.whatsapp.com\/message\/BWKLO7GYVGFDK1\">https:\/\/api.whatsapp.com\/message\/BWKLO7GYVGFDK1<\/a><br \/>Page Facebook: <a href=\"https:\/\/www.facebook.com\/mivrefrigeration\">https:\/\/www.facebook.com\/mivrefrigeration<\/a><br \/>Page LinkedIn: <a href=\"https:\/\/www.linkedin.com\/company\/mivinsulatingsystems\">https:\/\/www.linkedin.com\/company\/mivinsulatingsystems<\/a><\/p>\t\t\t\t\t\t\t\t<\/div>\n\t\t\t\t<\/div>\n\t\t\t\t\t<\/div>\n\t\t<\/div>\n\t\t\t\t\t<\/div>\n\t\t<\/section>\n\t\t\t\t<\/div>\n\t\t","protected":false},"excerpt":{"rendered":"<p>Portes frigorifiques et fraises de printemps : fra\u00eecheur garantie La fraise est l\u2019un des symboles du printemps : d\u00e9licate, parfum\u00e9e,<\/p>\n","protected":false},"author":1,"featured_media":44367,"comment_status":"closed","ping_status":"closed","sticky":false,"template":"","format":"standard","meta":{"footnotes":""},"categories":[129,321],"tags":[],"class_list":["post-44318","post","type-post","status-publish","format-standard","has-post-thumbnail","hentry","category-nouvelles","category-la-conservation-des-aliments"],"yoast_head":"<!-- This site is optimized with the Yoast SEO plugin v27.4 - https:\/\/yoast.com\/product\/yoast-seo-wordpress\/ -->\n<title>Portes de chambres froides et fraises de printemps : fra\u00eecheur garantie - Miv Insulating Systems<\/title>\n<meta name=\"description\" content=\"Portes de chambres froides et fraises de printemps : fra\u00eecheur garantie\" \/>\n<meta name=\"robots\" content=\"index, follow, max-snippet:-1, max-image-preview:large, max-video-preview:-1\" \/>\n<link rel=\"canonical\" href=\"https:\/\/www.mivsrl.com\/fr\/portes-de-chambres-froides-et-fraises-de-printemps-fraicheur-garantie\/\" \/>\n<meta property=\"og:locale\" content=\"fr_FR\" \/>\n<meta property=\"og:type\" content=\"article\" \/>\n<meta property=\"og:title\" content=\"Portes de chambres froides et fraises de printemps : fra\u00eecheur garantie - Miv Insulating Systems\" \/>\n<meta property=\"og:description\" content=\"Portes de chambres froides et fraises de printemps : fra\u00eecheur garantie\" \/>\n<meta property=\"og:url\" content=\"https:\/\/www.mivsrl.com\/fr\/portes-de-chambres-froides-et-fraises-de-printemps-fraicheur-garantie\/\" \/>\n<meta property=\"og:site_name\" content=\"Miv Insulating Systems\" \/>\n<meta property=\"article:publisher\" content=\"https:\/\/www.facebook.com\/mivrefrigeration\" \/>\n<meta property=\"article:published_time\" content=\"2026-03-16T14:05:04+00:00\" \/>\n<meta property=\"article:modified_time\" content=\"2026-03-16T14:12:27+00:00\" \/>\n<meta property=\"og:image\" content=\"https:\/\/www.mivsrl.com\/wp-content\/uploads\/2026\/03\/Armoire-re\u0301frige\u0301re\u0301e-industrielle-pour-la-conservation-des-fraises-FR.webp\" \/>\n\t<meta property=\"og:image:width\" content=\"2560\" \/>\n\t<meta property=\"og:image:height\" content=\"1428\" \/>\n\t<meta property=\"og:image:type\" content=\"image\/webp\" \/>\n<meta name=\"author\" content=\"Miv srl\" \/>\n<meta name=\"twitter:card\" content=\"summary_large_image\" \/>\n<meta name=\"twitter:label1\" content=\"\u00c9crit par\" \/>\n\t<meta name=\"twitter:data1\" content=\"Miv srl\" \/>\n\t<meta name=\"twitter:label2\" content=\"Dur\u00e9e de lecture estim\u00e9e\" \/>\n\t<meta name=\"twitter:data2\" content=\"5 minutes\" \/>\n<script type=\"application\/ld+json\" class=\"yoast-schema-graph\">{\"@context\":\"https:\\\/\\\/schema.org\",\"@graph\":[{\"@type\":\"Article\",\"@id\":\"https:\\\/\\\/www.mivsrl.com\\\/fr\\\/portes-de-chambres-froides-et-fraises-de-printemps-fraicheur-garantie\\\/#article\",\"isPartOf\":{\"@id\":\"https:\\\/\\\/www.mivsrl.com\\\/fr\\\/portes-de-chambres-froides-et-fraises-de-printemps-fraicheur-garantie\\\/\"},\"author\":{\"name\":\"Miv srl\",\"@id\":\"https:\\\/\\\/www.mivsrl.com\\\/fr\\\/#\\\/schema\\\/person\\\/8154812948a91d51492f3e4a37c9ef70\"},\"headline\":\"Portes de chambres froides et fraises de printemps : fra\u00eecheur garantie\",\"datePublished\":\"2026-03-16T14:05:04+00:00\",\"dateModified\":\"2026-03-16T14:12:27+00:00\",\"mainEntityOfPage\":{\"@id\":\"https:\\\/\\\/www.mivsrl.com\\\/fr\\\/portes-de-chambres-froides-et-fraises-de-printemps-fraicheur-garantie\\\/\"},\"wordCount\":1092,\"image\":{\"@id\":\"https:\\\/\\\/www.mivsrl.com\\\/fr\\\/portes-de-chambres-froides-et-fraises-de-printemps-fraicheur-garantie\\\/#primaryimage\"},\"thumbnailUrl\":\"https:\\\/\\\/www.mivsrl.com\\\/wp-content\\\/uploads\\\/2026\\\/03\\\/Armoire-re\u0301frige\u0301re\u0301e-industrielle-pour-la-conservation-des-fraises-FR.webp\",\"articleSection\":[\"Nouvelles\",\"La conservation des aliments\"],\"inLanguage\":\"fr-FR\"},{\"@type\":\"WebPage\",\"@id\":\"https:\\\/\\\/www.mivsrl.com\\\/fr\\\/portes-de-chambres-froides-et-fraises-de-printemps-fraicheur-garantie\\\/\",\"url\":\"https:\\\/\\\/www.mivsrl.com\\\/fr\\\/portes-de-chambres-froides-et-fraises-de-printemps-fraicheur-garantie\\\/\",\"name\":\"Portes de chambres froides et fraises de printemps : fra\u00eecheur garantie - Miv Insulating Systems\",\"isPartOf\":{\"@id\":\"https:\\\/\\\/www.mivsrl.com\\\/fr\\\/#website\"},\"primaryImageOfPage\":{\"@id\":\"https:\\\/\\\/www.mivsrl.com\\\/fr\\\/portes-de-chambres-froides-et-fraises-de-printemps-fraicheur-garantie\\\/#primaryimage\"},\"image\":{\"@id\":\"https:\\\/\\\/www.mivsrl.com\\\/fr\\\/portes-de-chambres-froides-et-fraises-de-printemps-fraicheur-garantie\\\/#primaryimage\"},\"thumbnailUrl\":\"https:\\\/\\\/www.mivsrl.com\\\/wp-content\\\/uploads\\\/2026\\\/03\\\/Armoire-re\u0301frige\u0301re\u0301e-industrielle-pour-la-conservation-des-fraises-FR.webp\",\"datePublished\":\"2026-03-16T14:05:04+00:00\",\"dateModified\":\"2026-03-16T14:12:27+00:00\",\"author\":{\"@id\":\"https:\\\/\\\/www.mivsrl.com\\\/fr\\\/#\\\/schema\\\/person\\\/8154812948a91d51492f3e4a37c9ef70\"},\"description\":\"Portes de chambres froides et fraises de printemps : fra\u00eecheur garantie\",\"breadcrumb\":{\"@id\":\"https:\\\/\\\/www.mivsrl.com\\\/fr\\\/portes-de-chambres-froides-et-fraises-de-printemps-fraicheur-garantie\\\/#breadcrumb\"},\"inLanguage\":\"fr-FR\",\"potentialAction\":[{\"@type\":\"ReadAction\",\"target\":[\"https:\\\/\\\/www.mivsrl.com\\\/fr\\\/portes-de-chambres-froides-et-fraises-de-printemps-fraicheur-garantie\\\/\"]}]},{\"@type\":\"ImageObject\",\"inLanguage\":\"fr-FR\",\"@id\":\"https:\\\/\\\/www.mivsrl.com\\\/fr\\\/portes-de-chambres-froides-et-fraises-de-printemps-fraicheur-garantie\\\/#primaryimage\",\"url\":\"https:\\\/\\\/www.mivsrl.com\\\/wp-content\\\/uploads\\\/2026\\\/03\\\/Armoire-re\u0301frige\u0301re\u0301e-industrielle-pour-la-conservation-des-fraises-FR.webp\",\"contentUrl\":\"https:\\\/\\\/www.mivsrl.com\\\/wp-content\\\/uploads\\\/2026\\\/03\\\/Armoire-re\u0301frige\u0301re\u0301e-industrielle-pour-la-conservation-des-fraises-FR.webp\",\"width\":2560,\"height\":1428,\"caption\":\"Armoire-re\u0301frige\u0301re\u0301e-industrielle-pour-la-conservation-des-fraises-FR\"},{\"@type\":\"BreadcrumbList\",\"@id\":\"https:\\\/\\\/www.mivsrl.com\\\/fr\\\/portes-de-chambres-froides-et-fraises-de-printemps-fraicheur-garantie\\\/#breadcrumb\",\"itemListElement\":[{\"@type\":\"ListItem\",\"position\":1,\"name\":\"Home\",\"item\":\"https:\\\/\\\/www.mivsrl.com\\\/fr\\\/\"},{\"@type\":\"ListItem\",\"position\":2,\"name\":\"Portes de chambres froides et fraises de printemps : fra\u00eecheur garantie\"}]},{\"@type\":\"WebSite\",\"@id\":\"https:\\\/\\\/www.mivsrl.com\\\/fr\\\/#website\",\"url\":\"https:\\\/\\\/www.mivsrl.com\\\/fr\\\/\",\"name\":\"Miv Insulating Systems\",\"description\":\"Produzione di porte e accessori per celle frigorifere\",\"potentialAction\":[{\"@type\":\"SearchAction\",\"target\":{\"@type\":\"EntryPoint\",\"urlTemplate\":\"https:\\\/\\\/www.mivsrl.com\\\/fr\\\/?s={search_term_string}\"},\"query-input\":{\"@type\":\"PropertyValueSpecification\",\"valueRequired\":true,\"valueName\":\"search_term_string\"}}],\"inLanguage\":\"fr-FR\"},{\"@type\":\"Person\",\"@id\":\"https:\\\/\\\/www.mivsrl.com\\\/fr\\\/#\\\/schema\\\/person\\\/8154812948a91d51492f3e4a37c9ef70\",\"name\":\"Miv srl\",\"image\":{\"@type\":\"ImageObject\",\"inLanguage\":\"fr-FR\",\"@id\":\"https:\\\/\\\/secure.gravatar.com\\\/avatar\\\/f8f9b8d309b2fe0638a69c52e43af3a71aee5bd3880b767b71bcac00c2aaa532?s=96&d=mm&r=g\",\"url\":\"https:\\\/\\\/secure.gravatar.com\\\/avatar\\\/f8f9b8d309b2fe0638a69c52e43af3a71aee5bd3880b767b71bcac00c2aaa532?s=96&d=mm&r=g\",\"contentUrl\":\"https:\\\/\\\/secure.gravatar.com\\\/avatar\\\/f8f9b8d309b2fe0638a69c52e43af3a71aee5bd3880b767b71bcac00c2aaa532?s=96&d=mm&r=g\",\"caption\":\"Miv srl\"},\"sameAs\":[\"https:\\\/\\\/www.mivsrl.com\"],\"url\":\"https:\\\/\\\/www.mivsrl.com\\\/fr\\\/author\\\/produzione-di-porte-e-accessori-per-celle-frigorif\\\/\"}]}<\/script>\n<!-- \/ Yoast SEO plugin. -->","yoast_head_json":{"title":"Portes de chambres froides et fraises de printemps : fra\u00eecheur garantie - Miv Insulating Systems","description":"Portes de chambres froides et fraises de printemps : fra\u00eecheur garantie","robots":{"index":"index","follow":"follow","max-snippet":"max-snippet:-1","max-image-preview":"max-image-preview:large","max-video-preview":"max-video-preview:-1"},"canonical":"https:\/\/www.mivsrl.com\/fr\/portes-de-chambres-froides-et-fraises-de-printemps-fraicheur-garantie\/","og_locale":"fr_FR","og_type":"article","og_title":"Portes de chambres froides et fraises de printemps : fra\u00eecheur garantie - Miv Insulating Systems","og_description":"Portes de chambres froides et fraises de printemps : fra\u00eecheur garantie","og_url":"https:\/\/www.mivsrl.com\/fr\/portes-de-chambres-froides-et-fraises-de-printemps-fraicheur-garantie\/","og_site_name":"Miv Insulating Systems","article_publisher":"https:\/\/www.facebook.com\/mivrefrigeration","article_published_time":"2026-03-16T14:05:04+00:00","article_modified_time":"2026-03-16T14:12:27+00:00","og_image":[{"width":2560,"height":1428,"url":"https:\/\/www.mivsrl.com\/wp-content\/uploads\/2026\/03\/Armoire-re\u0301frige\u0301re\u0301e-industrielle-pour-la-conservation-des-fraises-FR.webp","type":"image\/webp"}],"author":"Miv srl","twitter_card":"summary_large_image","twitter_misc":{"\u00c9crit par":"Miv srl","Dur\u00e9e de lecture estim\u00e9e":"5 minutes"},"schema":{"@context":"https:\/\/schema.org","@graph":[{"@type":"Article","@id":"https:\/\/www.mivsrl.com\/fr\/portes-de-chambres-froides-et-fraises-de-printemps-fraicheur-garantie\/#article","isPartOf":{"@id":"https:\/\/www.mivsrl.com\/fr\/portes-de-chambres-froides-et-fraises-de-printemps-fraicheur-garantie\/"},"author":{"name":"Miv srl","@id":"https:\/\/www.mivsrl.com\/fr\/#\/schema\/person\/8154812948a91d51492f3e4a37c9ef70"},"headline":"Portes de chambres froides et fraises de printemps : fra\u00eecheur garantie","datePublished":"2026-03-16T14:05:04+00:00","dateModified":"2026-03-16T14:12:27+00:00","mainEntityOfPage":{"@id":"https:\/\/www.mivsrl.com\/fr\/portes-de-chambres-froides-et-fraises-de-printemps-fraicheur-garantie\/"},"wordCount":1092,"image":{"@id":"https:\/\/www.mivsrl.com\/fr\/portes-de-chambres-froides-et-fraises-de-printemps-fraicheur-garantie\/#primaryimage"},"thumbnailUrl":"https:\/\/www.mivsrl.com\/wp-content\/uploads\/2026\/03\/Armoire-re\u0301frige\u0301re\u0301e-industrielle-pour-la-conservation-des-fraises-FR.webp","articleSection":["Nouvelles","La conservation des aliments"],"inLanguage":"fr-FR"},{"@type":"WebPage","@id":"https:\/\/www.mivsrl.com\/fr\/portes-de-chambres-froides-et-fraises-de-printemps-fraicheur-garantie\/","url":"https:\/\/www.mivsrl.com\/fr\/portes-de-chambres-froides-et-fraises-de-printemps-fraicheur-garantie\/","name":"Portes de chambres froides et fraises de printemps : fra\u00eecheur garantie - Miv Insulating Systems","isPartOf":{"@id":"https:\/\/www.mivsrl.com\/fr\/#website"},"primaryImageOfPage":{"@id":"https:\/\/www.mivsrl.com\/fr\/portes-de-chambres-froides-et-fraises-de-printemps-fraicheur-garantie\/#primaryimage"},"image":{"@id":"https:\/\/www.mivsrl.com\/fr\/portes-de-chambres-froides-et-fraises-de-printemps-fraicheur-garantie\/#primaryimage"},"thumbnailUrl":"https:\/\/www.mivsrl.com\/wp-content\/uploads\/2026\/03\/Armoire-re\u0301frige\u0301re\u0301e-industrielle-pour-la-conservation-des-fraises-FR.webp","datePublished":"2026-03-16T14:05:04+00:00","dateModified":"2026-03-16T14:12:27+00:00","author":{"@id":"https:\/\/www.mivsrl.com\/fr\/#\/schema\/person\/8154812948a91d51492f3e4a37c9ef70"},"description":"Portes de chambres froides et fraises de printemps : fra\u00eecheur garantie","breadcrumb":{"@id":"https:\/\/www.mivsrl.com\/fr\/portes-de-chambres-froides-et-fraises-de-printemps-fraicheur-garantie\/#breadcrumb"},"inLanguage":"fr-FR","potentialAction":[{"@type":"ReadAction","target":["https:\/\/www.mivsrl.com\/fr\/portes-de-chambres-froides-et-fraises-de-printemps-fraicheur-garantie\/"]}]},{"@type":"ImageObject","inLanguage":"fr-FR","@id":"https:\/\/www.mivsrl.com\/fr\/portes-de-chambres-froides-et-fraises-de-printemps-fraicheur-garantie\/#primaryimage","url":"https:\/\/www.mivsrl.com\/wp-content\/uploads\/2026\/03\/Armoire-re\u0301frige\u0301re\u0301e-industrielle-pour-la-conservation-des-fraises-FR.webp","contentUrl":"https:\/\/www.mivsrl.com\/wp-content\/uploads\/2026\/03\/Armoire-re\u0301frige\u0301re\u0301e-industrielle-pour-la-conservation-des-fraises-FR.webp","width":2560,"height":1428,"caption":"Armoire-re\u0301frige\u0301re\u0301e-industrielle-pour-la-conservation-des-fraises-FR"},{"@type":"BreadcrumbList","@id":"https:\/\/www.mivsrl.com\/fr\/portes-de-chambres-froides-et-fraises-de-printemps-fraicheur-garantie\/#breadcrumb","itemListElement":[{"@type":"ListItem","position":1,"name":"Home","item":"https:\/\/www.mivsrl.com\/fr\/"},{"@type":"ListItem","position":2,"name":"Portes de chambres froides et fraises de printemps : fra\u00eecheur garantie"}]},{"@type":"WebSite","@id":"https:\/\/www.mivsrl.com\/fr\/#website","url":"https:\/\/www.mivsrl.com\/fr\/","name":"Miv Insulating Systems","description":"Produzione di porte e accessori per celle frigorifere","potentialAction":[{"@type":"SearchAction","target":{"@type":"EntryPoint","urlTemplate":"https:\/\/www.mivsrl.com\/fr\/?s={search_term_string}"},"query-input":{"@type":"PropertyValueSpecification","valueRequired":true,"valueName":"search_term_string"}}],"inLanguage":"fr-FR"},{"@type":"Person","@id":"https:\/\/www.mivsrl.com\/fr\/#\/schema\/person\/8154812948a91d51492f3e4a37c9ef70","name":"Miv srl","image":{"@type":"ImageObject","inLanguage":"fr-FR","@id":"https:\/\/secure.gravatar.com\/avatar\/f8f9b8d309b2fe0638a69c52e43af3a71aee5bd3880b767b71bcac00c2aaa532?s=96&d=mm&r=g","url":"https:\/\/secure.gravatar.com\/avatar\/f8f9b8d309b2fe0638a69c52e43af3a71aee5bd3880b767b71bcac00c2aaa532?s=96&d=mm&r=g","contentUrl":"https:\/\/secure.gravatar.com\/avatar\/f8f9b8d309b2fe0638a69c52e43af3a71aee5bd3880b767b71bcac00c2aaa532?s=96&d=mm&r=g","caption":"Miv srl"},"sameAs":["https:\/\/www.mivsrl.com"],"url":"https:\/\/www.mivsrl.com\/fr\/author\/produzione-di-porte-e-accessori-per-celle-frigorif\/"}]}},"_links":{"self":[{"href":"https:\/\/www.mivsrl.com\/fr\/wp-json\/wp\/v2\/posts\/44318","targetHints":{"allow":["GET"]}}],"collection":[{"href":"https:\/\/www.mivsrl.com\/fr\/wp-json\/wp\/v2\/posts"}],"about":[{"href":"https:\/\/www.mivsrl.com\/fr\/wp-json\/wp\/v2\/types\/post"}],"author":[{"embeddable":true,"href":"https:\/\/www.mivsrl.com\/fr\/wp-json\/wp\/v2\/users\/1"}],"replies":[{"embeddable":true,"href":"https:\/\/www.mivsrl.com\/fr\/wp-json\/wp\/v2\/comments?post=44318"}],"version-history":[{"count":0,"href":"https:\/\/www.mivsrl.com\/fr\/wp-json\/wp\/v2\/posts\/44318\/revisions"}],"wp:featuredmedia":[{"embeddable":true,"href":"https:\/\/www.mivsrl.com\/fr\/wp-json\/wp\/v2\/media\/44367"}],"wp:attachment":[{"href":"https:\/\/www.mivsrl.com\/fr\/wp-json\/wp\/v2\/media?parent=44318"}],"wp:term":[{"taxonomy":"category","embeddable":true,"href":"https:\/\/www.mivsrl.com\/fr\/wp-json\/wp\/v2\/categories?post=44318"},{"taxonomy":"post_tag","embeddable":true,"href":"https:\/\/www.mivsrl.com\/fr\/wp-json\/wp\/v2\/tags?post=44318"}],"curies":[{"name":"wp","href":"https:\/\/api.w.org\/{rel}","templated":true}]}}