{"id":44619,"date":"2026-04-23T09:03:28","date_gmt":"2026-04-23T07:03:28","guid":{"rendered":"https:\/\/www.mivsrl.com\/?p=44619"},"modified":"2026-04-23T09:04:12","modified_gmt":"2026-04-23T07:04:12","slug":"chaine-du-froid-sans-interruption-le-role-strategique-des-portes-pour-chambres-froides","status":"publish","type":"post","link":"https:\/\/www.mivsrl.com\/fr\/chaine-du-froid-sans-interruption-le-role-strategique-des-portes-pour-chambres-froides\/","title":{"rendered":"Cha\u00eene du froid sans interruption : le r\u00f4le strat\u00e9gique des portes pour chambres froides"},"content":{"rendered":"\t\t<div data-elementor-type=\"wp-post\" data-elementor-id=\"44619\" class=\"elementor elementor-44619 elementor-44616\">\n\t\t\t\t\t\t<section class=\"elementor-section elementor-top-section elementor-element elementor-element-781b7d5 elementor-section-boxed elementor-section-height-default elementor-section-height-default wd-section-disabled\" data-id=\"781b7d5\" data-element_type=\"section\" data-e-type=\"section\">\n\t\t\t\t\t\t<div class=\"elementor-container elementor-column-gap-default\">\n\t\t\t\t\t<div class=\"elementor-column elementor-col-100 elementor-top-column elementor-element elementor-element-dd21247\" data-id=\"dd21247\" data-element_type=\"column\" data-e-type=\"column\">\n\t\t\t<div class=\"elementor-widget-wrap elementor-element-populated\">\n\t\t\t\t\t\t<div class=\"elementor-element elementor-element-4e19ea2 elementor-widget elementor-widget-wd_text_block\" data-id=\"4e19ea2\" data-element_type=\"widget\" data-e-type=\"widget\" data-widget_type=\"wd_text_block.default\">\n\t\t\t\t<div class=\"elementor-widget-container\">\n\t\t\t\t\t\t\t<div class=\"wd-text-block reset-last-child text-left\">\n\t\t\t\n\t\t\t<h1>Cha\u00eene du froid et logistique alimentaire<\/h1><p>La cha\u00eene du froid est le c\u0153ur battant de la logistique alimentaire et pharmaceutique moderne. Chaque fois qu'un produit p\u00e9rissable est fabriqu\u00e9, transport\u00e9 ou stock\u00e9, la temp\u00e9rature doit rester constante pour pr\u00e9server sa qualit\u00e9, sa s\u00e9curit\u00e9 et sa valeur commerciale. Dans ce sc\u00e9nario, les portes pour chambres froides jouent un r\u00f4le loin d'\u00eatre marginal : elles constituent la fronti\u00e8re physique entre l'environnement contr\u00f4l\u00e9 et le monde ext\u00e9rieur, entre l'efficacit\u00e9 \u00e9nerg\u00e9tique et le gaspillage, entre un produit parfait et une marchandise compromise. MIV con\u00e7oit et fabrique des solutions sur mesure pour chaque type d'environnement r\u00e9frig\u00e9r\u00e9, en proposant des fermetures capables de garantir continuit\u00e9 thermique, hygi\u00e8ne et durabilit\u00e9 dans le temps.<\/p>\n\t\t\t\t\t<\/div>\n\t\t\t\t\t\t<\/div>\n\t\t\t\t<\/div>\n\t\t\t\t\t<\/div>\n\t\t<\/div>\n\t\t\t\t\t<\/div>\n\t\t<\/section>\n\t\t\t\t<section class=\"elementor-section elementor-top-section elementor-element elementor-element-d06950f elementor-section-boxed elementor-section-height-default elementor-section-height-default wd-section-disabled\" data-id=\"d06950f\" data-element_type=\"section\" data-e-type=\"section\">\n\t\t\t\t\t\t<div class=\"elementor-container elementor-column-gap-default\">\n\t\t\t\t\t<div class=\"elementor-column elementor-col-100 elementor-top-column elementor-element elementor-element-b94e9bb\" data-id=\"b94e9bb\" data-element_type=\"column\" data-e-type=\"column\">\n\t\t\t<div class=\"elementor-widget-wrap elementor-element-populated\">\n\t\t\t\t\t\t<div class=\"elementor-element elementor-element-7dfbb4f elementor-widget elementor-widget-wd_text_block\" data-id=\"7dfbb4f\" data-element_type=\"widget\" data-e-type=\"widget\" data-widget_type=\"wd_text_block.default\">\n\t\t\t\t<div class=\"elementor-widget-container\">\n\t\t\t\t\t\t\t<div class=\"wd-text-block reset-last-child text-left\">\n\t\t\t\n\t\t\t<h2>Pourquoi la continuit\u00e9 thermique est le v\u00e9ritable secret de la cha\u00eene du froid : le r\u00f4le des portes pour chambres froides<\/h2><p>La cha\u00eene du froid n'est pas simplement l'ensemble des r\u00e9frig\u00e9rateurs, chambres froides et camions frigorifiques qui composent la fili\u00e8re : c'est un syst\u00e8me int\u00e9gr\u00e9 qui ne fonctionne correctement que si chacun de ses maillons maintient les m\u00eames conditions thermiques. M\u00eame une br\u00e8ve interruption de temp\u00e9rature peut causer des dommages irr\u00e9versibles aux produits transport\u00e9s, avec des cons\u00e9quences allant de la d\u00e9t\u00e9rioration organoleptique jusqu'\u00e0 de v\u00e9ritables risques sanitaires. Fruits, l\u00e9gumes, viandes, poissons, produits laitiers, glaces, m\u00e9dicaments et vaccins n\u00e9cessitent tous des plages de temp\u00e9rature pr\u00e9cises, souvent avec des tol\u00e9rances tr\u00e8s \u00e9troites. Quelques degr\u00e9s en trop ou en moins peuvent compromettre des lots entiers de marchandises. C'est ici qu'interviennent les portes pour chambres froides, \u00e9l\u00e9ments souvent sous-estim\u00e9s mais absolument centraux pour la stabilit\u00e9 thermique d'une installation.<\/p><p>Chaque ouverture d'une chambre froide entra\u00eene un \u00e9change d'air avec l'environnement ext\u00e9rieur : l'air chaud et humide entre, tandis que l'air froid s'\u00e9chappe. Si les portes ne sont pas con\u00e7ues correctement, cet \u00e9change devient rapide, continu et difficile \u00e0 compenser par les syst\u00e8mes de r\u00e9frig\u00e9ration, qui commencent alors \u00e0 travailler en surcharge. Le r\u00e9sultat est une double p\u00e9nalit\u00e9 : la consommation d'\u00e9nergie augmente tandis que la qualit\u00e9 de conservation diminue. MIV con\u00e7oit des portes pour chambres froides dot\u00e9es de panneaux isolants \u00e0 haute densit\u00e9, de joints p\u00e9rim\u00e9triques \u00e0 excellente \u00e9tanch\u00e9it\u00e9 et de syst\u00e8mes de fermeture automatique qui minimisent le temps d'ouverture. Dans les environnements \u00e0 temp\u00e9ratures n\u00e9gatives, comme les chambres de cong\u00e9lation, un joint parfait peut se traduire par des \u00e9conomies d'\u00e9nergie annuelles significatives.<\/p><p>La continuit\u00e9 thermique ne d\u00e9pend pas seulement de la puissance des groupes frigorifiques, mais de la capacit\u00e9 de l'enveloppe \u00e0 retenir le froid produit. Murs, sols, plafonds et portes fonctionnent comme une membrane isolante unique. Si un seul \u00e9l\u00e9ment est faible, tout le syst\u00e8me en souffre. C'est pourquoi choisir des portes de haute qualit\u00e9 signifie investir directement dans la qualit\u00e9 du produit final et dans la r\u00e9putation de toute la fili\u00e8re.<\/p>\n\t\t\t\t\t<\/div>\n\t\t\t\t\t\t<\/div>\n\t\t\t\t<\/div>\n\t\t\t\t\t<\/div>\n\t\t<\/div>\n\t\t\t\t\t<\/div>\n\t\t<\/section>\n\t\t\t\t<section class=\"elementor-section elementor-top-section elementor-element elementor-element-3b1ce90 elementor-section-boxed elementor-section-height-default elementor-section-height-default wd-section-disabled\" data-id=\"3b1ce90\" data-element_type=\"section\" data-e-type=\"section\">\n\t\t\t\t\t\t<div class=\"elementor-container elementor-column-gap-default\">\n\t\t\t\t\t<div class=\"elementor-column elementor-col-100 elementor-top-column elementor-element elementor-element-6373025\" data-id=\"6373025\" data-element_type=\"column\" data-e-type=\"column\">\n\t\t\t<div class=\"elementor-widget-wrap elementor-element-populated\">\n\t\t\t\t\t\t<div class=\"elementor-element elementor-element-557dc0b elementor-widget elementor-widget-wd_text_block\" data-id=\"557dc0b\" data-element_type=\"widget\" data-e-type=\"widget\" data-widget_type=\"wd_text_block.default\">\n\t\t\t\t<div class=\"elementor-widget-container\">\n\t\t\t\t\t\t\t<div class=\"wd-text-block reset-last-child text-left\">\n\t\t\t\n\t\t\t<h2>Efficacit\u00e9 \u00e9nerg\u00e9tique et durabilit\u00e9 : comment les portes pour chambres froides r\u00e9duisent la consommation<\/h2><p>Le th\u00e8me de l'efficacit\u00e9 \u00e9nerg\u00e9tique est devenu crucial pour toutes les entreprises op\u00e9rant dans la fili\u00e8re du froid. Les co\u00fbts de l'\u00e9nergie, combin\u00e9s \u00e0 des r\u00e9glementations europ\u00e9ennes de plus en plus strictes en mati\u00e8re de durabilit\u00e9, obligent les op\u00e9rateurs \u00e0 optimiser chaque aspect de leur installation. Dans ce contexte, les portes pour chambres froides repr\u00e9sentent l'un des leviers les plus efficaces sur lesquels agir, souvent avec un rapport co\u00fbts-b\u00e9n\u00e9fices \u00e9tonnamment avantageux.<\/p><p>Imaginons un entrep\u00f4t de distribution alimentaire o\u00f9 les portes s'ouvrent et se ferment des centaines de fois par jour. Chaque ouverture, si elle est prolong\u00e9e ou inefficace, se traduit par un flux d'air chaud qui oblige les compresseurs \u00e0 travailler davantage. Selon les estimations du secteur, une porte rapide install\u00e9e \u00e0 la place d'une fermeture traditionnelle peut r\u00e9duire les dispersions jusqu'\u00e0 70 %, avec un impact direct sur la consommation \u00e9lectrique. Il ne s'agit pas seulement d'\u00e9conomies financi\u00e8res : c'est une contribution concr\u00e8te \u00e0 la r\u00e9duction des \u00e9missions de CO\u2082 et \u00e0 la r\u00e9alisation des objectifs de durabilit\u00e9 de l'entreprise. MIV propose une gamme compl\u00e8te de portes pour chambres froides sp\u00e9cialement con\u00e7ue pour r\u00e9pondre \u00e0 ces besoins, avec des solutions coulissantes, battantes, rapides \u00e0 empilement vertical et des portes avec vitrages herm\u00e9tiques pour les environnements d'exposition.<\/p><p>Un autre aspect fondamental concerne la maintenance et la dur\u00e9e de vie. Une porte bien con\u00e7ue maintient ses performances m\u00eame apr\u00e8s des ann\u00e9es d'utilisation intensive, sans d\u00e9formations, pertes d'\u00e9tanch\u00e9it\u00e9 ou dysfonctionnements m\u00e9caniques. Les portes pour chambres froides MIV sont construites avec des mat\u00e9riaux r\u00e9sistants \u00e0 la corrosion, \u00e0 l'humidit\u00e9 et aux chocs thermiques typiques des environnements industriels. Cela signifie moins d'arr\u00eats de production, moins d'interventions de r\u00e9paration et, en fin de compte, une meilleure rentabilit\u00e9 de l'installation.<\/p><p>Enfin, il faut consid\u00e9rer l'aspect li\u00e9 au confort et \u00e0 la s\u00e9curit\u00e9 des op\u00e9rateurs. Portes automatiques, capteurs de pr\u00e9sence et syst\u00e8mes anti-\u00e9crasement am\u00e9liorent non seulement l'efficacit\u00e9 op\u00e9rationnelle, mais prot\u00e8gent \u00e9galement le personnel travaillant dans des conditions extr\u00eames. L'efficacit\u00e9 n'est donc jamais seulement une question de kilowatts \u00e9conomis\u00e9s : c'est un concept qui englobe \u00e9galement la qualit\u00e9 de l'environnement de travail.<\/p>\n\t\t\t\t\t<\/div>\n\t\t\t\t\t\t<\/div>\n\t\t\t\t<\/div>\n\t\t\t\t\t<\/div>\n\t\t<\/div>\n\t\t\t\t\t<\/div>\n\t\t<\/section>\n\t\t\t\t<section class=\"elementor-section elementor-top-section elementor-element elementor-element-20ca568 elementor-section-boxed elementor-section-height-default elementor-section-height-default wd-section-disabled\" data-id=\"20ca568\" data-element_type=\"section\" data-e-type=\"section\">\n\t\t\t\t\t\t<div class=\"elementor-container elementor-column-gap-default\">\n\t\t\t\t\t<div class=\"elementor-column elementor-col-100 elementor-top-column elementor-element elementor-element-bb8e7fe\" data-id=\"bb8e7fe\" data-element_type=\"column\" data-e-type=\"column\">\n\t\t\t<div class=\"elementor-widget-wrap elementor-element-populated\">\n\t\t\t\t\t\t<div class=\"elementor-element elementor-element-1a96b30 elementor-widget elementor-widget-wd_products\" data-id=\"1a96b30\" data-element_type=\"widget\" data-e-type=\"widget\" data-widget_type=\"wd_products.default\">\n\t\t\t\t<div class=\"elementor-widget-container\">\n\t\t\t\t\t\t\t\t\t\t<div class=\"wd-products-element\">\n\n\t\t\t\n\t\t\t\n\t\t\t<div class=\"products elements-grid row wd-products-holder pagination- wd-spacing-20 grid-columns-2 grid-masonry align-items-start\" data-paged=\"1\" data-atts=\"{&quot;element_title&quot;:&quot;&quot;,&quot;title_alignment&quot;:&quot;left&quot;,&quot;query_post_type&quot;:&quot;product&quot;,&quot;post_type&quot;:&quot;ids&quot;,&quot;include&quot;:[&quot;28660&quot;,&quot;30897&quot;],&quot;taxonomies&quot;:null,&quot;offset&quot;:null,&quot;orderby&quot;:&quot;&quot;,&quot;query_type&quot;:&quot;OR&quot;,&quot;order&quot;:null,&quot;meta_key&quot;:null,&quot;exclude&quot;:null,&quot;shop_tools&quot;:null,&quot;hide_out_of_stock&quot;:&quot;no&quot;,&quot;ajax_recently_viewed&quot;:null,&quot;speed&quot;:null,&quot;slides_per_view&quot;:null,&quot;slides_per_view_tablet&quot;:{&quot;size&quot;:&quot;&quot;},&quot;slides_per_view_mobile&quot;:{&quot;size&quot;:&quot;&quot;},&quot;wrap&quot;:null,&quot;autoplay&quot;:null,&quot;center_mode&quot;:null,&quot;hide_pagination_control&quot;:null,&quot;hide_prev_next_buttons&quot;:null,&quot;scroll_per_page&quot;:null,&quot;layout&quot;:&quot;grid&quot;,&quot;pagination&quot;:&quot;&quot;,&quot;items_per_page&quot;:12,&quot;spacing&quot;:&quot;20&quot;,&quot;columns&quot;:{&quot;unit&quot;:&quot;px&quot;,&quot;size&quot;:2,&quot;sizes&quot;:[]},&quot;columns_tablet&quot;:{&quot;size&quot;:&quot;&quot;},&quot;columns_mobile&quot;:{&quot;size&quot;:&quot;&quot;},&quot;products_masonry&quot;:&quot;&quot;,&quot;products_different_sizes&quot;:&quot;&quot;,&quot;product_quantity&quot;:&quot;&quot;,&quot;product_hover&quot;:&quot;inherit&quot;,&quot;sale_countdown&quot;:&quot;0&quot;,&quot;stretch_product&quot;:null,&quot;stretch_product_tablet&quot;:0,&quot;stretch_product_mobile&quot;:0,&quot;stock_progress_bar&quot;:&quot;0&quot;,&quot;highlighted_products&quot;:&quot;0&quot;,&quot;products_bordered_grid&quot;:&quot;0&quot;,&quot;products_bordered_grid_style&quot;:null,&quot;img_size&quot;:&quot;large&quot;,&quot;img_size_custom&quot;:null,&quot;ajax_page&quot;:&quot;&quot;,&quot;force_not_ajax&quot;:&quot;no&quot;,&quot;lazy_loading&quot;:&quot;no&quot;,&quot;scroll_carousel_init&quot;:null,&quot;custom_sizes&quot;:false,&quot;elementor&quot;:true}\" data-source=\"shortcode\" data-columns=\"2\">\n\t\t\n\t\t\n\t\t\t\t\t\t\t\t<div class=\"product-grid-item product wd-hover-alt  col-lg-6 col-md-6 col-6 first  type-product post-30897 status-publish instock product_cat-portes product_cat-portes-a-temperature-positive-de-0-a-4c-refroidisseur product_cat-type-dapplication-du-panneau-fr-2 product_cat-portes-coulissantes-pour-chambres-froides product_tag-portes-coulissantes-pour-chambres-froides has-post-thumbnail shipping-taxable product-type-simple\" data-loop=\"1\" data-id=\"30897\">\n\t\n\t\n<div class=\"product-wrapper\">\n\t<div class=\"product-element-top wd-quick-shop\">\n\t\t<a href=\"https:\/\/www.mivsrl.com\/fr\/produit\/porte-coulissante-pour-refrigeration-industrielle-a-temperature-positive-900p\/\" class=\"product-image-link\">\n\t\t\t<img fetchpriority=\"high\" decoding=\"async\" width=\"1024\" height=\"1024\" src=\"https:\/\/www.mivsrl.com\/wp-content\/themes\/woodmart\/images\/lazy.png\" class=\"attachment-large size-large wp-image-28120 wd-lazy-load wd-lazy-fade\" alt=\"\" srcset=\"\" sizes=\"(max-width: 1024px) 100vw, 1024px\" data-wood-src=\"https:\/\/www.mivsrl.com\/wp-content\/uploads\/2023\/04\/porta-cella-frigorifera-industriale-900-P-M-1024x1024.webp\" data-srcset=\"https:\/\/www.mivsrl.com\/wp-content\/uploads\/2023\/04\/porta-cella-frigorifera-industriale-900-P-M-1024x1024.webp 1024w, https:\/\/www.mivsrl.com\/wp-content\/uploads\/2023\/04\/porta-cella-frigorifera-industriale-900-P-M-300x300.webp 300w, https:\/\/www.mivsrl.com\/wp-content\/uploads\/2023\/04\/porta-cella-frigorifera-industriale-900-P-M-150x150.webp 150w, https:\/\/www.mivsrl.com\/wp-content\/uploads\/2023\/04\/porta-cella-frigorifera-industriale-900-P-M-600x600.webp 600w, https:\/\/www.mivsrl.com\/wp-content\/uploads\/2023\/04\/porta-cella-frigorifera-industriale-900-P-M-768x768.webp 768w, https:\/\/www.mivsrl.com\/wp-content\/uploads\/2023\/04\/porta-cella-frigorifera-industriale-900-P-M.webp 1200w\" \/>\t\t<\/a>\n\t\t\t\t<div class=\"wd-buttons wd-pos-r-t\">\n\t\t\t\t\t\t\t\t<div class=\"quick-view wd-action-btn wd-style-icon wd-quick-view-icon\">\n\t\t\t<a\n\t\t\t\thref=\"https:\/\/www.mivsrl.com\/fr\/produit\/porte-coulissante-pour-refrigeration-industrielle-a-temperature-positive-900p\/\"\n\t\t\t\tclass=\"open-quick-view quick-view-button\"\n\t\t\t\trel=\"nofollow\"\n\t\t\t\tdata-id=\"30897\"\n\t\t\t\t>Quick view<\/a>\n\t\t<\/div>\n\t\t\t\t\t\t\t<\/div>\n\t<\/div>\n\n\t\t\t<h3 class=\"wd-entities-title\"><a href=\"https:\/\/www.mivsrl.com\/fr\/produit\/porte-coulissante-pour-refrigeration-industrielle-a-temperature-positive-900p\/\">PORTE FRIGORIFIQUE INDUSTRIELLE COULISSANTE POUR TEMP\u00c9RATURE POSITIVE 900P<\/a><\/h3>\t\t\t\t<div class=\"wd-product-cats\">\n\t\t\t<a href=\"https:\/\/www.mivsrl.com\/fr\/categorie-produit\/portes\/portes-coulissantes-pour-chambres-froides\/\" rel=\"tag\">Portes coulissantes pour chambres froides<\/a>, <a href=\"https:\/\/www.mivsrl.com\/fr\/categorie-produit\/portes\/portes-coulissantes-pour-chambres-froides\/portes-a-temperature-positive-de-0-a-4c-refroidisseur\/\" rel=\"tag\">Portes \u00e0 temp\u00e9rature positive de 0 \u00e0 +4\u00b0C Refroidisseur<\/a>, <a href=\"https:\/\/www.mivsrl.com\/fr\/categorie-produit\/portes\/portes-coulissantes-pour-chambres-froides\/portes-a-temperature-positive-de-0-a-4c-refroidisseur\/type-dapplication-du-panneau-fr-2\/\" rel=\"tag\">Type d&#039;application du panneau<\/a>, <a href=\"https:\/\/www.mivsrl.com\/fr\/categorie-produit\/portes\/\" rel=\"tag\">Portes<\/a>\t\t<\/div>\n\t\t\t\t<div class=\"wrap-price\">\n\t\t\t<div class=\"swap-wrapp\">\n\t\t\t\t<div class=\"swap-elements\">\n\t\t\t\t\t\t\t\t\t\t\n\t\t\t\t\t<div class=\"wd-add-btn\">\n\t\t\t\t\t\t\t\t\t\t\t<\/div>\n\t\t\t\t<\/div>\n\t\t\t<\/div>\n\t\t\t\t\t<\/div>\n\n\t\t\n\t\t\n\t\t\t<\/div><\/div>\n\t\t\t\t\t\t\t\t<div class=\"product-grid-item product wd-hover-alt  col-lg-6 col-md-6 col-6 last  type-product post-28660 status-publish instock product_cat-portes product_cat-ports-a-temperature-positive-0-a-4c-refroidisseur product_cat-type-dapplication-du-panneau product_cat-portes-pour-entrepots-frigorifiques-charniere product_tag-portes-dentrepots-frigorifiques-a-charnieres has-post-thumbnail shipping-taxable product-type-simple\" data-loop=\"2\" data-id=\"28660\">\n\t\n\t\n<div class=\"product-wrapper\">\n\t<div class=\"product-element-top wd-quick-shop\">\n\t\t<a href=\"https:\/\/www.mivsrl.com\/fr\/produit\/porte-de-refrigeration-industrielle-sur-charniere-pour-temperature-positive-200n\/\" class=\"product-image-link\">\n\t\t\t<img decoding=\"async\" width=\"1024\" height=\"1024\" src=\"https:\/\/www.mivsrl.com\/wp-content\/themes\/woodmart\/images\/lazy.png\" class=\"attachment-large size-large wp-image-27876 wd-lazy-load wd-lazy-fade\" alt=\"\" srcset=\"\" sizes=\"(max-width: 1024px) 100vw, 1024px\" data-wood-src=\"https:\/\/www.mivsrl.com\/wp-content\/uploads\/2023\/04\/porta-frigorifera-industriale-180-N-1024x1024.webp\" data-srcset=\"https:\/\/www.mivsrl.com\/wp-content\/uploads\/2023\/04\/porta-frigorifera-industriale-180-N-1024x1024.webp 1024w, https:\/\/www.mivsrl.com\/wp-content\/uploads\/2023\/04\/porta-frigorifera-industriale-180-N-300x300.webp 300w, https:\/\/www.mivsrl.com\/wp-content\/uploads\/2023\/04\/porta-frigorifera-industriale-180-N-150x150.webp 150w, https:\/\/www.mivsrl.com\/wp-content\/uploads\/2023\/04\/porta-frigorifera-industriale-180-N-600x600.webp 600w, https:\/\/www.mivsrl.com\/wp-content\/uploads\/2023\/04\/porta-frigorifera-industriale-180-N-768x768.webp 768w, https:\/\/www.mivsrl.com\/wp-content\/uploads\/2023\/04\/porta-frigorifera-industriale-180-N.webp 1200w\" \/>\t\t<\/a>\n\t\t\t\t<div class=\"wd-buttons wd-pos-r-t\">\n\t\t\t\t\t\t\t\t<div class=\"quick-view wd-action-btn wd-style-icon wd-quick-view-icon\">\n\t\t\t<a\n\t\t\t\thref=\"https:\/\/www.mivsrl.com\/fr\/produit\/porte-de-refrigeration-industrielle-sur-charniere-pour-temperature-positive-200n\/\"\n\t\t\t\tclass=\"open-quick-view quick-view-button\"\n\t\t\t\trel=\"nofollow\"\n\t\t\t\tdata-id=\"28660\"\n\t\t\t\t>Quick view<\/a>\n\t\t<\/div>\n\t\t\t\t\t\t\t<\/div>\n\t<\/div>\n\n\t\t\t<h3 class=\"wd-entities-title\"><a href=\"https:\/\/www.mivsrl.com\/fr\/produit\/porte-de-refrigeration-industrielle-sur-charniere-pour-temperature-positive-200n\/\">PORTE FRIGORIFIQUE INDUSTRIELLE PIVOTANTE POUR TEMP\u00c9RATURE POSITIVE 200N<\/a><\/h3>\t\t\t\t<div class=\"wd-product-cats\">\n\t\t\t<a href=\"https:\/\/www.mivsrl.com\/fr\/categorie-produit\/portes\/portes-pour-entrepots-frigorifiques-charniere\/\" rel=\"tag\">Portes pour entrep\u00f4ts frigorifiques Charni\u00e8re<\/a>, <a href=\"https:\/\/www.mivsrl.com\/fr\/categorie-produit\/portes\/portes-pour-entrepots-frigorifiques-charniere\/ports-a-temperature-positive-0-a-4c-refroidisseur\/\" rel=\"tag\">Ports \u00e0 temp\u00e9rature positive 0 \u00e0 +4\u00b0C Refroidisseur<\/a>, <a href=\"https:\/\/www.mivsrl.com\/fr\/categorie-produit\/portes\/portes-pour-entrepots-frigorifiques-charniere\/ports-a-temperature-positive-0-a-4c-refroidisseur\/type-dapplication-du-panneau\/\" rel=\"tag\">Type d&#039;application du panneau<\/a>, <a href=\"https:\/\/www.mivsrl.com\/fr\/categorie-produit\/portes\/\" rel=\"tag\">Portes<\/a>\t\t<\/div>\n\t\t\t\t<div class=\"wrap-price\">\n\t\t\t<div class=\"swap-wrapp\">\n\t\t\t\t<div class=\"swap-elements\">\n\t\t\t\t\t\t\t\t\t\t\n\t\t\t\t\t<div class=\"wd-add-btn\">\n\t\t\t\t\t\t\t\t\t\t\t<\/div>\n\t\t\t\t<\/div>\n\t\t\t<\/div>\n\t\t\t\t\t<\/div>\n\n\t\t\n\t\t\n\t\t\t<\/div><\/div>\n\t\t\n\t\t\t\t<\/div>\n\t\n\t\t\n\t\t\n\t\t\t\t\t<\/div>\n\t\t\n\t\t\t\t\t\t<\/div>\n\t\t\t\t<\/div>\n\t\t\t\t\t<\/div>\n\t\t<\/div>\n\t\t\t\t\t<\/div>\n\t\t<\/section>\n\t\t\t\t<section class=\"elementor-section elementor-top-section elementor-element elementor-element-1a04540 elementor-section-boxed elementor-section-height-default elementor-section-height-default wd-section-disabled\" data-id=\"1a04540\" data-element_type=\"section\" data-e-type=\"section\">\n\t\t\t\t\t\t<div class=\"elementor-container elementor-column-gap-default\">\n\t\t\t\t\t<div class=\"elementor-column elementor-col-100 elementor-top-column elementor-element elementor-element-139b506\" data-id=\"139b506\" data-element_type=\"column\" data-e-type=\"column\">\n\t\t\t<div class=\"elementor-widget-wrap elementor-element-populated\">\n\t\t\t\t\t\t<div class=\"elementor-element elementor-element-a6fe813 elementor-widget elementor-widget-wd_text_block\" data-id=\"a6fe813\" data-element_type=\"widget\" data-e-type=\"widget\" data-widget_type=\"wd_text_block.default\">\n\t\t\t\t<div class=\"elementor-widget-container\">\n\t\t\t\t\t\t\t<div class=\"wd-text-block reset-last-child text-left\">\n\t\t\t\n\t\t\t<h3>Coordonn\u00e9es pour les portes des chambres froides.<\/h3><p>For further information, write to us on our <a href=\"https:\/\/www.mivsrl.com\/cold-room-door-contacts\/\">contact form<\/a>.<br \/>WhatsApp contact: <a href=\"https:\/\/api.whatsapp.com\/message\/BWKLO7GYVGFDK1\">https:\/\/api.whatsapp.com\/message\/BWKLO7GYVGFDK1<\/a><br \/>Facebook page: <a href=\"https:\/\/www.facebook.com\/mivrefrigeration\">https:\/\/www.facebook.com\/mivrefrigeration<\/a><br \/>LinkedIn page: <a href=\"https:\/\/www.linkedin.com\/company\/mivinsulatingsystems\/mycompany\/?viewAsMember=true\">linkedin.com\/company\/mivinsulatingsystems<\/a><\/p>\n\t\t\t\t\t<\/div>\n\t\t\t\t\t\t<\/div>\n\t\t\t\t<\/div>\n\t\t\t\t\t<\/div>\n\t\t<\/div>\n\t\t\t\t\t<\/div>\n\t\t<\/section>\n\t\t\t\t<\/div>\n\t\t","protected":false},"excerpt":{"rendered":"<p>Cha\u00eene du froid et logistique alimentaire La cha\u00eene du froid est le c\u0153ur battant de la logistique alimentaire et pharmaceutique<\/p>\n","protected":false},"author":1,"featured_media":44656,"comment_status":"closed","ping_status":"closed","sticky":false,"template":"","format":"standard","meta":{"footnotes":""},"categories":[321],"tags":[457],"class_list":["post-44619","post","type-post","status-publish","format-standard","has-post-thumbnail","hentry","category-la-conservation-des-aliments","tag-portes-pour-entrepots-frigorifiques"],"yoast_head":"<!-- This site is optimized with the Yoast SEO plugin v27.4 - https:\/\/yoast.com\/product\/yoast-seo-wordpress\/ -->\n<title>Cha\u00eene du froid sans interruption : le r\u00f4le strat\u00e9gique des portes pour chambres froides - Miv Insulating Systems<\/title>\n<meta name=\"description\" content=\"Cha\u00eene du froid sans interruption : le r\u00f4le strat\u00e9gique des portes pour chambres froides\" \/>\n<meta name=\"robots\" content=\"index, follow, max-snippet:-1, max-image-preview:large, max-video-preview:-1\" \/>\n<link rel=\"canonical\" href=\"https:\/\/www.mivsrl.com\/fr\/chaine-du-froid-sans-interruption-le-role-strategique-des-portes-pour-chambres-froides\/\" \/>\n<meta property=\"og:locale\" content=\"fr_FR\" \/>\n<meta property=\"og:type\" content=\"article\" \/>\n<meta property=\"og:title\" content=\"Cha\u00eene du froid sans interruption : le r\u00f4le strat\u00e9gique des portes pour chambres froides - Miv Insulating Systems\" \/>\n<meta property=\"og:description\" content=\"Cha\u00eene du froid sans interruption : le r\u00f4le strat\u00e9gique des portes pour chambres froides\" \/>\n<meta property=\"og:url\" content=\"https:\/\/www.mivsrl.com\/fr\/chaine-du-froid-sans-interruption-le-role-strategique-des-portes-pour-chambres-froides\/\" \/>\n<meta property=\"og:site_name\" content=\"Miv Insulating Systems\" \/>\n<meta property=\"article:publisher\" content=\"https:\/\/www.facebook.com\/mivrefrigeration\" \/>\n<meta property=\"article:published_time\" content=\"2026-04-23T07:03:28+00:00\" \/>\n<meta property=\"article:modified_time\" content=\"2026-04-23T07:04:12+00:00\" \/>\n<meta property=\"og:image\" content=\"https:\/\/www.mivsrl.com\/wp-content\/uploads\/2026\/04\/porte-pour-chambres-froides-chai\u0302ne-du-froid.webp\" \/>\n\t<meta property=\"og:image:width\" content=\"1024\" \/>\n\t<meta property=\"og:image:height\" content=\"1024\" \/>\n\t<meta property=\"og:image:type\" content=\"image\/webp\" \/>\n<meta name=\"author\" content=\"Miv srl\" \/>\n<meta name=\"twitter:card\" content=\"summary_large_image\" \/>\n<meta name=\"twitter:label1\" content=\"\u00c9crit par\" \/>\n\t<meta name=\"twitter:data1\" content=\"Miv srl\" \/>\n\t<meta name=\"twitter:label2\" content=\"Dur\u00e9e de lecture estim\u00e9e\" \/>\n\t<meta name=\"twitter:data2\" content=\"5 minutes\" \/>\n<script type=\"application\/ld+json\" class=\"yoast-schema-graph\">{\"@context\":\"https:\\\/\\\/schema.org\",\"@graph\":[{\"@type\":\"Article\",\"@id\":\"https:\\\/\\\/www.mivsrl.com\\\/fr\\\/chaine-du-froid-sans-interruption-le-role-strategique-des-portes-pour-chambres-froides\\\/#article\",\"isPartOf\":{\"@id\":\"https:\\\/\\\/www.mivsrl.com\\\/fr\\\/chaine-du-froid-sans-interruption-le-role-strategique-des-portes-pour-chambres-froides\\\/\"},\"author\":{\"name\":\"Miv srl\",\"@id\":\"https:\\\/\\\/www.mivsrl.com\\\/fr\\\/#\\\/schema\\\/person\\\/8154812948a91d51492f3e4a37c9ef70\"},\"headline\":\"Cha\u00eene du froid sans interruption : le r\u00f4le strat\u00e9gique des portes pour chambres froides\",\"datePublished\":\"2026-04-23T07:03:28+00:00\",\"dateModified\":\"2026-04-23T07:04:12+00:00\",\"mainEntityOfPage\":{\"@id\":\"https:\\\/\\\/www.mivsrl.com\\\/fr\\\/chaine-du-froid-sans-interruption-le-role-strategique-des-portes-pour-chambres-froides\\\/\"},\"wordCount\":1065,\"image\":{\"@id\":\"https:\\\/\\\/www.mivsrl.com\\\/fr\\\/chaine-du-froid-sans-interruption-le-role-strategique-des-portes-pour-chambres-froides\\\/#primaryimage\"},\"thumbnailUrl\":\"https:\\\/\\\/www.mivsrl.com\\\/wp-content\\\/uploads\\\/2026\\\/04\\\/porte-pour-chambres-froides-chai\u0302ne-du-froid.webp\",\"keywords\":[\"portes pour entrep\u00f4ts frigorifiques\"],\"articleSection\":[\"La conservation des aliments\"],\"inLanguage\":\"fr-FR\"},{\"@type\":\"WebPage\",\"@id\":\"https:\\\/\\\/www.mivsrl.com\\\/fr\\\/chaine-du-froid-sans-interruption-le-role-strategique-des-portes-pour-chambres-froides\\\/\",\"url\":\"https:\\\/\\\/www.mivsrl.com\\\/fr\\\/chaine-du-froid-sans-interruption-le-role-strategique-des-portes-pour-chambres-froides\\\/\",\"name\":\"Cha\u00eene du froid sans interruption : le r\u00f4le strat\u00e9gique des portes pour chambres froides - Miv Insulating Systems\",\"isPartOf\":{\"@id\":\"https:\\\/\\\/www.mivsrl.com\\\/fr\\\/#website\"},\"primaryImageOfPage\":{\"@id\":\"https:\\\/\\\/www.mivsrl.com\\\/fr\\\/chaine-du-froid-sans-interruption-le-role-strategique-des-portes-pour-chambres-froides\\\/#primaryimage\"},\"image\":{\"@id\":\"https:\\\/\\\/www.mivsrl.com\\\/fr\\\/chaine-du-froid-sans-interruption-le-role-strategique-des-portes-pour-chambres-froides\\\/#primaryimage\"},\"thumbnailUrl\":\"https:\\\/\\\/www.mivsrl.com\\\/wp-content\\\/uploads\\\/2026\\\/04\\\/porte-pour-chambres-froides-chai\u0302ne-du-froid.webp\",\"datePublished\":\"2026-04-23T07:03:28+00:00\",\"dateModified\":\"2026-04-23T07:04:12+00:00\",\"author\":{\"@id\":\"https:\\\/\\\/www.mivsrl.com\\\/fr\\\/#\\\/schema\\\/person\\\/8154812948a91d51492f3e4a37c9ef70\"},\"description\":\"Cha\u00eene du froid sans interruption : le r\u00f4le strat\u00e9gique des portes pour chambres froides\",\"breadcrumb\":{\"@id\":\"https:\\\/\\\/www.mivsrl.com\\\/fr\\\/chaine-du-froid-sans-interruption-le-role-strategique-des-portes-pour-chambres-froides\\\/#breadcrumb\"},\"inLanguage\":\"fr-FR\",\"potentialAction\":[{\"@type\":\"ReadAction\",\"target\":[\"https:\\\/\\\/www.mivsrl.com\\\/fr\\\/chaine-du-froid-sans-interruption-le-role-strategique-des-portes-pour-chambres-froides\\\/\"]}]},{\"@type\":\"ImageObject\",\"inLanguage\":\"fr-FR\",\"@id\":\"https:\\\/\\\/www.mivsrl.com\\\/fr\\\/chaine-du-froid-sans-interruption-le-role-strategique-des-portes-pour-chambres-froides\\\/#primaryimage\",\"url\":\"https:\\\/\\\/www.mivsrl.com\\\/wp-content\\\/uploads\\\/2026\\\/04\\\/porte-pour-chambres-froides-chai\u0302ne-du-froid.webp\",\"contentUrl\":\"https:\\\/\\\/www.mivsrl.com\\\/wp-content\\\/uploads\\\/2026\\\/04\\\/porte-pour-chambres-froides-chai\u0302ne-du-froid.webp\",\"width\":1024,\"height\":1024,\"caption\":\"porte-pour-chambres-froides-chai\u0302ne-du-froid\"},{\"@type\":\"BreadcrumbList\",\"@id\":\"https:\\\/\\\/www.mivsrl.com\\\/fr\\\/chaine-du-froid-sans-interruption-le-role-strategique-des-portes-pour-chambres-froides\\\/#breadcrumb\",\"itemListElement\":[{\"@type\":\"ListItem\",\"position\":1,\"name\":\"Home\",\"item\":\"https:\\\/\\\/www.mivsrl.com\\\/fr\\\/\"},{\"@type\":\"ListItem\",\"position\":2,\"name\":\"Cha\u00eene du froid sans interruption : le r\u00f4le strat\u00e9gique des portes pour chambres froides\"}]},{\"@type\":\"WebSite\",\"@id\":\"https:\\\/\\\/www.mivsrl.com\\\/fr\\\/#website\",\"url\":\"https:\\\/\\\/www.mivsrl.com\\\/fr\\\/\",\"name\":\"Miv Insulating Systems\",\"description\":\"Produzione di porte e accessori per celle frigorifere\",\"potentialAction\":[{\"@type\":\"SearchAction\",\"target\":{\"@type\":\"EntryPoint\",\"urlTemplate\":\"https:\\\/\\\/www.mivsrl.com\\\/fr\\\/?s={search_term_string}\"},\"query-input\":{\"@type\":\"PropertyValueSpecification\",\"valueRequired\":true,\"valueName\":\"search_term_string\"}}],\"inLanguage\":\"fr-FR\"},{\"@type\":\"Person\",\"@id\":\"https:\\\/\\\/www.mivsrl.com\\\/fr\\\/#\\\/schema\\\/person\\\/8154812948a91d51492f3e4a37c9ef70\",\"name\":\"Miv srl\",\"image\":{\"@type\":\"ImageObject\",\"inLanguage\":\"fr-FR\",\"@id\":\"https:\\\/\\\/secure.gravatar.com\\\/avatar\\\/f8f9b8d309b2fe0638a69c52e43af3a71aee5bd3880b767b71bcac00c2aaa532?s=96&d=mm&r=g\",\"url\":\"https:\\\/\\\/secure.gravatar.com\\\/avatar\\\/f8f9b8d309b2fe0638a69c52e43af3a71aee5bd3880b767b71bcac00c2aaa532?s=96&d=mm&r=g\",\"contentUrl\":\"https:\\\/\\\/secure.gravatar.com\\\/avatar\\\/f8f9b8d309b2fe0638a69c52e43af3a71aee5bd3880b767b71bcac00c2aaa532?s=96&d=mm&r=g\",\"caption\":\"Miv srl\"},\"sameAs\":[\"https:\\\/\\\/www.mivsrl.com\"],\"url\":\"https:\\\/\\\/www.mivsrl.com\\\/fr\\\/author\\\/produzione-di-porte-e-accessori-per-celle-frigorif\\\/\"}]}<\/script>\n<!-- \/ Yoast SEO plugin. -->","yoast_head_json":{"title":"Cha\u00eene du froid sans interruption : le r\u00f4le strat\u00e9gique des portes pour chambres froides - Miv Insulating Systems","description":"Cha\u00eene du froid sans interruption : le r\u00f4le strat\u00e9gique des portes pour chambres froides","robots":{"index":"index","follow":"follow","max-snippet":"max-snippet:-1","max-image-preview":"max-image-preview:large","max-video-preview":"max-video-preview:-1"},"canonical":"https:\/\/www.mivsrl.com\/fr\/chaine-du-froid-sans-interruption-le-role-strategique-des-portes-pour-chambres-froides\/","og_locale":"fr_FR","og_type":"article","og_title":"Cha\u00eene du froid sans interruption : le r\u00f4le strat\u00e9gique des portes pour chambres froides - Miv Insulating Systems","og_description":"Cha\u00eene du froid sans interruption : le r\u00f4le strat\u00e9gique des portes pour chambres froides","og_url":"https:\/\/www.mivsrl.com\/fr\/chaine-du-froid-sans-interruption-le-role-strategique-des-portes-pour-chambres-froides\/","og_site_name":"Miv Insulating Systems","article_publisher":"https:\/\/www.facebook.com\/mivrefrigeration","article_published_time":"2026-04-23T07:03:28+00:00","article_modified_time":"2026-04-23T07:04:12+00:00","og_image":[{"width":1024,"height":1024,"url":"https:\/\/www.mivsrl.com\/wp-content\/uploads\/2026\/04\/porte-pour-chambres-froides-chai\u0302ne-du-froid.webp","type":"image\/webp"}],"author":"Miv srl","twitter_card":"summary_large_image","twitter_misc":{"\u00c9crit par":"Miv srl","Dur\u00e9e de lecture estim\u00e9e":"5 minutes"},"schema":{"@context":"https:\/\/schema.org","@graph":[{"@type":"Article","@id":"https:\/\/www.mivsrl.com\/fr\/chaine-du-froid-sans-interruption-le-role-strategique-des-portes-pour-chambres-froides\/#article","isPartOf":{"@id":"https:\/\/www.mivsrl.com\/fr\/chaine-du-froid-sans-interruption-le-role-strategique-des-portes-pour-chambres-froides\/"},"author":{"name":"Miv srl","@id":"https:\/\/www.mivsrl.com\/fr\/#\/schema\/person\/8154812948a91d51492f3e4a37c9ef70"},"headline":"Cha\u00eene du froid sans interruption : le r\u00f4le strat\u00e9gique des portes pour chambres froides","datePublished":"2026-04-23T07:03:28+00:00","dateModified":"2026-04-23T07:04:12+00:00","mainEntityOfPage":{"@id":"https:\/\/www.mivsrl.com\/fr\/chaine-du-froid-sans-interruption-le-role-strategique-des-portes-pour-chambres-froides\/"},"wordCount":1065,"image":{"@id":"https:\/\/www.mivsrl.com\/fr\/chaine-du-froid-sans-interruption-le-role-strategique-des-portes-pour-chambres-froides\/#primaryimage"},"thumbnailUrl":"https:\/\/www.mivsrl.com\/wp-content\/uploads\/2026\/04\/porte-pour-chambres-froides-chai\u0302ne-du-froid.webp","keywords":["portes pour entrep\u00f4ts frigorifiques"],"articleSection":["La conservation des aliments"],"inLanguage":"fr-FR"},{"@type":"WebPage","@id":"https:\/\/www.mivsrl.com\/fr\/chaine-du-froid-sans-interruption-le-role-strategique-des-portes-pour-chambres-froides\/","url":"https:\/\/www.mivsrl.com\/fr\/chaine-du-froid-sans-interruption-le-role-strategique-des-portes-pour-chambres-froides\/","name":"Cha\u00eene du froid sans interruption : le r\u00f4le strat\u00e9gique des portes pour chambres froides - Miv Insulating Systems","isPartOf":{"@id":"https:\/\/www.mivsrl.com\/fr\/#website"},"primaryImageOfPage":{"@id":"https:\/\/www.mivsrl.com\/fr\/chaine-du-froid-sans-interruption-le-role-strategique-des-portes-pour-chambres-froides\/#primaryimage"},"image":{"@id":"https:\/\/www.mivsrl.com\/fr\/chaine-du-froid-sans-interruption-le-role-strategique-des-portes-pour-chambres-froides\/#primaryimage"},"thumbnailUrl":"https:\/\/www.mivsrl.com\/wp-content\/uploads\/2026\/04\/porte-pour-chambres-froides-chai\u0302ne-du-froid.webp","datePublished":"2026-04-23T07:03:28+00:00","dateModified":"2026-04-23T07:04:12+00:00","author":{"@id":"https:\/\/www.mivsrl.com\/fr\/#\/schema\/person\/8154812948a91d51492f3e4a37c9ef70"},"description":"Cha\u00eene du froid sans interruption : le r\u00f4le strat\u00e9gique des portes pour chambres froides","breadcrumb":{"@id":"https:\/\/www.mivsrl.com\/fr\/chaine-du-froid-sans-interruption-le-role-strategique-des-portes-pour-chambres-froides\/#breadcrumb"},"inLanguage":"fr-FR","potentialAction":[{"@type":"ReadAction","target":["https:\/\/www.mivsrl.com\/fr\/chaine-du-froid-sans-interruption-le-role-strategique-des-portes-pour-chambres-froides\/"]}]},{"@type":"ImageObject","inLanguage":"fr-FR","@id":"https:\/\/www.mivsrl.com\/fr\/chaine-du-froid-sans-interruption-le-role-strategique-des-portes-pour-chambres-froides\/#primaryimage","url":"https:\/\/www.mivsrl.com\/wp-content\/uploads\/2026\/04\/porte-pour-chambres-froides-chai\u0302ne-du-froid.webp","contentUrl":"https:\/\/www.mivsrl.com\/wp-content\/uploads\/2026\/04\/porte-pour-chambres-froides-chai\u0302ne-du-froid.webp","width":1024,"height":1024,"caption":"porte-pour-chambres-froides-chai\u0302ne-du-froid"},{"@type":"BreadcrumbList","@id":"https:\/\/www.mivsrl.com\/fr\/chaine-du-froid-sans-interruption-le-role-strategique-des-portes-pour-chambres-froides\/#breadcrumb","itemListElement":[{"@type":"ListItem","position":1,"name":"Home","item":"https:\/\/www.mivsrl.com\/fr\/"},{"@type":"ListItem","position":2,"name":"Cha\u00eene du froid sans interruption : le r\u00f4le strat\u00e9gique des portes pour chambres froides"}]},{"@type":"WebSite","@id":"https:\/\/www.mivsrl.com\/fr\/#website","url":"https:\/\/www.mivsrl.com\/fr\/","name":"Miv Insulating Systems","description":"Produzione di porte e accessori per celle frigorifere","potentialAction":[{"@type":"SearchAction","target":{"@type":"EntryPoint","urlTemplate":"https:\/\/www.mivsrl.com\/fr\/?s={search_term_string}"},"query-input":{"@type":"PropertyValueSpecification","valueRequired":true,"valueName":"search_term_string"}}],"inLanguage":"fr-FR"},{"@type":"Person","@id":"https:\/\/www.mivsrl.com\/fr\/#\/schema\/person\/8154812948a91d51492f3e4a37c9ef70","name":"Miv srl","image":{"@type":"ImageObject","inLanguage":"fr-FR","@id":"https:\/\/secure.gravatar.com\/avatar\/f8f9b8d309b2fe0638a69c52e43af3a71aee5bd3880b767b71bcac00c2aaa532?s=96&d=mm&r=g","url":"https:\/\/secure.gravatar.com\/avatar\/f8f9b8d309b2fe0638a69c52e43af3a71aee5bd3880b767b71bcac00c2aaa532?s=96&d=mm&r=g","contentUrl":"https:\/\/secure.gravatar.com\/avatar\/f8f9b8d309b2fe0638a69c52e43af3a71aee5bd3880b767b71bcac00c2aaa532?s=96&d=mm&r=g","caption":"Miv srl"},"sameAs":["https:\/\/www.mivsrl.com"],"url":"https:\/\/www.mivsrl.com\/fr\/author\/produzione-di-porte-e-accessori-per-celle-frigorif\/"}]}},"_links":{"self":[{"href":"https:\/\/www.mivsrl.com\/fr\/wp-json\/wp\/v2\/posts\/44619","targetHints":{"allow":["GET"]}}],"collection":[{"href":"https:\/\/www.mivsrl.com\/fr\/wp-json\/wp\/v2\/posts"}],"about":[{"href":"https:\/\/www.mivsrl.com\/fr\/wp-json\/wp\/v2\/types\/post"}],"author":[{"embeddable":true,"href":"https:\/\/www.mivsrl.com\/fr\/wp-json\/wp\/v2\/users\/1"}],"replies":[{"embeddable":true,"href":"https:\/\/www.mivsrl.com\/fr\/wp-json\/wp\/v2\/comments?post=44619"}],"version-history":[{"count":0,"href":"https:\/\/www.mivsrl.com\/fr\/wp-json\/wp\/v2\/posts\/44619\/revisions"}],"wp:featuredmedia":[{"embeddable":true,"href":"https:\/\/www.mivsrl.com\/fr\/wp-json\/wp\/v2\/media\/44656"}],"wp:attachment":[{"href":"https:\/\/www.mivsrl.com\/fr\/wp-json\/wp\/v2\/media?parent=44619"}],"wp:term":[{"taxonomy":"category","embeddable":true,"href":"https:\/\/www.mivsrl.com\/fr\/wp-json\/wp\/v2\/categories?post=44619"},{"taxonomy":"post_tag","embeddable":true,"href":"https:\/\/www.mivsrl.com\/fr\/wp-json\/wp\/v2\/tags?post=44619"}],"curies":[{"name":"wp","href":"https:\/\/api.w.org\/{rel}","templated":true}]}}