{"id":43659,"date":"2026-01-15T08:00:07","date_gmt":"2026-01-15T07:00:07","guid":{"rendered":"https:\/\/www.mivsrl.com\/?p=43659"},"modified":"2026-01-15T11:49:04","modified_gmt":"2026-01-15T10:49:04","slug":"porte-della-cella-frigorifera-la-chiave-per-conservare-al-meglio-gli-agrumi-durante-linverno","status":"publish","type":"post","link":"https:\/\/www.mivsrl.com\/it\/porte-della-cella-frigorifera-la-chiave-per-conservare-al-meglio-gli-agrumi-durante-linverno\/","title":{"rendered":"Porte della cella frigorifera: La chiave per conservare al meglio gli agrumi durante l&#8217;inverno"},"content":{"rendered":"\t\t<div data-elementor-type=\"wp-post\" data-elementor-id=\"43659\" class=\"elementor elementor-43659 elementor-43655\">\n\t\t\t\t\t\t<section class=\"wd-negative-gap elementor-section elementor-top-section elementor-element elementor-element-02055e0 elementor-section-boxed elementor-section-height-default elementor-section-height-default wd-section-disabled\" data-id=\"02055e0\" data-element_type=\"section\" data-e-type=\"section\">\n\t\t\t\t\t\t<div class=\"elementor-container elementor-column-gap-default\">\n\t\t\t\t\t<div class=\"elementor-column elementor-col-100 elementor-top-column elementor-element elementor-element-f3daa98\" data-id=\"f3daa98\" data-element_type=\"column\" data-e-type=\"column\">\n\t\t\t<div class=\"elementor-widget-wrap elementor-element-populated\">\n\t\t\t\t\t\t<div class=\"elementor-element elementor-element-ecb3522 elementor-widget elementor-widget-wd_text_block\" data-id=\"ecb3522\" data-element_type=\"widget\" data-e-type=\"widget\" data-widget_type=\"wd_text_block.default\">\n\t\t\t\t<div class=\"elementor-widget-container\">\n\t\t\t\t\t\t\t<div class=\"wd-text-block reset-last-child text-left\">\n\t\t\t\n\t\t\t<h2>Conservazione ottimale degli agrumi in inverno: Perch\u00e9 le porte delle celle frigorifere di alta qualit\u00e0 sono importanti<\/h2>\n<strong>Gli agrumi, come<\/strong>arance, limoni, mandarini e pompelmi, sono prodotti invernali essenziali, apprezzati per la loro freschezza, il loro valore nutrizionale e la loro lunga durata. Tuttavia, per mantenere la loro qualit\u00e0 durante i mesi invernali \u00e8 necessario un rigoroso controllo della temperatura e dell'umidit\u00e0. \u00c8 qui che <strong>le porte delle celle frigorifere<\/strong> diventano un elemento vitale in qualsiasi ambiente di conservazione degli agrumi, garantendo che la catena del freddo sia preservata senza interruzioni.\n\nLa natura sensibile degli agrumi fa s\u00ec che condizioni di conservazione inadeguate possano portare a un rapido deterioramento, alla perdita di umidit\u00e0 e allo sviluppo di muffe. Le <strong>porte per celle frigorifere<\/strong> ad alte prestazioni garantiscono un isolamento perfetto, riducendo al minimo le oscillazioni di temperatura causate dalle frequenti aperture delle porte durante le operazioni quotidiane. MIV progetta soluzioni personalizzate che si adattano alle dimensioni di qualsiasi struttura, sia essa un piccolo distributore di agrumi o una grande cooperativa agricola che prepara le spedizioni per i mercati europei.\n\nDurante l'inverno, mantenere una temperatura interna costante \u00e8 essenziale per prevenire i danni da raffreddamento, un problema comune quando gli agrumi sono esposti a temperature troppo basse. Grazie alle affidabili <strong>porte per celle frigorifere<\/strong> di MIV, le strutture di stoccaggio possono mantenere il clima ideale, consentendo agli agrumi di maturare lentamente e in modo naturale, preservandone l'aroma, la succosit\u00e0 e il colore vivace. Questo garantisce ai consumatori di ricevere frutta fresca e profumata come quando \u00e8 stata raccolta.\n\t\t\t\t\t<\/div>\n\t\t\t\t\t\t<\/div>\n\t\t\t\t<\/div>\n\t\t\t\t\t<\/div>\n\t\t<\/div>\n\t\t\t\t\t<\/div>\n\t\t<\/section>\n\t\t\t\t<section class=\"wd-negative-gap elementor-section elementor-top-section elementor-element elementor-element-45f0b39 elementor-section-boxed elementor-section-height-default elementor-section-height-default wd-section-disabled\" data-id=\"45f0b39\" data-element_type=\"section\" data-e-type=\"section\">\n\t\t\t\t\t\t<div class=\"elementor-container elementor-column-gap-default\">\n\t\t\t\t\t<div class=\"elementor-column elementor-col-100 elementor-top-column elementor-element elementor-element-b9c6dd1\" data-id=\"b9c6dd1\" data-element_type=\"column\" data-e-type=\"column\">\n\t\t\t<div class=\"elementor-widget-wrap elementor-element-populated\">\n\t\t\t\t\t\t<div class=\"elementor-element elementor-element-d1259c2 elementor-widget elementor-widget-wd_text_block\" data-id=\"d1259c2\" data-element_type=\"widget\" data-e-type=\"widget\" data-widget_type=\"wd_text_block.default\">\n\t\t\t\t<div class=\"elementor-widget-container\">\n\t\t\t\t\t\t\t<div class=\"wd-text-block reset-last-child text-left\">\n\t\t\t\n\t\t\t<h2>Controllo dell'umidit\u00e0 e longevit\u00e0 degli agrumi: Il ruolo essenziale delle porte delle celle frigorifere<\/h2><p><strong>Gli agrumi<\/strong> richiedono livelli di umidit\u00e0 molto specifici per evitare la disidratazione o la formazione di muffe. Le chiavi per una corretta conservazione sono un flusso d'aria controllato, temperature stabili e <strong>porte<\/strong> robuste <strong>delle celle frigorifere<\/strong> che creano una barriera efficace contro le variazioni ambientali esterne. Con porte che si sigillano perfettamente, le strutture di conservazione degli agrumi possono mantenere la giusta umidit\u00e0 - tipicamente tra l'85% e il 95% - assicurando che la frutta rimanga soda e piena di succo.<\/p><p>Le soluzioni MIV sono progettate non solo per l'isolamento ma anche per la durata. Durante i mesi invernali, gli agrumi vengono spesso spostati pi\u00f9 volte prima della distribuzione, il che pu\u00f2 causare frequenti aperture e chiusure delle porte. Porte di scarsa qualit\u00e0 possono portare a una sostanziale perdita di energia, costringendo le unit\u00e0 di refrigerazione a lavorare di pi\u00f9 e aumentando i costi operativi. Al contrario, le <strong>porte delle celle frigorifere<\/strong> MIV riducono al minimo la dispersione termica, aiutando a mantenere livelli di umidit\u00e0 ottimali e riducendo il consumo energetico.<\/p><p>Il controllo dell'umidit\u00e0 influisce direttamente sulla durata di conservazione. Se protetti da porte affidabili, gli agrumi possono essere conservati per lunghi periodi senza perdere la loro naturale consistenza o gli oli essenziali. Questo garantisce che i rivenditori e i distributori possano offrire ai consumatori agrumi invernali freschi, aromatici e visivamente attraenti. Investendo in <strong>porte per celle frigorifere<\/strong> ad alte prestazioni, le aziende migliorano la durata dei prodotti e riducono gli sprechi, un vantaggio fondamentale durante i picchi stagionali.<\/p>\n\t\t\t\t\t<\/div>\n\t\t\t\t\t\t<\/div>\n\t\t\t\t<\/div>\n\t\t\t\t\t<\/div>\n\t\t<\/div>\n\t\t\t\t\t<\/div>\n\t\t<\/section>\n\t\t\t\t<section class=\"wd-negative-gap elementor-section elementor-top-section elementor-element elementor-element-68a3cbb elementor-section-boxed elementor-section-height-default elementor-section-height-default wd-section-disabled\" data-id=\"68a3cbb\" data-element_type=\"section\" data-e-type=\"section\">\n\t\t\t\t\t\t<div class=\"elementor-container elementor-column-gap-default\">\n\t\t\t\t\t<div class=\"elementor-column elementor-col-100 elementor-top-column elementor-element elementor-element-920efdd\" data-id=\"920efdd\" data-element_type=\"column\" data-e-type=\"column\">\n\t\t\t<div class=\"elementor-widget-wrap elementor-element-populated\">\n\t\t\t\t\t\t<div class=\"elementor-element elementor-element-126ce35 elementor-widget elementor-widget-wd_text_block\" data-id=\"126ce35\" data-element_type=\"widget\" data-e-type=\"widget\" data-widget_type=\"wd_text_block.default\">\n\t\t\t\t<div class=\"elementor-widget-container\">\n\t\t\t\t\t\t\t<div class=\"wd-text-block reset-last-child text-left\">\n\t\t\t\n\t\t\t<h2>Efficienza energetica e qualit\u00e0 del prodotto: come le porte delle celle frigorifere migliorano le operazioni di stoccaggio degli agrumi<\/h2>\nLa gestione degli agrumi invernali dipende in larga misura da strutture efficienti dal punto di vista energetico, progettate per mantenere condizioni stabili.  Gli <strong>agrumi<\/strong> sono molto sensibili agli sbalzi di temperatura e ogni oscillazione pu\u00f2 compromettere l'integrit\u00e0 del frutto. Le <strong>porte per celle frigorifere<\/strong> di MIV sono progettate per migliorare l'efficienza operativa riducendo la deriva della temperatura, consentendo ai sistemi di refrigerazione di mantenere l'ambiente corretto con un dispendio energetico minimo.\n\nNei centri di grande distribuzione, le porte sono spesso il punto pi\u00f9 debole della catena del freddo. Un'impermeabilizzazione inadeguata, meccanismi lenti o un isolamento insufficiente possono causare condensa, aumento del consumo energetico e deterioramento dei prodotti. MIV affronta questi problemi offrendo <strong>porte per celle frigorifere<\/strong> personalizzate con materiali isolanti avanzati e sistemi di chiusura di precisione che garantiscono una tenuta sicura ed ermetica.\n\nInvestire in infrastrutture di qualit\u00e0 per le celle frigorifere significa anche migliorare l'uniformit\u00e0 dei prodotti. Che si tratti di arance, mandarini o limoni, le strutture dotate di efficienti <strong>porte per celle frigorifere<\/strong> possono ottenere una distribuzione uniforme della temperatura, evitando che alcuni lotti si deteriorino pi\u00f9 velocemente di altri. In questo modo si garantisce che gli agrumi mantengano il loro gusto, il loro valore nutrizionale e il loro aspetto esteriore per tutta la stagione invernale, salvaguardando la qualit\u00e0 del prodotto e la reputazione del marchio.\n\t\t\t\t\t<\/div>\n\t\t\t\t\t\t<\/div>\n\t\t\t\t<\/div>\n\t\t\t\t\t<\/div>\n\t\t<\/div>\n\t\t\t\t\t<\/div>\n\t\t<\/section>\n\t\t\t\t<section class=\"wd-negative-gap elementor-section elementor-top-section elementor-element elementor-element-26bda5b elementor-section-boxed elementor-section-height-default elementor-section-height-default wd-section-disabled\" data-id=\"26bda5b\" data-element_type=\"section\" data-e-type=\"section\">\n\t\t\t\t\t\t<div class=\"elementor-container elementor-column-gap-default\">\n\t\t\t\t\t<div class=\"elementor-column elementor-col-100 elementor-top-column elementor-element elementor-element-a2b6464\" data-id=\"a2b6464\" data-element_type=\"column\" data-e-type=\"column\">\n\t\t\t<div class=\"elementor-widget-wrap elementor-element-populated\">\n\t\t\t\t\t\t<div class=\"elementor-element elementor-element-e7717fc elementor-widget elementor-widget-wd_products\" data-id=\"e7717fc\" data-element_type=\"widget\" data-e-type=\"widget\" data-widget_type=\"wd_products.default\">\n\t\t\t\t<div class=\"elementor-widget-container\">\n\t\t\t\t\t\t\t\t\t\t<div class=\"wd-products-element\">\n\n\t\t\t\n\t\t\t\n\t\t\t<div class=\"products elements-grid row wd-products-holder pagination- wd-spacing-20 grid-columns-2 grid-masonry align-items-start\" data-paged=\"1\" data-atts=\"{&quot;element_title&quot;:&quot;&quot;,&quot;title_alignment&quot;:&quot;left&quot;,&quot;query_post_type&quot;:&quot;product&quot;,&quot;post_type&quot;:&quot;ids&quot;,&quot;include&quot;:[&quot;32518&quot;,&quot;28658&quot;],&quot;taxonomies&quot;:null,&quot;offset&quot;:null,&quot;orderby&quot;:&quot;&quot;,&quot;query_type&quot;:&quot;OR&quot;,&quot;order&quot;:null,&quot;meta_key&quot;:null,&quot;exclude&quot;:null,&quot;shop_tools&quot;:null,&quot;hide_out_of_stock&quot;:&quot;no&quot;,&quot;ajax_recently_viewed&quot;:null,&quot;speed&quot;:null,&quot;slides_per_view&quot;:null,&quot;slides_per_view_tablet&quot;:{&quot;size&quot;:&quot;&quot;},&quot;slides_per_view_mobile&quot;:{&quot;size&quot;:&quot;&quot;},&quot;wrap&quot;:null,&quot;autoplay&quot;:null,&quot;center_mode&quot;:null,&quot;hide_pagination_control&quot;:null,&quot;hide_prev_next_buttons&quot;:null,&quot;scroll_per_page&quot;:null,&quot;layout&quot;:&quot;grid&quot;,&quot;pagination&quot;:&quot;&quot;,&quot;items_per_page&quot;:12,&quot;spacing&quot;:&quot;20&quot;,&quot;columns&quot;:{&quot;unit&quot;:&quot;px&quot;,&quot;size&quot;:2,&quot;sizes&quot;:[]},&quot;columns_tablet&quot;:{&quot;size&quot;:&quot;&quot;},&quot;columns_mobile&quot;:{&quot;size&quot;:&quot;&quot;},&quot;products_masonry&quot;:&quot;&quot;,&quot;products_different_sizes&quot;:&quot;&quot;,&quot;product_quantity&quot;:&quot;&quot;,&quot;product_hover&quot;:&quot;inherit&quot;,&quot;sale_countdown&quot;:&quot;0&quot;,&quot;stretch_product&quot;:null,&quot;stretch_product_tablet&quot;:0,&quot;stretch_product_mobile&quot;:0,&quot;stock_progress_bar&quot;:&quot;0&quot;,&quot;highlighted_products&quot;:&quot;0&quot;,&quot;products_bordered_grid&quot;:&quot;0&quot;,&quot;products_bordered_grid_style&quot;:null,&quot;img_size&quot;:&quot;large&quot;,&quot;img_size_custom&quot;:null,&quot;ajax_page&quot;:&quot;&quot;,&quot;force_not_ajax&quot;:&quot;no&quot;,&quot;lazy_loading&quot;:&quot;no&quot;,&quot;scroll_carousel_init&quot;:null,&quot;custom_sizes&quot;:false,&quot;elementor&quot;:true}\" data-source=\"shortcode\" data-columns=\"2\">\n\t\t\n\t\t\n\t\t\t\t\t\t\t\t<div class=\"product-grid-item product wd-hover-alt  col-lg-6 col-md-6 col-6 first  type-product post-23312 status-publish instock product_cat-porte product_cat-tipo-di-applicazione-pannello-porte-temperatura-positiva-da-0-a-4c-chiller product_cat-porte-temperatura-positiva-da-0-a-4c-chiller product_cat-porte-scorrevoli product_tag-porte-celle-frigorifere-scorrevoli has-post-thumbnail shipping-taxable product-type-simple\" data-loop=\"1\" data-id=\"23312\">\n\t\n\t\n<div class=\"product-wrapper\">\n\t<div class=\"product-element-top wd-quick-shop\">\n\t\t<a href=\"https:\/\/www.mivsrl.com\/it\/prodotto\/porta-frigorifera-industriale-scorrevole-per-temperatura-positiva-900p\/\" class=\"product-image-link\">\n\t\t\t<img fetchpriority=\"high\" decoding=\"async\" width=\"1024\" height=\"1024\" src=\"https:\/\/www.mivsrl.com\/wp-content\/themes\/woodmart\/images\/lazy.png\" class=\"attachment-large size-large wp-image-23314 wd-lazy-load wd-lazy-fade\" alt=\"porta-cella-frigorifera-industriale\" srcset=\"\" sizes=\"(max-width: 1024px) 100vw, 1024px\" data-wood-src=\"https:\/\/www.mivsrl.com\/wp-content\/uploads\/2023\/04\/porta-cella-frigorifera-industriale-900-P-M-1024x1024.webp\" data-srcset=\"https:\/\/www.mivsrl.com\/wp-content\/uploads\/2023\/04\/porta-cella-frigorifera-industriale-900-P-M-1024x1024.webp 1024w, https:\/\/www.mivsrl.com\/wp-content\/uploads\/2023\/04\/porta-cella-frigorifera-industriale-900-P-M-300x300.webp 300w, https:\/\/www.mivsrl.com\/wp-content\/uploads\/2023\/04\/porta-cella-frigorifera-industriale-900-P-M-150x150.webp 150w, https:\/\/www.mivsrl.com\/wp-content\/uploads\/2023\/04\/porta-cella-frigorifera-industriale-900-P-M-600x600.webp 600w, https:\/\/www.mivsrl.com\/wp-content\/uploads\/2023\/04\/porta-cella-frigorifera-industriale-900-P-M-768x768.webp 768w, https:\/\/www.mivsrl.com\/wp-content\/uploads\/2023\/04\/porta-cella-frigorifera-industriale-900-P-M.webp 1200w\" \/>\t\t<\/a>\n\t\t\t\t\t<div class=\"hover-img\">\n\t\t\t\t<a href=\"https:\/\/www.mivsrl.com\/it\/prodotto\/porta-frigorifera-industriale-scorrevole-per-temperatura-positiva-900p\/\">\n\t\t\t\t\t<img decoding=\"async\" width=\"1024\" height=\"916\" src=\"https:\/\/www.mivsrl.com\/wp-content\/themes\/woodmart\/images\/lazy.png\" class=\"attachment-large size-large wp-image-23315 wd-lazy-load wd-lazy-fade\" alt=\"porta-cella-frigorifera-industriale\" srcset=\"\" sizes=\"(max-width: 1024px) 100vw, 1024px\" data-wood-src=\"https:\/\/www.mivsrl.com\/wp-content\/uploads\/2023\/04\/porta-cella-frigorifera-industriale-HANDLE-DETAIL-900-M-P-3-1024x916.webp\" data-srcset=\"https:\/\/www.mivsrl.com\/wp-content\/uploads\/2023\/04\/porta-cella-frigorifera-industriale-HANDLE-DETAIL-900-M-P-3-1024x916.webp 1024w, https:\/\/www.mivsrl.com\/wp-content\/uploads\/2023\/04\/porta-cella-frigorifera-industriale-HANDLE-DETAIL-900-M-P-3-150x134.webp 150w, https:\/\/www.mivsrl.com\/wp-content\/uploads\/2023\/04\/porta-cella-frigorifera-industriale-HANDLE-DETAIL-900-M-P-3-600x537.webp 600w, https:\/\/www.mivsrl.com\/wp-content\/uploads\/2023\/04\/porta-cella-frigorifera-industriale-HANDLE-DETAIL-900-M-P-3-300x268.webp 300w, https:\/\/www.mivsrl.com\/wp-content\/uploads\/2023\/04\/porta-cella-frigorifera-industriale-HANDLE-DETAIL-900-M-P-3-768x687.webp 768w, https:\/\/www.mivsrl.com\/wp-content\/uploads\/2023\/04\/porta-cella-frigorifera-industriale-HANDLE-DETAIL-900-M-P-3.webp 1200w\" \/>\t\t\t\t<\/a>\n\t\t\t<\/div>\n\t\t\t\t\t<div class=\"wd-buttons wd-pos-r-t\">\n\t\t\t\t\t\t\t\t<div class=\"quick-view wd-action-btn wd-style-icon wd-quick-view-icon\">\n\t\t\t<a\n\t\t\t\thref=\"https:\/\/www.mivsrl.com\/it\/prodotto\/porta-frigorifera-industriale-scorrevole-per-temperatura-positiva-900p\/\"\n\t\t\t\tclass=\"open-quick-view quick-view-button\"\n\t\t\t\trel=\"nofollow\"\n\t\t\t\tdata-id=\"23312\"\n\t\t\t\t>Quick view<\/a>\n\t\t<\/div>\n\t\t\t\t\t\t\t<\/div>\n\t<\/div>\n\n\t\t\t<h3 class=\"wd-entities-title\"><a href=\"https:\/\/www.mivsrl.com\/it\/prodotto\/porta-frigorifera-industriale-scorrevole-per-temperatura-positiva-900p\/\">PORTA FRIGORIFERA INDUSTRIALE SCORREVOLE PER TEMPERATURA POSITIVA 900P<\/a><\/h3>\t\t\t\t<div class=\"wd-product-cats\">\n\t\t\t<a href=\"https:\/\/www.mivsrl.com\/it\/categoria-prodotto\/porte\/porte-scorrevoli\/porte-temperatura-positiva-da-0-a-4c-chiller\/\" rel=\"tag\">Porte temperatura positiva da 0 a +4\u00b0C Chiller<\/a>, <a href=\"https:\/\/www.mivsrl.com\/it\/categoria-prodotto\/porte\/porte-scorrevoli\/porte-temperatura-positiva-da-0-a-4c-chiller\/tipo-di-applicazione-pannello-porte-temperatura-positiva-da-0-a-4c-chiller\/\" rel=\"tag\">Tipo di applicazione pannello<\/a>, <a href=\"https:\/\/www.mivsrl.com\/it\/categoria-prodotto\/porte\/porte-scorrevoli\/\" rel=\"tag\">Porte per celle frigorifere Scorrevoli<\/a>, <a href=\"https:\/\/www.mivsrl.com\/it\/categoria-prodotto\/porte\/\" rel=\"tag\">Porte<\/a>\t\t<\/div>\n\t\t\t\t<div class=\"wrap-price\">\n\t\t\t<div class=\"swap-wrapp\">\n\t\t\t\t<div class=\"swap-elements\">\n\t\t\t\t\t\t\t\t\t\t\n\t\t\t\t\t<div class=\"wd-add-btn\">\n\t\t\t\t\t\t\t\t\t\t\t<\/div>\n\t\t\t\t<\/div>\n\t\t\t<\/div>\n\t\t\t\t\t<\/div>\n\n\t\t\n\t\t\n\t\t\t<\/div><\/div>\n\t\t\t\t\t\t\t\t<div class=\"product-grid-item product wd-hover-alt  col-lg-6 col-md-6 col-6 last  type-product post-23048 status-publish instock product_cat-porte product_cat-porte-temperatura-positiva-da-0-a-4-chiller product_cat-tipo-di-applicazione-pannello product_cat-porte-per-celle-frigorifere-cerniera product_tag-porte-celle-frigorifere-cerniera has-post-thumbnail shipping-taxable product-type-simple\" data-loop=\"2\" data-id=\"23048\">\n\t\n\t\n<div class=\"product-wrapper\">\n\t<div class=\"product-element-top wd-quick-shop\">\n\t\t<a href=\"https:\/\/www.mivsrl.com\/it\/prodotto\/porta-frigorifera-industriale-su-cerniera-per-temperatura-positiva-200n\/\" class=\"product-image-link\">\n\t\t\t<img decoding=\"async\" width=\"1024\" height=\"1024\" src=\"https:\/\/www.mivsrl.com\/wp-content\/themes\/woodmart\/images\/lazy.png\" class=\"attachment-large size-large wp-image-23007 wd-lazy-load wd-lazy-fade\" alt=\"porta-frigorifera-industriale-180-N\" srcset=\"\" sizes=\"(max-width: 1024px) 100vw, 1024px\" data-wood-src=\"https:\/\/www.mivsrl.com\/wp-content\/uploads\/2023\/04\/porta-frigorifera-industriale-180-N-1024x1024.webp\" data-srcset=\"https:\/\/www.mivsrl.com\/wp-content\/uploads\/2023\/04\/porta-frigorifera-industriale-180-N-1024x1024.webp 1024w, https:\/\/www.mivsrl.com\/wp-content\/uploads\/2023\/04\/porta-frigorifera-industriale-180-N-300x300.webp 300w, https:\/\/www.mivsrl.com\/wp-content\/uploads\/2023\/04\/porta-frigorifera-industriale-180-N-150x150.webp 150w, https:\/\/www.mivsrl.com\/wp-content\/uploads\/2023\/04\/porta-frigorifera-industriale-180-N-600x600.webp 600w, https:\/\/www.mivsrl.com\/wp-content\/uploads\/2023\/04\/porta-frigorifera-industriale-180-N-768x768.webp 768w, https:\/\/www.mivsrl.com\/wp-content\/uploads\/2023\/04\/porta-frigorifera-industriale-180-N.webp 1200w\" \/>\t\t<\/a>\n\t\t\t\t\t<div class=\"hover-img\">\n\t\t\t\t<a href=\"https:\/\/www.mivsrl.com\/it\/prodotto\/porta-frigorifera-industriale-su-cerniera-per-temperatura-positiva-200n\/\">\n\t\t\t\t\t<img loading=\"lazy\" decoding=\"async\" width=\"1024\" height=\"768\" src=\"https:\/\/www.mivsrl.com\/wp-content\/themes\/woodmart\/images\/lazy.png\" class=\"attachment-large size-large wp-image-23009 wd-lazy-load wd-lazy-fade\" alt=\"porta-frigorifera-industriale-180-N\" srcset=\"\" sizes=\"(max-width: 1024px) 100vw, 1024px\" data-wood-src=\"https:\/\/www.mivsrl.com\/wp-content\/uploads\/2023\/04\/porta-frigorifera-industriale-180-N-MANIGLIA-1024x768.webp\" data-srcset=\"https:\/\/www.mivsrl.com\/wp-content\/uploads\/2023\/04\/porta-frigorifera-industriale-180-N-MANIGLIA-1024x768.webp 1024w, https:\/\/www.mivsrl.com\/wp-content\/uploads\/2023\/04\/porta-frigorifera-industriale-180-N-MANIGLIA-150x113.webp 150w, https:\/\/www.mivsrl.com\/wp-content\/uploads\/2023\/04\/porta-frigorifera-industriale-180-N-MANIGLIA-600x450.webp 600w, https:\/\/www.mivsrl.com\/wp-content\/uploads\/2023\/04\/porta-frigorifera-industriale-180-N-MANIGLIA-300x225.webp 300w, https:\/\/www.mivsrl.com\/wp-content\/uploads\/2023\/04\/porta-frigorifera-industriale-180-N-MANIGLIA-768x576.webp 768w, https:\/\/www.mivsrl.com\/wp-content\/uploads\/2023\/04\/porta-frigorifera-industriale-180-N-MANIGLIA.webp 1200w\" \/>\t\t\t\t<\/a>\n\t\t\t<\/div>\n\t\t\t\t\t<div class=\"wd-buttons wd-pos-r-t\">\n\t\t\t\t\t\t\t\t<div class=\"quick-view wd-action-btn wd-style-icon wd-quick-view-icon\">\n\t\t\t<a\n\t\t\t\thref=\"https:\/\/www.mivsrl.com\/it\/prodotto\/porta-frigorifera-industriale-su-cerniera-per-temperatura-positiva-200n\/\"\n\t\t\t\tclass=\"open-quick-view quick-view-button\"\n\t\t\t\trel=\"nofollow\"\n\t\t\t\tdata-id=\"23048\"\n\t\t\t\t>Quick view<\/a>\n\t\t<\/div>\n\t\t\t\t\t\t\t<\/div>\n\t<\/div>\n\n\t\t\t<h3 class=\"wd-entities-title\"><a href=\"https:\/\/www.mivsrl.com\/it\/prodotto\/porta-frigorifera-industriale-su-cerniera-per-temperatura-positiva-200n\/\">PORTA FRIGORIFERA INDUSTRIALE SU CERNIERA PER TEMPERATURA POSITIVA 200N<\/a><\/h3>\t\t\t\t<div class=\"wd-product-cats\">\n\t\t\t<a href=\"https:\/\/www.mivsrl.com\/it\/categoria-prodotto\/porte\/porte-per-celle-frigorifere-cerniera\/\" rel=\"tag\">Porte per celle frigorifere Cerniera<\/a>, <a href=\"https:\/\/www.mivsrl.com\/it\/categoria-prodotto\/porte\/porte-per-celle-frigorifere-cerniera\/porte-temperatura-positiva-da-0-a-4-chiller\/\" rel=\"tag\">Porte temperatura positiva da 0 a +4\u00b0C Chiller<\/a>, <a href=\"https:\/\/www.mivsrl.com\/it\/categoria-prodotto\/porte\/porte-per-celle-frigorifere-cerniera\/porte-temperatura-positiva-da-0-a-4-chiller\/tipo-di-applicazione-pannello\/\" rel=\"tag\">Tipo di applicazione pannello<\/a>, <a href=\"https:\/\/www.mivsrl.com\/it\/categoria-prodotto\/porte\/\" rel=\"tag\">Porte<\/a>\t\t<\/div>\n\t\t\t\t<div class=\"wrap-price\">\n\t\t\t<div class=\"swap-wrapp\">\n\t\t\t\t<div class=\"swap-elements\">\n\t\t\t\t\t\t\t\t\t\t\n\t\t\t\t\t<div class=\"wd-add-btn\">\n\t\t\t\t\t\t\t\t\t\t\t<\/div>\n\t\t\t\t<\/div>\n\t\t\t<\/div>\n\t\t\t\t\t<\/div>\n\n\t\t\n\t\t\n\t\t\t<\/div><\/div>\n\t\t\n\t\t\t\t<\/div>\n\t\n\t\t\n\t\t\n\t\t\t\t\t<\/div>\n\t\t\n\t\t\t\t\t\t<\/div>\n\t\t\t\t<\/div>\n\t\t\t\t\t<\/div>\n\t\t<\/div>\n\t\t\t\t\t<\/div>\n\t\t<\/section>\n\t\t\t\t<section class=\"wd-negative-gap elementor-section elementor-top-section elementor-element elementor-element-3e7b19f7 elementor-section-boxed elementor-section-height-default elementor-section-height-default wd-section-disabled\" data-id=\"3e7b19f7\" data-element_type=\"section\" data-e-type=\"section\">\n\t\t\t\t\t\t<div class=\"elementor-container elementor-column-gap-default\">\n\t\t\t\t\t<div class=\"elementor-column elementor-col-100 elementor-top-column elementor-element elementor-element-5bc709b0\" data-id=\"5bc709b0\" data-element_type=\"column\" data-e-type=\"column\">\n\t\t\t<div class=\"elementor-widget-wrap elementor-element-populated\">\n\t\t\t\t\t\t<div class=\"elementor-element elementor-element-5a89f213 color-scheme-inherit text-left elementor-widget elementor-widget-text-editor\" data-id=\"5a89f213\" data-element_type=\"widget\" data-e-type=\"widget\" data-widget_type=\"text-editor.default\">\n\t\t\t\t<div class=\"elementor-widget-container\">\n\t\t\t\t\t\t\t\t\t\n<div>\n<h3>Informazioni di contatto per porte da cella frigorifera.<\/h3>\nPer ulteriori informazioni, scrivici tramite il nostro <a href=\"https:\/\/www.mivsrl.com\/it\/contatti-porte-celle-frigorifere\/\">modulo di contatto<\/a>.\nContatto WhatsApp:  https:\/\/api.whatsapp.com\/message\/BWKLO7GYVGFDK1\nPagina Facebook:  https:\/\/www.facebook.com\/mivrefrigeration\nPagina LinkedIn:  <a href=\"https:\/\/www.linkedin.com\/company\/mivinsulatingsystems\/mycompany\/?viewAsMember=true\">linkedin.com\/azienda\/mivinsulatingsystems<\/a>\n\n<\/div>\t\t\t\t\t\t\t\t<\/div>\n\t\t\t\t<\/div>\n\t\t\t\t\t<\/div>\n\t\t<\/div>\n\t\t\t\t\t<\/div>\n\t\t<\/section>\n\t\t\t\t<\/div>\n\t\t","protected":false},"excerpt":{"rendered":"<p>Porte per celle frigorifere: La chiave per conservare al meglio gli agrumi durante l&#8217;inverno e l&#8217;importanza del utilizzo di porte per celle..<\/p>\n","protected":false},"author":32,"featured_media":43981,"comment_status":"closed","ping_status":"closed","sticky":false,"template":"","format":"standard","meta":{"footnotes":""},"categories":[296],"tags":[757,758],"class_list":["post-43659","post","type-post","status-publish","format-standard","has-post-thumbnail","hentry","category-news-it","tag-porte-per-la-refrigerazione-industriale","tag-cella-frigorifera"],"yoast_head":"<!-- This site is optimized with the Yoast SEO plugin v27.4 - https:\/\/yoast.com\/product\/yoast-seo-wordpress\/ -->\n<title>Porte della cella frigorifera: La chiave per conservare al meglio gli agrumi durante l&#039;inverno<\/title>\n<meta name=\"description\" content=\"Porte della cella frigorifera: Il segreto per conservare al meglio gli agrumi durante l&#039;inverno\" \/>\n<meta name=\"robots\" content=\"index, follow, max-snippet:-1, max-image-preview:large, max-video-preview:-1\" \/>\n<link rel=\"canonical\" href=\"https:\/\/www.mivsrl.com\/it\/porte-della-cella-frigorifera-la-chiave-per-conservare-al-meglio-gli-agrumi-durante-linverno\/\" \/>\n<meta property=\"og:locale\" content=\"it_IT\" \/>\n<meta property=\"og:type\" content=\"article\" \/>\n<meta property=\"og:title\" content=\"Porte della cella frigorifera: La chiave per conservare al meglio gli agrumi durante l&#039;inverno\" \/>\n<meta property=\"og:description\" content=\"Porte della cella frigorifera: Il segreto per conservare al meglio gli agrumi durante l&#039;inverno\" \/>\n<meta property=\"og:url\" content=\"https:\/\/www.mivsrl.com\/it\/porte-della-cella-frigorifera-la-chiave-per-conservare-al-meglio-gli-agrumi-durante-linverno\/\" \/>\n<meta property=\"og:site_name\" content=\"Miv Insulating Systems\" \/>\n<meta property=\"article:publisher\" content=\"https:\/\/www.facebook.com\/mivrefrigeration\" \/>\n<meta property=\"article:published_time\" content=\"2026-01-15T07:00:07+00:00\" \/>\n<meta property=\"article:modified_time\" content=\"2026-01-15T10:49:04+00:00\" \/>\n<meta property=\"og:image\" content=\"https:\/\/www.mivsrl.com\/wp-content\/uploads\/2026\/01\/porta-per-la-refrigerazione-industriale-conservazione-agrumi-ITA.webp\" \/>\n\t<meta property=\"og:image:width\" content=\"1152\" \/>\n\t<meta property=\"og:image:height\" content=\"864\" \/>\n\t<meta property=\"og:image:type\" content=\"image\/webp\" \/>\n<meta name=\"author\" content=\"MIV MIV\" \/>\n<meta name=\"twitter:card\" content=\"summary_large_image\" \/>\n<meta name=\"twitter:label1\" content=\"Scritto da\" \/>\n\t<meta name=\"twitter:data1\" content=\"MIV MIV\" \/>\n\t<meta name=\"twitter:label2\" content=\"Tempo di lettura stimato\" \/>\n\t<meta name=\"twitter:data2\" content=\"5 minuti\" \/>\n<script type=\"application\/ld+json\" class=\"yoast-schema-graph\">{\"@context\":\"https:\\\/\\\/schema.org\",\"@graph\":[{\"@type\":\"Article\",\"@id\":\"https:\\\/\\\/www.mivsrl.com\\\/it\\\/porte-della-cella-frigorifera-la-chiave-per-conservare-al-meglio-gli-agrumi-durante-linverno\\\/#article\",\"isPartOf\":{\"@id\":\"https:\\\/\\\/www.mivsrl.com\\\/it\\\/porte-della-cella-frigorifera-la-chiave-per-conservare-al-meglio-gli-agrumi-durante-linverno\\\/\"},\"author\":{\"name\":\"MIV MIV\",\"@id\":\"https:\\\/\\\/www.mivsrl.com\\\/it\\\/#\\\/schema\\\/person\\\/4e8a1c32154b2708fd8b484357dbe086\"},\"headline\":\"Porte della cella frigorifera: La chiave per conservare al meglio gli agrumi durante l&#8217;inverno\",\"datePublished\":\"2026-01-15T07:00:07+00:00\",\"dateModified\":\"2026-01-15T10:49:04+00:00\",\"mainEntityOfPage\":{\"@id\":\"https:\\\/\\\/www.mivsrl.com\\\/it\\\/porte-della-cella-frigorifera-la-chiave-per-conservare-al-meglio-gli-agrumi-durante-linverno\\\/\"},\"wordCount\":834,\"image\":{\"@id\":\"https:\\\/\\\/www.mivsrl.com\\\/it\\\/porte-della-cella-frigorifera-la-chiave-per-conservare-al-meglio-gli-agrumi-durante-linverno\\\/#primaryimage\"},\"thumbnailUrl\":\"https:\\\/\\\/www.mivsrl.com\\\/wp-content\\\/uploads\\\/2026\\\/01\\\/porta-per-la-refrigerazione-industriale-conservazione-agrumi-ITA.webp\",\"keywords\":[\"porte per la refrigerazione industriale\",\"cella frigorifera\"],\"articleSection\":[\"News\"],\"inLanguage\":\"it-IT\"},{\"@type\":\"WebPage\",\"@id\":\"https:\\\/\\\/www.mivsrl.com\\\/it\\\/porte-della-cella-frigorifera-la-chiave-per-conservare-al-meglio-gli-agrumi-durante-linverno\\\/\",\"url\":\"https:\\\/\\\/www.mivsrl.com\\\/it\\\/porte-della-cella-frigorifera-la-chiave-per-conservare-al-meglio-gli-agrumi-durante-linverno\\\/\",\"name\":\"Porte della cella frigorifera: La chiave per conservare al meglio gli agrumi durante l'inverno\",\"isPartOf\":{\"@id\":\"https:\\\/\\\/www.mivsrl.com\\\/it\\\/#website\"},\"primaryImageOfPage\":{\"@id\":\"https:\\\/\\\/www.mivsrl.com\\\/it\\\/porte-della-cella-frigorifera-la-chiave-per-conservare-al-meglio-gli-agrumi-durante-linverno\\\/#primaryimage\"},\"image\":{\"@id\":\"https:\\\/\\\/www.mivsrl.com\\\/it\\\/porte-della-cella-frigorifera-la-chiave-per-conservare-al-meglio-gli-agrumi-durante-linverno\\\/#primaryimage\"},\"thumbnailUrl\":\"https:\\\/\\\/www.mivsrl.com\\\/wp-content\\\/uploads\\\/2026\\\/01\\\/porta-per-la-refrigerazione-industriale-conservazione-agrumi-ITA.webp\",\"datePublished\":\"2026-01-15T07:00:07+00:00\",\"dateModified\":\"2026-01-15T10:49:04+00:00\",\"author\":{\"@id\":\"https:\\\/\\\/www.mivsrl.com\\\/it\\\/#\\\/schema\\\/person\\\/4e8a1c32154b2708fd8b484357dbe086\"},\"description\":\"Porte della cella frigorifera: Il segreto per conservare al meglio gli agrumi durante l'inverno\",\"breadcrumb\":{\"@id\":\"https:\\\/\\\/www.mivsrl.com\\\/it\\\/porte-della-cella-frigorifera-la-chiave-per-conservare-al-meglio-gli-agrumi-durante-linverno\\\/#breadcrumb\"},\"inLanguage\":\"it-IT\",\"potentialAction\":[{\"@type\":\"ReadAction\",\"target\":[\"https:\\\/\\\/www.mivsrl.com\\\/it\\\/porte-della-cella-frigorifera-la-chiave-per-conservare-al-meglio-gli-agrumi-durante-linverno\\\/\"]}]},{\"@type\":\"ImageObject\",\"inLanguage\":\"it-IT\",\"@id\":\"https:\\\/\\\/www.mivsrl.com\\\/it\\\/porte-della-cella-frigorifera-la-chiave-per-conservare-al-meglio-gli-agrumi-durante-linverno\\\/#primaryimage\",\"url\":\"https:\\\/\\\/www.mivsrl.com\\\/wp-content\\\/uploads\\\/2026\\\/01\\\/porta-per-la-refrigerazione-industriale-conservazione-agrumi-ITA.webp\",\"contentUrl\":\"https:\\\/\\\/www.mivsrl.com\\\/wp-content\\\/uploads\\\/2026\\\/01\\\/porta-per-la-refrigerazione-industriale-conservazione-agrumi-ITA.webp\",\"width\":1152,\"height\":864,\"caption\":\"porta-per-la-refrigerazione-industriale-conservazione-agrumi-ITA\"},{\"@type\":\"BreadcrumbList\",\"@id\":\"https:\\\/\\\/www.mivsrl.com\\\/it\\\/porte-della-cella-frigorifera-la-chiave-per-conservare-al-meglio-gli-agrumi-durante-linverno\\\/#breadcrumb\",\"itemListElement\":[{\"@type\":\"ListItem\",\"position\":1,\"name\":\"Home\",\"item\":\"https:\\\/\\\/www.mivsrl.com\\\/it\\\/\"},{\"@type\":\"ListItem\",\"position\":2,\"name\":\"Porte della cella frigorifera: La chiave per conservare al meglio gli agrumi durante l&#8217;inverno\"}]},{\"@type\":\"WebSite\",\"@id\":\"https:\\\/\\\/www.mivsrl.com\\\/it\\\/#website\",\"url\":\"https:\\\/\\\/www.mivsrl.com\\\/it\\\/\",\"name\":\"Miv Insulating Systems\",\"description\":\"Produzione di porte e accessori per celle frigorifere\",\"potentialAction\":[{\"@type\":\"SearchAction\",\"target\":{\"@type\":\"EntryPoint\",\"urlTemplate\":\"https:\\\/\\\/www.mivsrl.com\\\/it\\\/?s={search_term_string}\"},\"query-input\":{\"@type\":\"PropertyValueSpecification\",\"valueRequired\":true,\"valueName\":\"search_term_string\"}}],\"inLanguage\":\"it-IT\"},{\"@type\":\"Person\",\"@id\":\"https:\\\/\\\/www.mivsrl.com\\\/it\\\/#\\\/schema\\\/person\\\/4e8a1c32154b2708fd8b484357dbe086\",\"name\":\"MIV MIV\",\"image\":{\"@type\":\"ImageObject\",\"inLanguage\":\"it-IT\",\"@id\":\"https:\\\/\\\/secure.gravatar.com\\\/avatar\\\/d5a92c82723df6a9a56e6a4a06540e520f40713d201b7a31651098f34eb43f7d?s=96&d=mm&r=g\",\"url\":\"https:\\\/\\\/secure.gravatar.com\\\/avatar\\\/d5a92c82723df6a9a56e6a4a06540e520f40713d201b7a31651098f34eb43f7d?s=96&d=mm&r=g\",\"contentUrl\":\"https:\\\/\\\/secure.gravatar.com\\\/avatar\\\/d5a92c82723df6a9a56e6a4a06540e520f40713d201b7a31651098f34eb43f7d?s=96&d=mm&r=g\",\"caption\":\"MIV MIV\"},\"url\":\"https:\\\/\\\/www.mivsrl.com\\\/it\\\/author\\\/miv\\\/\"}]}<\/script>\n<!-- \/ Yoast SEO plugin. -->","yoast_head_json":{"title":"Porte della cella frigorifera: La chiave per conservare al meglio gli agrumi durante l'inverno","description":"Porte della cella frigorifera: Il segreto per conservare al meglio gli agrumi durante l'inverno","robots":{"index":"index","follow":"follow","max-snippet":"max-snippet:-1","max-image-preview":"max-image-preview:large","max-video-preview":"max-video-preview:-1"},"canonical":"https:\/\/www.mivsrl.com\/it\/porte-della-cella-frigorifera-la-chiave-per-conservare-al-meglio-gli-agrumi-durante-linverno\/","og_locale":"it_IT","og_type":"article","og_title":"Porte della cella frigorifera: La chiave per conservare al meglio gli agrumi durante l'inverno","og_description":"Porte della cella frigorifera: Il segreto per conservare al meglio gli agrumi durante l'inverno","og_url":"https:\/\/www.mivsrl.com\/it\/porte-della-cella-frigorifera-la-chiave-per-conservare-al-meglio-gli-agrumi-durante-linverno\/","og_site_name":"Miv Insulating Systems","article_publisher":"https:\/\/www.facebook.com\/mivrefrigeration","article_published_time":"2026-01-15T07:00:07+00:00","article_modified_time":"2026-01-15T10:49:04+00:00","og_image":[{"width":1152,"height":864,"url":"https:\/\/www.mivsrl.com\/wp-content\/uploads\/2026\/01\/porta-per-la-refrigerazione-industriale-conservazione-agrumi-ITA.webp","type":"image\/webp"}],"author":"MIV MIV","twitter_card":"summary_large_image","twitter_misc":{"Scritto da":"MIV MIV","Tempo di lettura stimato":"5 minuti"},"schema":{"@context":"https:\/\/schema.org","@graph":[{"@type":"Article","@id":"https:\/\/www.mivsrl.com\/it\/porte-della-cella-frigorifera-la-chiave-per-conservare-al-meglio-gli-agrumi-durante-linverno\/#article","isPartOf":{"@id":"https:\/\/www.mivsrl.com\/it\/porte-della-cella-frigorifera-la-chiave-per-conservare-al-meglio-gli-agrumi-durante-linverno\/"},"author":{"name":"MIV MIV","@id":"https:\/\/www.mivsrl.com\/it\/#\/schema\/person\/4e8a1c32154b2708fd8b484357dbe086"},"headline":"Porte della cella frigorifera: La chiave per conservare al meglio gli agrumi durante l&#8217;inverno","datePublished":"2026-01-15T07:00:07+00:00","dateModified":"2026-01-15T10:49:04+00:00","mainEntityOfPage":{"@id":"https:\/\/www.mivsrl.com\/it\/porte-della-cella-frigorifera-la-chiave-per-conservare-al-meglio-gli-agrumi-durante-linverno\/"},"wordCount":834,"image":{"@id":"https:\/\/www.mivsrl.com\/it\/porte-della-cella-frigorifera-la-chiave-per-conservare-al-meglio-gli-agrumi-durante-linverno\/#primaryimage"},"thumbnailUrl":"https:\/\/www.mivsrl.com\/wp-content\/uploads\/2026\/01\/porta-per-la-refrigerazione-industriale-conservazione-agrumi-ITA.webp","keywords":["porte per la refrigerazione industriale","cella frigorifera"],"articleSection":["News"],"inLanguage":"it-IT"},{"@type":"WebPage","@id":"https:\/\/www.mivsrl.com\/it\/porte-della-cella-frigorifera-la-chiave-per-conservare-al-meglio-gli-agrumi-durante-linverno\/","url":"https:\/\/www.mivsrl.com\/it\/porte-della-cella-frigorifera-la-chiave-per-conservare-al-meglio-gli-agrumi-durante-linverno\/","name":"Porte della cella frigorifera: La chiave per conservare al meglio gli agrumi durante l'inverno","isPartOf":{"@id":"https:\/\/www.mivsrl.com\/it\/#website"},"primaryImageOfPage":{"@id":"https:\/\/www.mivsrl.com\/it\/porte-della-cella-frigorifera-la-chiave-per-conservare-al-meglio-gli-agrumi-durante-linverno\/#primaryimage"},"image":{"@id":"https:\/\/www.mivsrl.com\/it\/porte-della-cella-frigorifera-la-chiave-per-conservare-al-meglio-gli-agrumi-durante-linverno\/#primaryimage"},"thumbnailUrl":"https:\/\/www.mivsrl.com\/wp-content\/uploads\/2026\/01\/porta-per-la-refrigerazione-industriale-conservazione-agrumi-ITA.webp","datePublished":"2026-01-15T07:00:07+00:00","dateModified":"2026-01-15T10:49:04+00:00","author":{"@id":"https:\/\/www.mivsrl.com\/it\/#\/schema\/person\/4e8a1c32154b2708fd8b484357dbe086"},"description":"Porte della cella frigorifera: Il segreto per conservare al meglio gli agrumi durante l'inverno","breadcrumb":{"@id":"https:\/\/www.mivsrl.com\/it\/porte-della-cella-frigorifera-la-chiave-per-conservare-al-meglio-gli-agrumi-durante-linverno\/#breadcrumb"},"inLanguage":"it-IT","potentialAction":[{"@type":"ReadAction","target":["https:\/\/www.mivsrl.com\/it\/porte-della-cella-frigorifera-la-chiave-per-conservare-al-meglio-gli-agrumi-durante-linverno\/"]}]},{"@type":"ImageObject","inLanguage":"it-IT","@id":"https:\/\/www.mivsrl.com\/it\/porte-della-cella-frigorifera-la-chiave-per-conservare-al-meglio-gli-agrumi-durante-linverno\/#primaryimage","url":"https:\/\/www.mivsrl.com\/wp-content\/uploads\/2026\/01\/porta-per-la-refrigerazione-industriale-conservazione-agrumi-ITA.webp","contentUrl":"https:\/\/www.mivsrl.com\/wp-content\/uploads\/2026\/01\/porta-per-la-refrigerazione-industriale-conservazione-agrumi-ITA.webp","width":1152,"height":864,"caption":"porta-per-la-refrigerazione-industriale-conservazione-agrumi-ITA"},{"@type":"BreadcrumbList","@id":"https:\/\/www.mivsrl.com\/it\/porte-della-cella-frigorifera-la-chiave-per-conservare-al-meglio-gli-agrumi-durante-linverno\/#breadcrumb","itemListElement":[{"@type":"ListItem","position":1,"name":"Home","item":"https:\/\/www.mivsrl.com\/it\/"},{"@type":"ListItem","position":2,"name":"Porte della cella frigorifera: La chiave per conservare al meglio gli agrumi durante l&#8217;inverno"}]},{"@type":"WebSite","@id":"https:\/\/www.mivsrl.com\/it\/#website","url":"https:\/\/www.mivsrl.com\/it\/","name":"Miv Insulating Systems","description":"Produzione di porte e accessori per celle frigorifere","potentialAction":[{"@type":"SearchAction","target":{"@type":"EntryPoint","urlTemplate":"https:\/\/www.mivsrl.com\/it\/?s={search_term_string}"},"query-input":{"@type":"PropertyValueSpecification","valueRequired":true,"valueName":"search_term_string"}}],"inLanguage":"it-IT"},{"@type":"Person","@id":"https:\/\/www.mivsrl.com\/it\/#\/schema\/person\/4e8a1c32154b2708fd8b484357dbe086","name":"MIV MIV","image":{"@type":"ImageObject","inLanguage":"it-IT","@id":"https:\/\/secure.gravatar.com\/avatar\/d5a92c82723df6a9a56e6a4a06540e520f40713d201b7a31651098f34eb43f7d?s=96&d=mm&r=g","url":"https:\/\/secure.gravatar.com\/avatar\/d5a92c82723df6a9a56e6a4a06540e520f40713d201b7a31651098f34eb43f7d?s=96&d=mm&r=g","contentUrl":"https:\/\/secure.gravatar.com\/avatar\/d5a92c82723df6a9a56e6a4a06540e520f40713d201b7a31651098f34eb43f7d?s=96&d=mm&r=g","caption":"MIV MIV"},"url":"https:\/\/www.mivsrl.com\/it\/author\/miv\/"}]}},"_links":{"self":[{"href":"https:\/\/www.mivsrl.com\/it\/wp-json\/wp\/v2\/posts\/43659","targetHints":{"allow":["GET"]}}],"collection":[{"href":"https:\/\/www.mivsrl.com\/it\/wp-json\/wp\/v2\/posts"}],"about":[{"href":"https:\/\/www.mivsrl.com\/it\/wp-json\/wp\/v2\/types\/post"}],"author":[{"embeddable":true,"href":"https:\/\/www.mivsrl.com\/it\/wp-json\/wp\/v2\/users\/32"}],"replies":[{"embeddable":true,"href":"https:\/\/www.mivsrl.com\/it\/wp-json\/wp\/v2\/comments?post=43659"}],"version-history":[{"count":0,"href":"https:\/\/www.mivsrl.com\/it\/wp-json\/wp\/v2\/posts\/43659\/revisions"}],"wp:featuredmedia":[{"embeddable":true,"href":"https:\/\/www.mivsrl.com\/it\/wp-json\/wp\/v2\/media\/43981"}],"wp:attachment":[{"href":"https:\/\/www.mivsrl.com\/it\/wp-json\/wp\/v2\/media?parent=43659"}],"wp:term":[{"taxonomy":"category","embeddable":true,"href":"https:\/\/www.mivsrl.com\/it\/wp-json\/wp\/v2\/categories?post=43659"},{"taxonomy":"post_tag","embeddable":true,"href":"https:\/\/www.mivsrl.com\/it\/wp-json\/wp\/v2\/tags?post=43659"}],"curies":[{"name":"wp","href":"https:\/\/api.w.org\/{rel}","templated":true}]}}