{"id":44616,"date":"2026-04-23T09:03:28","date_gmt":"2026-04-23T07:03:28","guid":{"rendered":"https:\/\/www.mivsrl.com\/?p=44616"},"modified":"2026-04-23T09:03:28","modified_gmt":"2026-04-23T07:03:28","slug":"catena-del-freddo-senza-interruzioni-il-ruolo-strategico-delle-porte-per-celle-frigorifere","status":"publish","type":"post","link":"https:\/\/www.mivsrl.com\/it\/catena-del-freddo-senza-interruzioni-il-ruolo-strategico-delle-porte-per-celle-frigorifere\/","title":{"rendered":"Catena del freddo senza interruzioni: il ruolo strategico delle porte per celle frigorifere"},"content":{"rendered":"\t\t<div data-elementor-type=\"wp-post\" data-elementor-id=\"44616\" class=\"elementor elementor-44616\">\n\t\t\t\t\t\t<section class=\"wd-negative-gap elementor-section elementor-top-section elementor-element elementor-element-781b7d5 elementor-section-boxed elementor-section-height-default elementor-section-height-default wd-section-disabled\" data-id=\"781b7d5\" data-element_type=\"section\" data-e-type=\"section\">\n\t\t\t\t\t\t<div class=\"elementor-container elementor-column-gap-default\">\n\t\t\t\t\t<div class=\"elementor-column elementor-col-100 elementor-top-column elementor-element elementor-element-dd21247\" data-id=\"dd21247\" data-element_type=\"column\" data-e-type=\"column\">\n\t\t\t<div class=\"elementor-widget-wrap elementor-element-populated\">\n\t\t\t\t\t\t<div class=\"elementor-element elementor-element-4e19ea2 elementor-widget elementor-widget-wd_text_block\" data-id=\"4e19ea2\" data-element_type=\"widget\" data-e-type=\"widget\" data-widget_type=\"wd_text_block.default\">\n\t\t\t\t<div class=\"elementor-widget-container\">\n\t\t\t\t\t\t\t<div class=\"wd-text-block reset-last-child text-left\">\n\t\t\t\n\t\t\t<h1>Catena del freddo e logistica alimentare<\/h1><p>La catena del freddo \u00e8 il cuore pulsante della logistica alimentare e farmaceutica moderna. Ogni volta che un prodotto deperibile viene prodotto, trasportato o stoccato, la temperatura deve essere mantenuta costante per preservarne qualit\u00e0, sicurezza e valore commerciale. In questo scenario, le\u00a0<strong>porte per celle frigorifere<\/strong>\u00a0giocano un ruolo tutt'altro che marginale: sono il confine fisico tra l'ambiente controllato e il mondo esterno, tra l'efficienza energetica e lo spreco, tra un prodotto perfetto e una merce compromessa. MIV progetta e realizza soluzioni su misura per ogni tipologia di ambiente refrigerato, offrendo chiusure in grado di garantire continuit\u00e0 termica, igiene e durata nel tempo.<\/p>\n\t\t\t\t\t<\/div>\n\t\t\t\t\t\t<\/div>\n\t\t\t\t<\/div>\n\t\t\t\t\t<\/div>\n\t\t<\/div>\n\t\t\t\t\t<\/div>\n\t\t<\/section>\n\t\t\t\t<section class=\"wd-negative-gap elementor-section elementor-top-section elementor-element elementor-element-d06950f elementor-section-boxed elementor-section-height-default elementor-section-height-default wd-section-disabled\" data-id=\"d06950f\" data-element_type=\"section\" data-e-type=\"section\">\n\t\t\t\t\t\t<div class=\"elementor-container elementor-column-gap-default\">\n\t\t\t\t\t<div class=\"elementor-column elementor-col-100 elementor-top-column elementor-element elementor-element-b94e9bb\" data-id=\"b94e9bb\" data-element_type=\"column\" data-e-type=\"column\">\n\t\t\t<div class=\"elementor-widget-wrap elementor-element-populated\">\n\t\t\t\t\t\t<div class=\"elementor-element elementor-element-7dfbb4f elementor-widget elementor-widget-wd_text_block\" data-id=\"7dfbb4f\" data-element_type=\"widget\" data-e-type=\"widget\" data-widget_type=\"wd_text_block.default\">\n\t\t\t\t<div class=\"elementor-widget-container\">\n\t\t\t\t\t\t\t<div class=\"wd-text-block reset-last-child text-left\">\n\t\t\t\n\t\t\t<h2>Perch\u00e9 la continuit\u00e0 termica \u00e8 il vero segreto della catena del freddo: il ruolo delle porte per celle frigorifere<\/h2><p>La catena del freddo non \u00e8 semplicemente l'insieme di frigoriferi, celle e camion refrigerati che compongono la filiera: \u00e8 un sistema integrato che funziona correttamente solo se ogni suo anello mantiene le medesime condizioni termiche. Anche una breve interruzione della temperatura pu\u00f2 causare danni irreversibili ai prodotti trasportati, con conseguenze che vanno dal deterioramento organolettico fino al rischio sanitario vero e proprio. Frutta, verdura, carni, pesce, latticini, gelati, farmaci e vaccini richiedono range termici precisi, spesso con tolleranze minime. Un frammento di pochi gradi in eccesso o in difetto pu\u00f2 compromettere intere partite di merce. \u00c8 qui che entrano in gioco le\u00a0<strong>porte per celle frigorifere<\/strong>, elementi spesso sottovalutati ma assolutamente centrali nella stabilit\u00e0 termica di un impianto.<br \/><br \/><\/p><p>Ogni apertura di una cella frigorifera comporta uno scambio d'aria con l'ambiente esterno: aria calda e umida entra, aria fredda esce. Se le porte non sono progettate correttamente, questo scambio diventa rapido, continuo e difficilmente compensabile dagli impianti di refrigerazione, che iniziano a lavorare in sovraccarico. Il risultato \u00e8 una doppia penalizzazione: da un lato aumentano i consumi energetici, dall'altro diminuisce la qualit\u00e0 della conservazione. MIV progetta\u00a0<strong>porte per celle frigorifere<\/strong>\u00a0con pannelli isolanti ad alta densit\u00e0, guarnizioni perimetrali ad elevata tenuta e sistemi di chiusura automatica che riducono al minimo il tempo di apertura. In ambienti a temperature negative, ad esempio nelle celle di surgelazione, il dettaglio di una guarnizione perfetta pu\u00f2 tradursi in un risparmio energetico rilevante su base annua.<\/p><p>La continuit\u00e0 termica non dipende solo dalla potenza dei gruppi frigoriferi, ma dalla capacit\u00e0 dell'involucro di trattenere il freddo prodotto. Pareti, pavimenti, soffitti e porte lavorano come un'unica membrana isolante. Se anche un solo elemento \u00e8 debole, tutto il sistema ne soffre. Per questo scegliere porte di alta qualit\u00e0 significa investire direttamente nella qualit\u00e0 del prodotto finale e nella reputazione dell'intera filiera.<\/p>\n\t\t\t\t\t<\/div>\n\t\t\t\t\t\t<\/div>\n\t\t\t\t<\/div>\n\t\t\t\t\t<\/div>\n\t\t<\/div>\n\t\t\t\t\t<\/div>\n\t\t<\/section>\n\t\t\t\t<section class=\"wd-negative-gap elementor-section elementor-top-section elementor-element elementor-element-3b1ce90 elementor-section-boxed elementor-section-height-default elementor-section-height-default wd-section-disabled\" data-id=\"3b1ce90\" data-element_type=\"section\" data-e-type=\"section\">\n\t\t\t\t\t\t<div class=\"elementor-container elementor-column-gap-default\">\n\t\t\t\t\t<div class=\"elementor-column elementor-col-100 elementor-top-column elementor-element elementor-element-6373025\" data-id=\"6373025\" data-element_type=\"column\" data-e-type=\"column\">\n\t\t\t<div class=\"elementor-widget-wrap elementor-element-populated\">\n\t\t\t\t\t\t<div class=\"elementor-element elementor-element-557dc0b elementor-widget elementor-widget-wd_text_block\" data-id=\"557dc0b\" data-element_type=\"widget\" data-e-type=\"widget\" data-widget_type=\"wd_text_block.default\">\n\t\t\t\t<div class=\"elementor-widget-container\">\n\t\t\t\t\t\t\t<div class=\"wd-text-block reset-last-child text-left\">\n\t\t\t\n\t\t\t<h2>Efficienza energetica e sostenibilit\u00e0: come le porte per celle frigorifere riducono i consumi<\/h2><p>Il tema dell'efficienza energetica \u00e8 diventato cruciale per tutte le aziende che operano nella filiera del freddo. I costi dell'energia, insieme alle sempre pi\u00f9 stringenti normative europee sulla sostenibilit\u00e0, impongono agli operatori di ottimizzare ogni aspetto dell'impianto. In questo contesto, le&nbsp;<strong>porte per celle frigorifere<\/strong>&nbsp;rappresentano una delle leve pi\u00f9 efficaci su cui agire, spesso con un rapporto costi-benefici sorprendentemente vantaggioso.<br><br><\/p><p>Immaginiamo un magazzino di distribuzione alimentare in cui le porte si aprono e chiudono centinaia di volte al giorno. Ogni apertura, se prolungata o inefficace, si traduce in un flusso di aria calda che obbliga i compressori a lavorare di pi\u00f9. Secondo stime del settore, una porta rapida installata al posto di una chiusura tradizionale pu\u00f2 ridurre le dispersioni fino al 70%, con un impatto diretto sui consumi elettrici. Non si tratta solo di risparmio economico: \u00e8 un contributo concreto alla riduzione delle emissioni di CO\u2082 e al raggiungimento degli obiettivi di sostenibilit\u00e0 aziendale. MIV offre una gamma completa di&nbsp;<strong>porte per celle frigorifere<\/strong>&nbsp;pensata proprio per rispondere a queste esigenze, con soluzioni scorrevoli, battenti, rapide a impacchettamento verticale e porte con vetrature ermetiche per ambienti espositivi.<\/p><p>Un altro aspetto fondamentale riguarda la manutenzione e la durata nel tempo. Una porta ben progettata mantiene le proprie prestazioni anche dopo anni di uso intensivo, senza deformazioni, perdite di tenuta o malfunzionamenti meccanici. Le&nbsp;<strong>porte per celle frigorifere<\/strong>&nbsp;MIV sono costruite con materiali resistenti alla corrosione, all'umidit\u00e0 e agli shock termici tipici degli ambienti industriali. Ci\u00f2 significa meno fermi macchina, meno interventi di riparazione e, in ultima analisi, una maggiore redditivit\u00e0 dell'impianto.<\/p><p>Va considerato infine l'aspetto legato al comfort e alla sicurezza degli operatori. Porte automatiche, sensori di presenza e sistemi antischiacciamento non solo migliorano l'efficienza operativa, ma tutelano anche il personale che lavora in condizioni estreme. L'efficienza, quindi, non \u00e8 mai solo una questione di kilowatt risparmiati: \u00e8 un concetto che abbraccia anche la qualit\u00e0 dell'ambiente lavorativo.<span style=\"font-size: 15.4px;\"><\/span><\/p>\n\t\t\t\t\t<\/div>\n\t\t\t\t\t\t<\/div>\n\t\t\t\t<\/div>\n\t\t\t\t\t<\/div>\n\t\t<\/div>\n\t\t\t\t\t<\/div>\n\t\t<\/section>\n\t\t\t\t<section class=\"wd-negative-gap elementor-section elementor-top-section elementor-element elementor-element-20ca568 elementor-section-boxed elementor-section-height-default elementor-section-height-default wd-section-disabled\" data-id=\"20ca568\" data-element_type=\"section\" data-e-type=\"section\">\n\t\t\t\t\t\t<div class=\"elementor-container elementor-column-gap-default\">\n\t\t\t\t\t<div class=\"elementor-column elementor-col-100 elementor-top-column elementor-element elementor-element-bb8e7fe\" data-id=\"bb8e7fe\" data-element_type=\"column\" data-e-type=\"column\">\n\t\t\t<div class=\"elementor-widget-wrap elementor-element-populated\">\n\t\t\t\t\t\t<div class=\"elementor-element elementor-element-1a96b30 elementor-widget elementor-widget-wd_products\" data-id=\"1a96b30\" data-element_type=\"widget\" data-e-type=\"widget\" data-widget_type=\"wd_products.default\">\n\t\t\t\t<div class=\"elementor-widget-container\">\n\t\t\t\t\t\t\t\t\t\t<div class=\"wd-products-element\">\n\n\t\t\t\n\t\t\t\n\t\t\t<div class=\"products elements-grid row wd-products-holder pagination- wd-spacing-20 grid-columns-2 grid-masonry align-items-start\" data-paged=\"1\" data-atts=\"{&quot;element_title&quot;:&quot;&quot;,&quot;title_alignment&quot;:&quot;left&quot;,&quot;query_post_type&quot;:&quot;product&quot;,&quot;post_type&quot;:&quot;ids&quot;,&quot;include&quot;:[&quot;32518&quot;,&quot;28658&quot;],&quot;taxonomies&quot;:null,&quot;offset&quot;:null,&quot;orderby&quot;:&quot;&quot;,&quot;query_type&quot;:&quot;OR&quot;,&quot;order&quot;:null,&quot;meta_key&quot;:null,&quot;exclude&quot;:null,&quot;shop_tools&quot;:null,&quot;hide_out_of_stock&quot;:&quot;no&quot;,&quot;ajax_recently_viewed&quot;:null,&quot;speed&quot;:null,&quot;slides_per_view&quot;:null,&quot;slides_per_view_tablet&quot;:{&quot;size&quot;:&quot;&quot;},&quot;slides_per_view_mobile&quot;:{&quot;size&quot;:&quot;&quot;},&quot;wrap&quot;:null,&quot;autoplay&quot;:null,&quot;center_mode&quot;:null,&quot;hide_pagination_control&quot;:null,&quot;hide_prev_next_buttons&quot;:null,&quot;scroll_per_page&quot;:null,&quot;layout&quot;:&quot;grid&quot;,&quot;pagination&quot;:&quot;&quot;,&quot;items_per_page&quot;:12,&quot;spacing&quot;:&quot;20&quot;,&quot;columns&quot;:{&quot;unit&quot;:&quot;px&quot;,&quot;size&quot;:2,&quot;sizes&quot;:[]},&quot;columns_tablet&quot;:{&quot;size&quot;:&quot;&quot;},&quot;columns_mobile&quot;:{&quot;size&quot;:&quot;&quot;},&quot;products_masonry&quot;:&quot;&quot;,&quot;products_different_sizes&quot;:&quot;&quot;,&quot;product_quantity&quot;:&quot;&quot;,&quot;product_hover&quot;:&quot;inherit&quot;,&quot;sale_countdown&quot;:&quot;0&quot;,&quot;stretch_product&quot;:null,&quot;stretch_product_tablet&quot;:0,&quot;stretch_product_mobile&quot;:0,&quot;stock_progress_bar&quot;:&quot;0&quot;,&quot;highlighted_products&quot;:&quot;0&quot;,&quot;products_bordered_grid&quot;:&quot;0&quot;,&quot;products_bordered_grid_style&quot;:null,&quot;img_size&quot;:&quot;large&quot;,&quot;img_size_custom&quot;:null,&quot;ajax_page&quot;:&quot;&quot;,&quot;force_not_ajax&quot;:&quot;no&quot;,&quot;lazy_loading&quot;:&quot;no&quot;,&quot;scroll_carousel_init&quot;:null,&quot;custom_sizes&quot;:false,&quot;elementor&quot;:true}\" data-source=\"shortcode\" data-columns=\"2\">\n\t\t\n\t\t\n\t\t\t\t\t\t\t\t<div class=\"product-grid-item product wd-hover-alt  col-lg-6 col-md-6 col-6 first  type-product post-23312 status-publish instock product_cat-porte product_cat-tipo-di-applicazione-pannello-porte-temperatura-positiva-da-0-a-4c-chiller product_cat-porte-temperatura-positiva-da-0-a-4c-chiller product_cat-porte-scorrevoli product_tag-porte-celle-frigorifere-scorrevoli has-post-thumbnail shipping-taxable product-type-simple\" data-loop=\"1\" data-id=\"23312\">\n\t\n\t\n<div class=\"product-wrapper\">\n\t<div class=\"product-element-top wd-quick-shop\">\n\t\t<a href=\"https:\/\/www.mivsrl.com\/it\/prodotto\/porta-frigorifera-industriale-scorrevole-per-temperatura-positiva-900p\/\" class=\"product-image-link\">\n\t\t\t<img fetchpriority=\"high\" decoding=\"async\" width=\"1024\" height=\"1024\" src=\"https:\/\/www.mivsrl.com\/wp-content\/themes\/woodmart\/images\/lazy.png\" class=\"attachment-large size-large wp-image-23314 wd-lazy-load wd-lazy-fade\" alt=\"porta-cella-frigorifera-industriale\" srcset=\"\" sizes=\"(max-width: 1024px) 100vw, 1024px\" data-wood-src=\"https:\/\/www.mivsrl.com\/wp-content\/uploads\/2023\/04\/porta-cella-frigorifera-industriale-900-P-M-1024x1024.webp\" data-srcset=\"https:\/\/www.mivsrl.com\/wp-content\/uploads\/2023\/04\/porta-cella-frigorifera-industriale-900-P-M-1024x1024.webp 1024w, https:\/\/www.mivsrl.com\/wp-content\/uploads\/2023\/04\/porta-cella-frigorifera-industriale-900-P-M-300x300.webp 300w, https:\/\/www.mivsrl.com\/wp-content\/uploads\/2023\/04\/porta-cella-frigorifera-industriale-900-P-M-150x150.webp 150w, https:\/\/www.mivsrl.com\/wp-content\/uploads\/2023\/04\/porta-cella-frigorifera-industriale-900-P-M-600x600.webp 600w, https:\/\/www.mivsrl.com\/wp-content\/uploads\/2023\/04\/porta-cella-frigorifera-industriale-900-P-M-768x768.webp 768w, https:\/\/www.mivsrl.com\/wp-content\/uploads\/2023\/04\/porta-cella-frigorifera-industriale-900-P-M.webp 1200w\" \/>\t\t<\/a>\n\t\t\t\t\t<div class=\"hover-img\">\n\t\t\t\t<a href=\"https:\/\/www.mivsrl.com\/it\/prodotto\/porta-frigorifera-industriale-scorrevole-per-temperatura-positiva-900p\/\">\n\t\t\t\t\t<img decoding=\"async\" width=\"1024\" height=\"916\" src=\"https:\/\/www.mivsrl.com\/wp-content\/themes\/woodmart\/images\/lazy.png\" class=\"attachment-large size-large wp-image-23315 wd-lazy-load wd-lazy-fade\" alt=\"porta-cella-frigorifera-industriale\" srcset=\"\" sizes=\"(max-width: 1024px) 100vw, 1024px\" data-wood-src=\"https:\/\/www.mivsrl.com\/wp-content\/uploads\/2023\/04\/porta-cella-frigorifera-industriale-HANDLE-DETAIL-900-M-P-3-1024x916.webp\" data-srcset=\"https:\/\/www.mivsrl.com\/wp-content\/uploads\/2023\/04\/porta-cella-frigorifera-industriale-HANDLE-DETAIL-900-M-P-3-1024x916.webp 1024w, https:\/\/www.mivsrl.com\/wp-content\/uploads\/2023\/04\/porta-cella-frigorifera-industriale-HANDLE-DETAIL-900-M-P-3-150x134.webp 150w, https:\/\/www.mivsrl.com\/wp-content\/uploads\/2023\/04\/porta-cella-frigorifera-industriale-HANDLE-DETAIL-900-M-P-3-600x537.webp 600w, https:\/\/www.mivsrl.com\/wp-content\/uploads\/2023\/04\/porta-cella-frigorifera-industriale-HANDLE-DETAIL-900-M-P-3-300x268.webp 300w, https:\/\/www.mivsrl.com\/wp-content\/uploads\/2023\/04\/porta-cella-frigorifera-industriale-HANDLE-DETAIL-900-M-P-3-768x687.webp 768w, https:\/\/www.mivsrl.com\/wp-content\/uploads\/2023\/04\/porta-cella-frigorifera-industriale-HANDLE-DETAIL-900-M-P-3.webp 1200w\" \/>\t\t\t\t<\/a>\n\t\t\t<\/div>\n\t\t\t\t\t<div class=\"wd-buttons wd-pos-r-t\">\n\t\t\t\t\t\t\t\t<div class=\"quick-view wd-action-btn wd-style-icon wd-quick-view-icon\">\n\t\t\t<a\n\t\t\t\thref=\"https:\/\/www.mivsrl.com\/it\/prodotto\/porta-frigorifera-industriale-scorrevole-per-temperatura-positiva-900p\/\"\n\t\t\t\tclass=\"open-quick-view quick-view-button\"\n\t\t\t\trel=\"nofollow\"\n\t\t\t\tdata-id=\"23312\"\n\t\t\t\t>Quick view<\/a>\n\t\t<\/div>\n\t\t\t\t\t\t\t<\/div>\n\t<\/div>\n\n\t\t\t<h3 class=\"wd-entities-title\"><a href=\"https:\/\/www.mivsrl.com\/it\/prodotto\/porta-frigorifera-industriale-scorrevole-per-temperatura-positiva-900p\/\">PORTA FRIGORIFERA INDUSTRIALE SCORREVOLE PER TEMPERATURA POSITIVA 900P<\/a><\/h3>\t\t\t\t<div class=\"wd-product-cats\">\n\t\t\t<a href=\"https:\/\/www.mivsrl.com\/it\/categoria-prodotto\/porte\/porte-scorrevoli\/porte-temperatura-positiva-da-0-a-4c-chiller\/\" rel=\"tag\">Porte temperatura positiva da 0 a +4\u00b0C Chiller<\/a>, <a href=\"https:\/\/www.mivsrl.com\/it\/categoria-prodotto\/porte\/porte-scorrevoli\/porte-temperatura-positiva-da-0-a-4c-chiller\/tipo-di-applicazione-pannello-porte-temperatura-positiva-da-0-a-4c-chiller\/\" rel=\"tag\">Tipo di applicazione pannello<\/a>, <a href=\"https:\/\/www.mivsrl.com\/it\/categoria-prodotto\/porte\/porte-scorrevoli\/\" rel=\"tag\">Porte per celle frigorifere Scorrevoli<\/a>, <a href=\"https:\/\/www.mivsrl.com\/it\/categoria-prodotto\/porte\/\" rel=\"tag\">Porte<\/a>\t\t<\/div>\n\t\t\t\t<div class=\"wrap-price\">\n\t\t\t<div class=\"swap-wrapp\">\n\t\t\t\t<div class=\"swap-elements\">\n\t\t\t\t\t\t\t\t\t\t\n\t\t\t\t\t<div class=\"wd-add-btn\">\n\t\t\t\t\t\t\t\t\t\t\t<\/div>\n\t\t\t\t<\/div>\n\t\t\t<\/div>\n\t\t\t\t\t<\/div>\n\n\t\t\n\t\t\n\t\t\t<\/div><\/div>\n\t\t\t\t\t\t\t\t<div class=\"product-grid-item product wd-hover-alt  col-lg-6 col-md-6 col-6 last  type-product post-23048 status-publish instock product_cat-porte product_cat-porte-temperatura-positiva-da-0-a-4-chiller product_cat-tipo-di-applicazione-pannello product_cat-porte-per-celle-frigorifere-cerniera product_tag-porte-celle-frigorifere-cerniera has-post-thumbnail shipping-taxable product-type-simple\" data-loop=\"2\" data-id=\"23048\">\n\t\n\t\n<div class=\"product-wrapper\">\n\t<div class=\"product-element-top wd-quick-shop\">\n\t\t<a href=\"https:\/\/www.mivsrl.com\/it\/prodotto\/porta-frigorifera-industriale-su-cerniera-per-temperatura-positiva-200n\/\" class=\"product-image-link\">\n\t\t\t<img decoding=\"async\" width=\"1024\" height=\"1024\" src=\"https:\/\/www.mivsrl.com\/wp-content\/themes\/woodmart\/images\/lazy.png\" class=\"attachment-large size-large wp-image-23007 wd-lazy-load wd-lazy-fade\" alt=\"porta-frigorifera-industriale-180-N\" srcset=\"\" sizes=\"(max-width: 1024px) 100vw, 1024px\" data-wood-src=\"https:\/\/www.mivsrl.com\/wp-content\/uploads\/2023\/04\/porta-frigorifera-industriale-180-N-1024x1024.webp\" data-srcset=\"https:\/\/www.mivsrl.com\/wp-content\/uploads\/2023\/04\/porta-frigorifera-industriale-180-N-1024x1024.webp 1024w, https:\/\/www.mivsrl.com\/wp-content\/uploads\/2023\/04\/porta-frigorifera-industriale-180-N-300x300.webp 300w, https:\/\/www.mivsrl.com\/wp-content\/uploads\/2023\/04\/porta-frigorifera-industriale-180-N-150x150.webp 150w, https:\/\/www.mivsrl.com\/wp-content\/uploads\/2023\/04\/porta-frigorifera-industriale-180-N-600x600.webp 600w, https:\/\/www.mivsrl.com\/wp-content\/uploads\/2023\/04\/porta-frigorifera-industriale-180-N-768x768.webp 768w, https:\/\/www.mivsrl.com\/wp-content\/uploads\/2023\/04\/porta-frigorifera-industriale-180-N.webp 1200w\" \/>\t\t<\/a>\n\t\t\t\t\t<div class=\"hover-img\">\n\t\t\t\t<a href=\"https:\/\/www.mivsrl.com\/it\/prodotto\/porta-frigorifera-industriale-su-cerniera-per-temperatura-positiva-200n\/\">\n\t\t\t\t\t<img loading=\"lazy\" decoding=\"async\" width=\"1024\" height=\"768\" src=\"https:\/\/www.mivsrl.com\/wp-content\/themes\/woodmart\/images\/lazy.png\" class=\"attachment-large size-large wp-image-23009 wd-lazy-load wd-lazy-fade\" alt=\"porta-frigorifera-industriale-180-N\" srcset=\"\" sizes=\"(max-width: 1024px) 100vw, 1024px\" data-wood-src=\"https:\/\/www.mivsrl.com\/wp-content\/uploads\/2023\/04\/porta-frigorifera-industriale-180-N-MANIGLIA-1024x768.webp\" data-srcset=\"https:\/\/www.mivsrl.com\/wp-content\/uploads\/2023\/04\/porta-frigorifera-industriale-180-N-MANIGLIA-1024x768.webp 1024w, https:\/\/www.mivsrl.com\/wp-content\/uploads\/2023\/04\/porta-frigorifera-industriale-180-N-MANIGLIA-150x113.webp 150w, https:\/\/www.mivsrl.com\/wp-content\/uploads\/2023\/04\/porta-frigorifera-industriale-180-N-MANIGLIA-600x450.webp 600w, https:\/\/www.mivsrl.com\/wp-content\/uploads\/2023\/04\/porta-frigorifera-industriale-180-N-MANIGLIA-300x225.webp 300w, https:\/\/www.mivsrl.com\/wp-content\/uploads\/2023\/04\/porta-frigorifera-industriale-180-N-MANIGLIA-768x576.webp 768w, https:\/\/www.mivsrl.com\/wp-content\/uploads\/2023\/04\/porta-frigorifera-industriale-180-N-MANIGLIA.webp 1200w\" \/>\t\t\t\t<\/a>\n\t\t\t<\/div>\n\t\t\t\t\t<div class=\"wd-buttons wd-pos-r-t\">\n\t\t\t\t\t\t\t\t<div class=\"quick-view wd-action-btn wd-style-icon wd-quick-view-icon\">\n\t\t\t<a\n\t\t\t\thref=\"https:\/\/www.mivsrl.com\/it\/prodotto\/porta-frigorifera-industriale-su-cerniera-per-temperatura-positiva-200n\/\"\n\t\t\t\tclass=\"open-quick-view quick-view-button\"\n\t\t\t\trel=\"nofollow\"\n\t\t\t\tdata-id=\"23048\"\n\t\t\t\t>Quick view<\/a>\n\t\t<\/div>\n\t\t\t\t\t\t\t<\/div>\n\t<\/div>\n\n\t\t\t<h3 class=\"wd-entities-title\"><a href=\"https:\/\/www.mivsrl.com\/it\/prodotto\/porta-frigorifera-industriale-su-cerniera-per-temperatura-positiva-200n\/\">PORTA FRIGORIFERA INDUSTRIALE SU CERNIERA PER TEMPERATURA POSITIVA 200N<\/a><\/h3>\t\t\t\t<div class=\"wd-product-cats\">\n\t\t\t<a href=\"https:\/\/www.mivsrl.com\/it\/categoria-prodotto\/porte\/porte-per-celle-frigorifere-cerniera\/\" rel=\"tag\">Porte per celle frigorifere Cerniera<\/a>, <a href=\"https:\/\/www.mivsrl.com\/it\/categoria-prodotto\/porte\/porte-per-celle-frigorifere-cerniera\/porte-temperatura-positiva-da-0-a-4-chiller\/\" rel=\"tag\">Porte temperatura positiva da 0 a +4\u00b0C Chiller<\/a>, <a href=\"https:\/\/www.mivsrl.com\/it\/categoria-prodotto\/porte\/porte-per-celle-frigorifere-cerniera\/porte-temperatura-positiva-da-0-a-4-chiller\/tipo-di-applicazione-pannello\/\" rel=\"tag\">Tipo di applicazione pannello<\/a>, <a href=\"https:\/\/www.mivsrl.com\/it\/categoria-prodotto\/porte\/\" rel=\"tag\">Porte<\/a>\t\t<\/div>\n\t\t\t\t<div class=\"wrap-price\">\n\t\t\t<div class=\"swap-wrapp\">\n\t\t\t\t<div class=\"swap-elements\">\n\t\t\t\t\t\t\t\t\t\t\n\t\t\t\t\t<div class=\"wd-add-btn\">\n\t\t\t\t\t\t\t\t\t\t\t<\/div>\n\t\t\t\t<\/div>\n\t\t\t<\/div>\n\t\t\t\t\t<\/div>\n\n\t\t\n\t\t\n\t\t\t<\/div><\/div>\n\t\t\n\t\t\t\t<\/div>\n\t\n\t\t\n\t\t\n\t\t\t\t\t<\/div>\n\t\t\n\t\t\t\t\t\t<\/div>\n\t\t\t\t<\/div>\n\t\t\t\t\t<\/div>\n\t\t<\/div>\n\t\t\t\t\t<\/div>\n\t\t<\/section>\n\t\t\t\t<section class=\"wd-negative-gap elementor-section elementor-top-section elementor-element elementor-element-f17b3c0 elementor-section-boxed elementor-section-height-default elementor-section-height-default wd-section-disabled\" data-id=\"f17b3c0\" data-element_type=\"section\" data-e-type=\"section\">\n\t\t\t\t\t\t<div class=\"elementor-container elementor-column-gap-default\">\n\t\t\t\t\t<div class=\"elementor-column elementor-col-100 elementor-top-column elementor-element elementor-element-850e255\" data-id=\"850e255\" data-element_type=\"column\" data-e-type=\"column\">\n\t\t\t<div class=\"elementor-widget-wrap elementor-element-populated\">\n\t\t\t\t\t\t<div class=\"elementor-element elementor-element-503a868 color-scheme-inherit text-left elementor-widget elementor-widget-text-editor\" data-id=\"503a868\" data-element_type=\"widget\" data-e-type=\"widget\" data-widget_type=\"text-editor.default\">\n\t\t\t\t<div class=\"elementor-widget-container\">\n\t\t\t\t\t\t\t\t\t<h3>Informazioni di contatto per porte da cella frigorifera.<\/h3><p>Per ulteriori informazioni, scrivici tramite il nostro <a href=\"https:\/\/www.mivsrl.com\/cold-room-door-contacts\/\">modulo di contatto<\/a>.<br \/>Contatto WhatsApp: <a href=\"https:\/\/api.whatsapp.com\/message\/BWKLO7GYVGFDK1\">https:\/\/api.whatsapp.com\/message\/BWKLO7GYVGFDK1<\/a><br \/>Pagina Facebook: <a href=\"https:\/\/www.facebook.com\/mivrefrigeration\">https:\/\/www.facebook.com\/mivrefrigeration<\/a><br \/>Pagina LinkedIn: <a href=\"https:\/\/www.linkedin.com\/company\/mivinsulatingsystems\/mycompany\/?viewAsMember=true\">linkedin.com\/company\/mivinsulatingsystems<\/a><\/p>\t\t\t\t\t\t\t\t<\/div>\n\t\t\t\t<\/div>\n\t\t\t\t\t<\/div>\n\t\t<\/div>\n\t\t\t\t\t<\/div>\n\t\t<\/section>\n\t\t\t\t<\/div>\n\t\t","protected":false},"excerpt":{"rendered":"<p>Catena del freddo e logistica alimentare La catena del freddo \u00e8 il cuore pulsante della logistica alimentare e farmaceutica moderna.<\/p>\n","protected":false},"author":1,"featured_media":44662,"comment_status":"closed","ping_status":"closed","sticky":false,"template":"","format":"standard","meta":{"footnotes":""},"categories":[319],"tags":[327,779],"class_list":["post-44616","post","type-post","status-publish","format-standard","has-post-thumbnail","hentry","category-conservazione-degli-alimenti","tag-porte-per-celle-frigorifere","tag-catena-del-freddo-senza-interruzioni"],"yoast_head":"<!-- This site is optimized with the Yoast SEO plugin v27.4 - https:\/\/yoast.com\/product\/yoast-seo-wordpress\/ -->\n<title>Catena del freddo senza interruzioni: il ruolo strategico delle porte per celle frigorifere - Miv Insulating Systems<\/title>\n<meta name=\"description\" content=\"Catena del freddo senza interruzioni: il ruolo strategico delle porte per celle frigorifere\" \/>\n<meta name=\"robots\" content=\"index, follow, max-snippet:-1, max-image-preview:large, max-video-preview:-1\" \/>\n<link rel=\"canonical\" href=\"https:\/\/www.mivsrl.com\/it\/catena-del-freddo-senza-interruzioni-il-ruolo-strategico-delle-porte-per-celle-frigorifere\/\" \/>\n<meta property=\"og:locale\" content=\"it_IT\" \/>\n<meta property=\"og:type\" content=\"article\" \/>\n<meta property=\"og:title\" content=\"Catena del freddo senza interruzioni: il ruolo strategico delle porte per celle frigorifere - Miv Insulating Systems\" \/>\n<meta property=\"og:description\" content=\"Catena del freddo senza interruzioni: il ruolo strategico delle porte per celle frigorifere\" \/>\n<meta property=\"og:url\" content=\"https:\/\/www.mivsrl.com\/it\/catena-del-freddo-senza-interruzioni-il-ruolo-strategico-delle-porte-per-celle-frigorifere\/\" \/>\n<meta property=\"og:site_name\" content=\"Miv Insulating Systems\" \/>\n<meta property=\"article:publisher\" content=\"https:\/\/www.facebook.com\/mivrefrigeration\" \/>\n<meta property=\"article:published_time\" content=\"2026-04-23T07:03:28+00:00\" \/>\n<meta property=\"og:image\" content=\"https:\/\/www.mivsrl.com\/wp-content\/uploads\/2026\/04\/porta-per-celle-frigorifere-catena-del-freddo.webp\" \/>\n\t<meta property=\"og:image:width\" content=\"1024\" \/>\n\t<meta property=\"og:image:height\" content=\"1024\" \/>\n\t<meta property=\"og:image:type\" content=\"image\/webp\" \/>\n<meta name=\"author\" content=\"Miv srl\" \/>\n<meta name=\"twitter:card\" content=\"summary_large_image\" \/>\n<meta name=\"twitter:label1\" content=\"Scritto da\" \/>\n\t<meta name=\"twitter:data1\" content=\"Miv srl\" \/>\n\t<meta name=\"twitter:label2\" content=\"Tempo di lettura stimato\" \/>\n\t<meta name=\"twitter:data2\" content=\"5 minuti\" \/>\n<script type=\"application\/ld+json\" class=\"yoast-schema-graph\">{\"@context\":\"https:\\\/\\\/schema.org\",\"@graph\":[{\"@type\":\"Article\",\"@id\":\"https:\\\/\\\/www.mivsrl.com\\\/it\\\/catena-del-freddo-senza-interruzioni-il-ruolo-strategico-delle-porte-per-celle-frigorifere\\\/#article\",\"isPartOf\":{\"@id\":\"https:\\\/\\\/www.mivsrl.com\\\/it\\\/catena-del-freddo-senza-interruzioni-il-ruolo-strategico-delle-porte-per-celle-frigorifere\\\/\"},\"author\":{\"name\":\"Miv srl\",\"@id\":\"https:\\\/\\\/www.mivsrl.com\\\/it\\\/#\\\/schema\\\/person\\\/8154812948a91d51492f3e4a37c9ef70\"},\"headline\":\"Catena del freddo senza interruzioni: il ruolo strategico delle porte per celle frigorifere\",\"datePublished\":\"2026-04-23T07:03:28+00:00\",\"mainEntityOfPage\":{\"@id\":\"https:\\\/\\\/www.mivsrl.com\\\/it\\\/catena-del-freddo-senza-interruzioni-il-ruolo-strategico-delle-porte-per-celle-frigorifere\\\/\"},\"wordCount\":875,\"image\":{\"@id\":\"https:\\\/\\\/www.mivsrl.com\\\/it\\\/catena-del-freddo-senza-interruzioni-il-ruolo-strategico-delle-porte-per-celle-frigorifere\\\/#primaryimage\"},\"thumbnailUrl\":\"https:\\\/\\\/www.mivsrl.com\\\/wp-content\\\/uploads\\\/2026\\\/04\\\/porta-per-celle-frigorifere-catena-del-freddo.webp\",\"keywords\":[\"porte per celle frigorifere\",\"Catena del freddo senza interruzioni\"],\"articleSection\":[\"Conservazione degli alimenti\"],\"inLanguage\":\"it-IT\"},{\"@type\":\"WebPage\",\"@id\":\"https:\\\/\\\/www.mivsrl.com\\\/it\\\/catena-del-freddo-senza-interruzioni-il-ruolo-strategico-delle-porte-per-celle-frigorifere\\\/\",\"url\":\"https:\\\/\\\/www.mivsrl.com\\\/it\\\/catena-del-freddo-senza-interruzioni-il-ruolo-strategico-delle-porte-per-celle-frigorifere\\\/\",\"name\":\"Catena del freddo senza interruzioni: il ruolo strategico delle porte per celle frigorifere - Miv Insulating Systems\",\"isPartOf\":{\"@id\":\"https:\\\/\\\/www.mivsrl.com\\\/it\\\/#website\"},\"primaryImageOfPage\":{\"@id\":\"https:\\\/\\\/www.mivsrl.com\\\/it\\\/catena-del-freddo-senza-interruzioni-il-ruolo-strategico-delle-porte-per-celle-frigorifere\\\/#primaryimage\"},\"image\":{\"@id\":\"https:\\\/\\\/www.mivsrl.com\\\/it\\\/catena-del-freddo-senza-interruzioni-il-ruolo-strategico-delle-porte-per-celle-frigorifere\\\/#primaryimage\"},\"thumbnailUrl\":\"https:\\\/\\\/www.mivsrl.com\\\/wp-content\\\/uploads\\\/2026\\\/04\\\/porta-per-celle-frigorifere-catena-del-freddo.webp\",\"datePublished\":\"2026-04-23T07:03:28+00:00\",\"author\":{\"@id\":\"https:\\\/\\\/www.mivsrl.com\\\/it\\\/#\\\/schema\\\/person\\\/8154812948a91d51492f3e4a37c9ef70\"},\"description\":\"Catena del freddo senza interruzioni: il ruolo strategico delle porte per celle frigorifere\",\"breadcrumb\":{\"@id\":\"https:\\\/\\\/www.mivsrl.com\\\/it\\\/catena-del-freddo-senza-interruzioni-il-ruolo-strategico-delle-porte-per-celle-frigorifere\\\/#breadcrumb\"},\"inLanguage\":\"it-IT\",\"potentialAction\":[{\"@type\":\"ReadAction\",\"target\":[\"https:\\\/\\\/www.mivsrl.com\\\/it\\\/catena-del-freddo-senza-interruzioni-il-ruolo-strategico-delle-porte-per-celle-frigorifere\\\/\"]}]},{\"@type\":\"ImageObject\",\"inLanguage\":\"it-IT\",\"@id\":\"https:\\\/\\\/www.mivsrl.com\\\/it\\\/catena-del-freddo-senza-interruzioni-il-ruolo-strategico-delle-porte-per-celle-frigorifere\\\/#primaryimage\",\"url\":\"https:\\\/\\\/www.mivsrl.com\\\/wp-content\\\/uploads\\\/2026\\\/04\\\/porta-per-celle-frigorifere-catena-del-freddo.webp\",\"contentUrl\":\"https:\\\/\\\/www.mivsrl.com\\\/wp-content\\\/uploads\\\/2026\\\/04\\\/porta-per-celle-frigorifere-catena-del-freddo.webp\",\"width\":1024,\"height\":1024},{\"@type\":\"BreadcrumbList\",\"@id\":\"https:\\\/\\\/www.mivsrl.com\\\/it\\\/catena-del-freddo-senza-interruzioni-il-ruolo-strategico-delle-porte-per-celle-frigorifere\\\/#breadcrumb\",\"itemListElement\":[{\"@type\":\"ListItem\",\"position\":1,\"name\":\"Home\",\"item\":\"https:\\\/\\\/www.mivsrl.com\\\/it\\\/\"},{\"@type\":\"ListItem\",\"position\":2,\"name\":\"Catena del freddo senza interruzioni: il ruolo strategico delle porte per celle frigorifere\"}]},{\"@type\":\"WebSite\",\"@id\":\"https:\\\/\\\/www.mivsrl.com\\\/it\\\/#website\",\"url\":\"https:\\\/\\\/www.mivsrl.com\\\/it\\\/\",\"name\":\"Miv Insulating Systems\",\"description\":\"Produzione di porte e accessori per celle frigorifere\",\"potentialAction\":[{\"@type\":\"SearchAction\",\"target\":{\"@type\":\"EntryPoint\",\"urlTemplate\":\"https:\\\/\\\/www.mivsrl.com\\\/it\\\/?s={search_term_string}\"},\"query-input\":{\"@type\":\"PropertyValueSpecification\",\"valueRequired\":true,\"valueName\":\"search_term_string\"}}],\"inLanguage\":\"it-IT\"},{\"@type\":\"Person\",\"@id\":\"https:\\\/\\\/www.mivsrl.com\\\/it\\\/#\\\/schema\\\/person\\\/8154812948a91d51492f3e4a37c9ef70\",\"name\":\"Miv srl\",\"image\":{\"@type\":\"ImageObject\",\"inLanguage\":\"it-IT\",\"@id\":\"https:\\\/\\\/secure.gravatar.com\\\/avatar\\\/f8f9b8d309b2fe0638a69c52e43af3a71aee5bd3880b767b71bcac00c2aaa532?s=96&d=mm&r=g\",\"url\":\"https:\\\/\\\/secure.gravatar.com\\\/avatar\\\/f8f9b8d309b2fe0638a69c52e43af3a71aee5bd3880b767b71bcac00c2aaa532?s=96&d=mm&r=g\",\"contentUrl\":\"https:\\\/\\\/secure.gravatar.com\\\/avatar\\\/f8f9b8d309b2fe0638a69c52e43af3a71aee5bd3880b767b71bcac00c2aaa532?s=96&d=mm&r=g\",\"caption\":\"Miv srl\"},\"sameAs\":[\"https:\\\/\\\/www.mivsrl.com\"],\"url\":\"https:\\\/\\\/www.mivsrl.com\\\/it\\\/author\\\/produzione-di-porte-e-accessori-per-celle-frigorif\\\/\"}]}<\/script>\n<!-- \/ Yoast SEO plugin. -->","yoast_head_json":{"title":"Catena del freddo senza interruzioni: il ruolo strategico delle porte per celle frigorifere - Miv Insulating Systems","description":"Catena del freddo senza interruzioni: il ruolo strategico delle porte per celle frigorifere","robots":{"index":"index","follow":"follow","max-snippet":"max-snippet:-1","max-image-preview":"max-image-preview:large","max-video-preview":"max-video-preview:-1"},"canonical":"https:\/\/www.mivsrl.com\/it\/catena-del-freddo-senza-interruzioni-il-ruolo-strategico-delle-porte-per-celle-frigorifere\/","og_locale":"it_IT","og_type":"article","og_title":"Catena del freddo senza interruzioni: il ruolo strategico delle porte per celle frigorifere - Miv Insulating Systems","og_description":"Catena del freddo senza interruzioni: il ruolo strategico delle porte per celle frigorifere","og_url":"https:\/\/www.mivsrl.com\/it\/catena-del-freddo-senza-interruzioni-il-ruolo-strategico-delle-porte-per-celle-frigorifere\/","og_site_name":"Miv Insulating Systems","article_publisher":"https:\/\/www.facebook.com\/mivrefrigeration","article_published_time":"2026-04-23T07:03:28+00:00","og_image":[{"width":1024,"height":1024,"url":"https:\/\/www.mivsrl.com\/wp-content\/uploads\/2026\/04\/porta-per-celle-frigorifere-catena-del-freddo.webp","type":"image\/webp"}],"author":"Miv srl","twitter_card":"summary_large_image","twitter_misc":{"Scritto da":"Miv srl","Tempo di lettura stimato":"5 minuti"},"schema":{"@context":"https:\/\/schema.org","@graph":[{"@type":"Article","@id":"https:\/\/www.mivsrl.com\/it\/catena-del-freddo-senza-interruzioni-il-ruolo-strategico-delle-porte-per-celle-frigorifere\/#article","isPartOf":{"@id":"https:\/\/www.mivsrl.com\/it\/catena-del-freddo-senza-interruzioni-il-ruolo-strategico-delle-porte-per-celle-frigorifere\/"},"author":{"name":"Miv srl","@id":"https:\/\/www.mivsrl.com\/it\/#\/schema\/person\/8154812948a91d51492f3e4a37c9ef70"},"headline":"Catena del freddo senza interruzioni: il ruolo strategico delle porte per celle frigorifere","datePublished":"2026-04-23T07:03:28+00:00","mainEntityOfPage":{"@id":"https:\/\/www.mivsrl.com\/it\/catena-del-freddo-senza-interruzioni-il-ruolo-strategico-delle-porte-per-celle-frigorifere\/"},"wordCount":875,"image":{"@id":"https:\/\/www.mivsrl.com\/it\/catena-del-freddo-senza-interruzioni-il-ruolo-strategico-delle-porte-per-celle-frigorifere\/#primaryimage"},"thumbnailUrl":"https:\/\/www.mivsrl.com\/wp-content\/uploads\/2026\/04\/porta-per-celle-frigorifere-catena-del-freddo.webp","keywords":["porte per celle frigorifere","Catena del freddo senza interruzioni"],"articleSection":["Conservazione degli alimenti"],"inLanguage":"it-IT"},{"@type":"WebPage","@id":"https:\/\/www.mivsrl.com\/it\/catena-del-freddo-senza-interruzioni-il-ruolo-strategico-delle-porte-per-celle-frigorifere\/","url":"https:\/\/www.mivsrl.com\/it\/catena-del-freddo-senza-interruzioni-il-ruolo-strategico-delle-porte-per-celle-frigorifere\/","name":"Catena del freddo senza interruzioni: il ruolo strategico delle porte per celle frigorifere - Miv Insulating Systems","isPartOf":{"@id":"https:\/\/www.mivsrl.com\/it\/#website"},"primaryImageOfPage":{"@id":"https:\/\/www.mivsrl.com\/it\/catena-del-freddo-senza-interruzioni-il-ruolo-strategico-delle-porte-per-celle-frigorifere\/#primaryimage"},"image":{"@id":"https:\/\/www.mivsrl.com\/it\/catena-del-freddo-senza-interruzioni-il-ruolo-strategico-delle-porte-per-celle-frigorifere\/#primaryimage"},"thumbnailUrl":"https:\/\/www.mivsrl.com\/wp-content\/uploads\/2026\/04\/porta-per-celle-frigorifere-catena-del-freddo.webp","datePublished":"2026-04-23T07:03:28+00:00","author":{"@id":"https:\/\/www.mivsrl.com\/it\/#\/schema\/person\/8154812948a91d51492f3e4a37c9ef70"},"description":"Catena del freddo senza interruzioni: il ruolo strategico delle porte per celle frigorifere","breadcrumb":{"@id":"https:\/\/www.mivsrl.com\/it\/catena-del-freddo-senza-interruzioni-il-ruolo-strategico-delle-porte-per-celle-frigorifere\/#breadcrumb"},"inLanguage":"it-IT","potentialAction":[{"@type":"ReadAction","target":["https:\/\/www.mivsrl.com\/it\/catena-del-freddo-senza-interruzioni-il-ruolo-strategico-delle-porte-per-celle-frigorifere\/"]}]},{"@type":"ImageObject","inLanguage":"it-IT","@id":"https:\/\/www.mivsrl.com\/it\/catena-del-freddo-senza-interruzioni-il-ruolo-strategico-delle-porte-per-celle-frigorifere\/#primaryimage","url":"https:\/\/www.mivsrl.com\/wp-content\/uploads\/2026\/04\/porta-per-celle-frigorifere-catena-del-freddo.webp","contentUrl":"https:\/\/www.mivsrl.com\/wp-content\/uploads\/2026\/04\/porta-per-celle-frigorifere-catena-del-freddo.webp","width":1024,"height":1024},{"@type":"BreadcrumbList","@id":"https:\/\/www.mivsrl.com\/it\/catena-del-freddo-senza-interruzioni-il-ruolo-strategico-delle-porte-per-celle-frigorifere\/#breadcrumb","itemListElement":[{"@type":"ListItem","position":1,"name":"Home","item":"https:\/\/www.mivsrl.com\/it\/"},{"@type":"ListItem","position":2,"name":"Catena del freddo senza interruzioni: il ruolo strategico delle porte per celle frigorifere"}]},{"@type":"WebSite","@id":"https:\/\/www.mivsrl.com\/it\/#website","url":"https:\/\/www.mivsrl.com\/it\/","name":"Miv Insulating Systems","description":"Produzione di porte e accessori per celle frigorifere","potentialAction":[{"@type":"SearchAction","target":{"@type":"EntryPoint","urlTemplate":"https:\/\/www.mivsrl.com\/it\/?s={search_term_string}"},"query-input":{"@type":"PropertyValueSpecification","valueRequired":true,"valueName":"search_term_string"}}],"inLanguage":"it-IT"},{"@type":"Person","@id":"https:\/\/www.mivsrl.com\/it\/#\/schema\/person\/8154812948a91d51492f3e4a37c9ef70","name":"Miv srl","image":{"@type":"ImageObject","inLanguage":"it-IT","@id":"https:\/\/secure.gravatar.com\/avatar\/f8f9b8d309b2fe0638a69c52e43af3a71aee5bd3880b767b71bcac00c2aaa532?s=96&d=mm&r=g","url":"https:\/\/secure.gravatar.com\/avatar\/f8f9b8d309b2fe0638a69c52e43af3a71aee5bd3880b767b71bcac00c2aaa532?s=96&d=mm&r=g","contentUrl":"https:\/\/secure.gravatar.com\/avatar\/f8f9b8d309b2fe0638a69c52e43af3a71aee5bd3880b767b71bcac00c2aaa532?s=96&d=mm&r=g","caption":"Miv srl"},"sameAs":["https:\/\/www.mivsrl.com"],"url":"https:\/\/www.mivsrl.com\/it\/author\/produzione-di-porte-e-accessori-per-celle-frigorif\/"}]}},"_links":{"self":[{"href":"https:\/\/www.mivsrl.com\/it\/wp-json\/wp\/v2\/posts\/44616","targetHints":{"allow":["GET"]}}],"collection":[{"href":"https:\/\/www.mivsrl.com\/it\/wp-json\/wp\/v2\/posts"}],"about":[{"href":"https:\/\/www.mivsrl.com\/it\/wp-json\/wp\/v2\/types\/post"}],"author":[{"embeddable":true,"href":"https:\/\/www.mivsrl.com\/it\/wp-json\/wp\/v2\/users\/1"}],"replies":[{"embeddable":true,"href":"https:\/\/www.mivsrl.com\/it\/wp-json\/wp\/v2\/comments?post=44616"}],"version-history":[{"count":0,"href":"https:\/\/www.mivsrl.com\/it\/wp-json\/wp\/v2\/posts\/44616\/revisions"}],"wp:featuredmedia":[{"embeddable":true,"href":"https:\/\/www.mivsrl.com\/it\/wp-json\/wp\/v2\/media\/44662"}],"wp:attachment":[{"href":"https:\/\/www.mivsrl.com\/it\/wp-json\/wp\/v2\/media?parent=44616"}],"wp:term":[{"taxonomy":"category","embeddable":true,"href":"https:\/\/www.mivsrl.com\/it\/wp-json\/wp\/v2\/categories?post=44616"},{"taxonomy":"post_tag","embeddable":true,"href":"https:\/\/www.mivsrl.com\/it\/wp-json\/wp\/v2\/tags?post=44616"}],"curies":[{"name":"wp","href":"https:\/\/api.w.org\/{rel}","templated":true}]}}